{"id":100082,"date":"2023-06-17T08:21:06","date_gmt":"2023-06-17T08:21:06","guid":{"rendered":"https:\/\/haberulus.net\/?p=100082"},"modified":"2023-06-17T08:21:06","modified_gmt":"2023-06-17T08:21:06","slug":"biden-tuhaf-sozleriyle-yine-kafalari-karistirdi-neyden-bahsettigine-dair-bir-fikrimiz-yok","status":"publish","type":"post","link":"https:\/\/haberulus.net\/?p=100082","title":{"rendered":"Biden tuhaf s\u00f6zleriyle yine kafalar\u0131 kar\u0131\u015ft\u0131rd\u0131: \u2018Neyden bahsetti\u011fine dair bir fikrimiz yok\u2019"},"content":{"rendered":"<p>ABD&#8217;nin en ya\u015fl\u0131 ba\u015fkan\u0131 olan 80 ya\u015f\u0131ndaki Joe Biden, d\u00fcnk\u00fc konu\u015fmas\u0131nda yapt\u0131\u011f\u0131 ilgin\u00e7 \u00e7\u0131k\u0131\u015fla yeni bir tart\u0131\u015fma ba\u015flatt\u0131.<\/p>\n<p>Connecticut eyaletindeki Hartford \u00dcniversitesi\u2019nde d\u00fczenlenen Daha G\u00fcvenli Topluluklar Ulusal Zirvesi&#8217;nde artan silahl\u0131 \u015fiddet olaylar\u0131yla ilgili konu\u015fan Biden, ge\u00e7en y\u0131l Demokrat Parti ve Cumhuriyet\u00e7i Parti&#8217;nin uzla\u015farak kabul etti\u011fi silah kontrol\u00fc yasas\u0131n\u0131n son 30 y\u0131lda at\u0131lan en \u00f6nemli ad\u0131mlardan biri oldu\u011funu s\u00f6yledi. Silah end\u00fcstrisinin tek amac\u0131n\u0131n k\u00e2r etmek oldu\u011funu kaydeden Biden, \u201cSilah end\u00fcstrisini yenece\u011fiz\u201d ifadesini kulland\u0131.<\/p>\n<p><strong>TWITTER\u2019DA ALAY KONUSU OLDU<\/strong><\/p>\n<p>Gaflar\u0131yla \u00fcnl\u00fc ABD Ba\u015fkan\u0131&#8217;n\u0131n konu\u015fmas\u0131n\u0131n sonunda \u201cTanr\u0131 Krali\u00e7eyi korusun\u201d diyerek k\u00fcrs\u00fcden inmesiyle dinleyiciler \u015fa\u015fk\u0131n bak\u0131\u015flarla birbirlerine bakmaya ba\u015flad\u0131. Biden konu\u015fmas\u0131n\u0131 bitirirken \u201cTamam m\u0131? Tanr\u0131 Krali\u00e7eyi korusun dostum\u201d derken bir\u00e7ok ki\u015fi ba\u015fkan\u0131n kimi kastetti\u011fini anlayamad\u0131.<\/p>\n<p>Ba\u015fkan, k\u00fcrs\u00fcden inerken hangi taraftan inece\u011fini de kar\u0131\u015ft\u0131rd\u0131, bir g\u00f6revlinin yard\u0131m\u0131yla yerine d\u00f6nd\u00fc.<\/p>\n<p>Biden&#8217;\u0131n ge\u00e7en sene 96 ya\u015f\u0131nda \u00f6len \u0130ngiltere Krali\u00e7esi 2. Elizabeth&#8217;i kastetmi\u015f olabilece\u011fi belirtildi ama bunu neden yapt\u0131\u011f\u0131 anla\u015f\u0131lamad\u0131.<\/p>\n<p>Twitter&#8217;da \u201cGod Save The Queen\u201d etiketiyle tart\u0131\u015fma ba\u015flarken bir\u00e7ok kullan\u0131c\u0131 ba\u015fkan\u0131n ak\u0131l sa\u011fl\u0131\u011f\u0131n\u0131n pek de yerinde olmad\u0131\u011f\u0131n\u0131 savundu. Dallas Morning News&#8217;in Beyaz Saray muhabiri Todd Gillman, Biden&#8217;\u0131n konu\u015fmalar\u0131n\u0131 yak\u0131ndan takip eden gazetecilerin de bu s\u00f6zlere anlam veremedi\u011fini belirterek \u201cNeyden bahsetti\u011fine dair hi\u00e7bir fikrimiz yok\u201d dedi.<\/p>\n<p><strong>TAL\u0130MAT L\u0130STES\u0130 \u00c7OK KONU\u015eULMU\u015eTU<\/strong><\/p>\n<p>\u0130leri ya\u015f\u0131 nedeniyle partisinde de deste\u011fi azalan Biden, 2024 ba\u015fkanl\u0131k se\u00e7imlerine aday olmay\u0131 d\u00fc\u015f\u00fcnd\u00fc\u011f\u00fcn\u00fc a\u00e7\u0131klam\u0131\u015ft\u0131.<\/p>\n<p>ABD Ba\u015fkan\u0131\u2019n\u0131n ge\u00e7en sene bir toplant\u0131da Beyaz Saray yetkililerinin kendisine haz\u0131rlad\u0131\u011f\u0131 \u201ctalimat listesi\u201dni yanl\u0131\u015fl\u0131kla kameralara g\u00f6stermesi g\u00fcndem olmu\u015ftu. Biden\u2019\u0131n yanl\u0131\u015fl\u0131kla g\u00f6sterdi\u011fi ka\u011f\u0131t par\u00e7as\u0131nda, yapmas\u0131 gerekenlerin \u201cOturacaks\u0131n, 2 dakika brifing vereceksin, kat\u0131l\u0131mc\u0131lara te\u015fekk\u00fcr edeceksin, odadan \u00e7\u0131kacaks\u0131n\u201d diye madde madde yazd\u0131\u011f\u0131 g\u00f6r\u00fclm\u00fc\u015ft\u00fc.<\/p>\n","protected":false},"excerpt":{"rendered":"<p>S\u0131k s\u0131k d\u00fc\u015fmesiyle g\u00fcndem olan, gaflar\u0131yla ve dil s\u00fcr\u00e7meleriyle \u00fcnl\u00fc ABD Ba\u015fkan\u0131 Joe Biden&#8217;\u0131n d\u00fcn silah kontrol\u00fcyle ilgili yapt\u0131\u011f\u0131 konu\u015fmay\u0131 \u201cTanr\u0131 Krali\u00e7eyi korusun\u201d diyerek bitirmesi kafalar\u0131 kar\u0131\u015ft\u0131rd\u0131.<\/p>\n","protected":false},"author":1,"featured_media":100083,"comment_status":"closed","ping_status":"open","sticky":false,"template":"","format":"standard","meta":{"footnotes":""},"categories":[24],"tags":[40,261],"class_list":["post-100082","post","type-post","status-publish","format-standard","has-post-thumbnail","hentry","category-dunya","tag-baskani","tag-biden"],"_links":{"self":[{"href":"https:\/\/haberulus.net\/index.php?rest_route=\/wp\/v2\/posts\/100082","targetHints":{"allow":["GET"]}}],"collection":[{"href":"https:\/\/haberulus.net\/index.php?rest_route=\/wp\/v2\/posts"}],"about":[{"href":"https:\/\/haberulus.net\/index.php?rest_route=\/wp\/v2\/types\/post"}],"author":[{"embeddable":true,"href":"https:\/\/haberulus.net\/index.php?rest_route=\/wp\/v2\/users\/1"}],"replies":[{"embeddable":true,"href":"https:\/\/haberulus.net\/index.php?rest_route=%2Fwp%2Fv2%2Fcomments&post=100082"}],"version-history":[{"count":1,"href":"https:\/\/haberulus.net\/index.php?rest_route=\/wp\/v2\/posts\/100082\/revisions"}],"predecessor-version":[{"id":100084,"href":"https:\/\/haberulus.net\/index.php?rest_route=\/wp\/v2\/posts\/100082\/revisions\/100084"}],"wp:featuredmedia":[{"embeddable":true,"href":"https:\/\/haberulus.net\/index.php?rest_route=\/wp\/v2\/media\/100083"}],"wp:attachment":[{"href":"https:\/\/haberulus.net\/index.php?rest_route=%2Fwp%2Fv2%2Fmedia&parent=100082"}],"wp:term":[{"taxonomy":"category","embeddable":true,"href":"https:\/\/haberulus.net\/index.php?rest_route=%2Fwp%2Fv2%2Fcategories&post=100082"},{"taxonomy":"post_tag","embeddable":true,"href":"https:\/\/haberulus.net\/index.php?rest_route=%2Fwp%2Fv2%2Ftags&post=100082"}],"curies":[{"name":"wp","href":"https:\/\/api.w.org\/{rel}","templated":true}]}}