{"id":100112,"date":"2023-06-17T09:05:05","date_gmt":"2023-06-17T09:05:05","guid":{"rendered":"https:\/\/haberulus.net\/?p=100112"},"modified":"2023-06-17T09:05:05","modified_gmt":"2023-06-17T09:05:05","slug":"birkac-aylik-evliyken-kacirildi-9-yillik-esaretin-ardindan-esiyle-nikah-tazeledi","status":"publish","type":"post","link":"https:\/\/haberulus.net\/?p=100112","title":{"rendered":"Birka\u00e7 ayl\u0131k evliyken ka\u00e7\u0131r\u0131ld\u0131, 9 y\u0131ll\u0131k esaretin ard\u0131ndan e\u015fiyle nikah tazeledi"},"content":{"rendered":"<p>Musul kentine ba\u011fl\u0131 Sincar il\u00e7esinde ya\u015fayan Samiya Simo ve Dahil Hasan ile 2013&#8217;te evlendi ancak Samiya Simo evlili\u011finin \u00fczerinden birka\u00e7 ay ge\u00e7meden ter\u00f6r \u00f6rg\u00fct\u00fc I\u015e\u0130D taraf\u0131ndan esir al\u0131nd\u0131. E\u015fi Hasan da 9 y\u0131l boyunca Simo&#8217;nun kurtar\u0131laca\u011f\u0131 g\u00fcn\u00fc bekledi.<\/p>\n<p><img decoding=\"async\" src=\"https:\/\/i01.sozcucdn.com\/wp-content\/uploads\/2023\/06\/17\/ezidi2.jpg\" alt=\"\" title=\"\"><\/p>\n<p><strong>9 YIL SONRA I\u015e\u0130D\u2019\u0130N EL\u0130NDEN KURTULDU<\/strong><\/p>\n<p>Simo, ter\u00f6r \u00f6rg\u00fct\u00fc I\u015e\u0130D\u2019in elinde 9 y\u0131l esir tutulduktan sonra 3 Haziran 2023&#8217;te Irak K\u00fcrt B\u00f6lgesel Y\u00f6netimi (IKBY) Ba\u015fkan\u0131 Ne\u00e7irvan Barzani&#8217;nin giri\u015fimleriyle kurtar\u0131ld\u0131.<\/p>\n<p><img decoding=\"async\" src=\"https:\/\/i01.sozcucdn.com\/wp-content\/uploads\/2023\/06\/17\/ezidi3.jpg\" alt=\"\" title=\"\"><\/p>\n<p>Y\u0131llar sonra birbirine kavu\u015fan Ezidi \u00e7ift, Duhok&#8217;un Semel il\u00e7esinde nikah tazeledi ve yeniden d\u00fc\u011f\u00fcn yapt\u0131.<\/p>\n<p><img decoding=\"async\" src=\"https:\/\/i01.sozcucdn.com\/wp-content\/uploads\/2023\/06\/17\/ezidi1.jpg\" alt=\"\" title=\"\"><\/p>\n<p>Ezidilerin \u00e7o\u011funlukta ya\u015fad\u0131\u011f\u0131 Sincar\u2019a 3 A\u011fustos 2014\u2019te sald\u0131ran I\u015e\u0130D, aralar\u0131nda kad\u0131n ve \u00e7ocuklar\u0131n da bulundu\u011fu binlerce ki\u015fiyi ka\u00e7\u0131r\u0131p \u00f6ld\u00fcrm\u00fc\u015f veya elinde tuttu\u011fu b\u00f6lgelerde al\u0131koymu\u015ftu. (AA)<\/p>\n","protected":false},"excerpt":{"rendered":"<p>Ter\u00f6r \u00f6rg\u00fct\u00fc I\u015e\u0130D&#8217;in 9 y\u0131l \u00f6nce Irak&#8217;a ba\u011fl\u0131 Sincar&#8217;dan ka\u00e7\u0131rd\u0131\u011f\u0131 Ezidi Samiya Simo, \u00f6zg\u00fcrl\u00fc\u011f\u00fcne kavu\u015fmas\u0131n\u0131n ard\u0131ndan sadece bir ka\u00e7 ay evli kald\u0131\u011f\u0131 e\u015fiyle yeniden d\u00fcnya evine girdi.<\/p>\n","protected":false},"author":1,"featured_media":100113,"comment_status":"closed","ping_status":"open","sticky":false,"template":"","format":"standard","meta":{"footnotes":""},"categories":[33],"tags":[],"class_list":["post-100112","post","type-post","status-publish","format-standard","has-post-thumbnail","hentry","category-yasam"],"_links":{"self":[{"href":"https:\/\/haberulus.net\/index.php?rest_route=\/wp\/v2\/posts\/100112","targetHints":{"allow":["GET"]}}],"collection":[{"href":"https:\/\/haberulus.net\/index.php?rest_route=\/wp\/v2\/posts"}],"about":[{"href":"https:\/\/haberulus.net\/index.php?rest_route=\/wp\/v2\/types\/post"}],"author":[{"embeddable":true,"href":"https:\/\/haberulus.net\/index.php?rest_route=\/wp\/v2\/users\/1"}],"replies":[{"embeddable":true,"href":"https:\/\/haberulus.net\/index.php?rest_route=%2Fwp%2Fv2%2Fcomments&post=100112"}],"version-history":[{"count":1,"href":"https:\/\/haberulus.net\/index.php?rest_route=\/wp\/v2\/posts\/100112\/revisions"}],"predecessor-version":[{"id":100114,"href":"https:\/\/haberulus.net\/index.php?rest_route=\/wp\/v2\/posts\/100112\/revisions\/100114"}],"wp:featuredmedia":[{"embeddable":true,"href":"https:\/\/haberulus.net\/index.php?rest_route=\/wp\/v2\/media\/100113"}],"wp:attachment":[{"href":"https:\/\/haberulus.net\/index.php?rest_route=%2Fwp%2Fv2%2Fmedia&parent=100112"}],"wp:term":[{"taxonomy":"category","embeddable":true,"href":"https:\/\/haberulus.net\/index.php?rest_route=%2Fwp%2Fv2%2Fcategories&post=100112"},{"taxonomy":"post_tag","embeddable":true,"href":"https:\/\/haberulus.net\/index.php?rest_route=%2Fwp%2Fv2%2Ftags&post=100112"}],"curies":[{"name":"wp","href":"https:\/\/api.w.org\/{rel}","templated":true}]}}