{"id":100217,"date":"2023-06-17T12:05:09","date_gmt":"2023-06-17T12:05:09","guid":{"rendered":"https:\/\/haberulus.net\/?p=100217"},"modified":"2023-06-17T12:05:09","modified_gmt":"2023-06-17T12:05:09","slug":"almanyada-genclere-200-euroluk-kultur-karti","status":"publish","type":"post","link":"https:\/\/haberulus.net\/?p=100217","title":{"rendered":"Almanya\u2019da gen\u00e7lere 200 euroluk K\u00fclt\u00fcr Kart\u0131"},"content":{"rendered":"<p>Almanya\u2019da re\u015fit olan gen\u00e7lere h\u00fck\u00fcmetten har\u00e7l\u0131k geliyor. Bu y\u0131l 18 ya\u015f\u0131n\u0131 dolduran ya da dolduracak gen\u00e7lere 200 euro maddi destek sunuluyor, ama para olarak de\u011fil K\u00fclt\u00fcr Kart\u0131 (KulturPass) olarak.<\/p>\n<p>Deutsche Welle T\u00fcrk\u00e7e\u2019nin aktard\u0131\u011f\u0131 habere g\u00f6re, gen\u00e7ler bu karttaki 200 euroyla k\u00fclt\u00fcr-sanat etkinliklerine kat\u0131labilecek. \u00d6rne\u011fin m\u00fczeleri gezebilecek, sinema, tiyatro ya da konserlere gidebilecek.<\/p>\n<p>Kart\u0131n kapsam\u0131 bununla da s\u0131n\u0131rl\u0131 de\u011fil. Gen\u00e7ler karttaki 200 euro ile kitap ya da enstr\u00fcman sat\u0131n alabilecek. Ancak bu kart sadece gen\u00e7lerin bizzat gitti\u011fi etkinlik ya da d\u00fckkanda kullan\u0131labilecek.<\/p>\n<p><strong>100 M\u0130LYON EURO B\u00dcT\u00c7E<\/strong><\/p>\n<p>K\u00fclt\u00fcr Kart\u0131 ile ama\u00e7, uzun pandemi d\u00f6nemi sonras\u0131 hem gen\u00e7leri yeniden sosyal alana \u00e7ekmek, k\u00fclt\u00fcr ve sanata ilgilerini te\u015fvik etmek. Bunu yaparken yine pandemi d\u00f6neminde kan kaybeden yerel k\u00fclt\u00fcr ve sanat merkezlerini, sanat\u00e7\u0131lar\u0131, kitap\u00e7\u0131lar\u0131 ve bu alanda faaliyet y\u00fcr\u00fcten tekelle\u015fmemi\u015f kurumlar\u0131 yeniden canland\u0131rmak.<\/p>\n<p>14 Haziran\u2019da uygulamas\u0131 ba\u015flayan K\u00fclt\u00fcr Kart\u0131 \u015fimdilik bir pilot proje. Gen\u00e7ler i\u00e7in bu kart kapsam\u0131nda yakla\u015f\u0131k bir milyon 600 bin farkl\u0131 etkinlik mevcut.<\/p>\n<p>Gen\u00e7lerin K\u00fclt\u00fcr Kart\u0131 uygulamas\u0131ndan yararlanmak i\u00e7in yapmalar\u0131 gereken, aplikasyon ya da internet \u00fczerinden kimlik bilgilerini girerek kay\u0131t olmak. Almanya\u2019da ikametgah\u0131 bulunan, 2005 y\u0131l\u0131nda do\u011fan b\u00fct\u00fcn gen\u00e7ler bu haktan yararlanabilecek.<\/p>\n<p>K\u00fclt\u00fcr ve Medyadan Sorumlu Devlet Bakan\u0131 Claudia Roth, K\u00fclt\u00fcr Kart\u0131 i\u00e7in toplam 100 milyon euro b\u00fct\u00e7e ay\u0131rd\u0131. Bu rakam ilk a\u015famada kula\u011fa y\u00fcksek gelse de gen\u00e7lerin tamam\u0131n\u0131n karta ba\u015fvurmas\u0131 halinde 50 milyon euro daha b\u00fct\u00e7e ayr\u0131lmas\u0131 gerekecek.<\/p>\n<p><strong>D\u0130\u011eER AVRUPA \u00dcLKELER\u0130NDE DE VAR<\/strong><\/p>\n<p>Almanya gen\u00e7lere K\u00fclt\u00fcr Kart\u0131 pilot projesini hayata ge\u00e7irirken di\u011fer Avrupa \u00fclkelerini \u00f6rnek ald\u0131. \u00d6rne\u011fin \u0130talya\u2019da \u201c18app\u201d adl\u0131 uygulama ile 18 ya\u015f\u0131na girenlere 2016 y\u0131l\u0131ndan beri 500 euroluk k\u00fclt\u00fcr sanat \u00e7eki veriliyor. \u0130talya\u2019da iktidardaki a\u015f\u0131r\u0131 sa\u011fc\u0131 \u0130talya\u2019n\u0131n Karde\u015fleri partisinin lideri Ba\u015fbakan Giorgia Meloni, ge\u00e7en y\u0131l bu uygulamay\u0131 kald\u0131raca\u011f\u0131n\u0131 duyurdu ama sonras\u0131nda planlar\u0131n\u0131 \u015fimdilik kald\u0131rd\u0131.<\/p>\n<p>Fransa\u2019da ise 2021 y\u0131l\u0131ndan bu yana 18 ya\u015f\u0131na basanlara 300 euroluk bir b\u00fct\u00e7e ayr\u0131l\u0131yor. \u0130lk y\u0131l gen\u00e7ler bu b\u00fct\u00e7enin d\u00f6rtte \u00fc\u00e7\u00fcn\u00fc kitaplara harcad\u0131. Bunun \u00fc\u00e7te ikisini ise Japon Manga \u00e7izgi romanlar\u0131 olu\u015fturdu. Sinema ve tiyatrolar bu programdan neredeyse hi\u00e7 yararlanamad\u0131.<\/p>\n<p>\u0130spanya\u2019da ise ge\u00e7en y\u0131ldan itibaren 18 ya\u015f\u0131na basanlara 400 euroluk k\u00fclt\u00fcrel destek sunulmaya ba\u015fland\u0131. Gen\u00e7ler bu deste\u011fin yar\u0131s\u0131n\u0131 canl\u0131 etkinlikler i\u00e7in harcad\u0131.<\/p>\n","protected":false},"excerpt":{"rendered":"<p>Almanya&#8217;da bu y\u0131l 18 ya\u015f\u0131n\u0131 dolduran gen\u00e7lere 200 euro de\u011ferinde K\u00fclt\u00fcr Kart\u0131 verilmesine y\u00f6nelik uygulama ba\u015flad\u0131. Gen\u00e7ler kartla m\u00fcze, tiyatro, konser ya da sinemaya gidebilecek, kitap ve enstr\u00fcman sat\u0131n alabilecek.<\/p>\n","protected":false},"author":1,"featured_media":100218,"comment_status":"closed","ping_status":"open","sticky":false,"template":"","format":"standard","meta":{"footnotes":""},"categories":[24],"tags":[1153,3441,2320,2144,12543],"class_list":["post-100217","post","type-post","status-publish","format-standard","has-post-thumbnail","hentry","category-dunya","tag-euro","tag-gencler","tag-kart","tag-kultur","tag-kultur-karti"],"_links":{"self":[{"href":"https:\/\/haberulus.net\/index.php?rest_route=\/wp\/v2\/posts\/100217","targetHints":{"allow":["GET"]}}],"collection":[{"href":"https:\/\/haberulus.net\/index.php?rest_route=\/wp\/v2\/posts"}],"about":[{"href":"https:\/\/haberulus.net\/index.php?rest_route=\/wp\/v2\/types\/post"}],"author":[{"embeddable":true,"href":"https:\/\/haberulus.net\/index.php?rest_route=\/wp\/v2\/users\/1"}],"replies":[{"embeddable":true,"href":"https:\/\/haberulus.net\/index.php?rest_route=%2Fwp%2Fv2%2Fcomments&post=100217"}],"version-history":[{"count":1,"href":"https:\/\/haberulus.net\/index.php?rest_route=\/wp\/v2\/posts\/100217\/revisions"}],"predecessor-version":[{"id":100219,"href":"https:\/\/haberulus.net\/index.php?rest_route=\/wp\/v2\/posts\/100217\/revisions\/100219"}],"wp:featuredmedia":[{"embeddable":true,"href":"https:\/\/haberulus.net\/index.php?rest_route=\/wp\/v2\/media\/100218"}],"wp:attachment":[{"href":"https:\/\/haberulus.net\/index.php?rest_route=%2Fwp%2Fv2%2Fmedia&parent=100217"}],"wp:term":[{"taxonomy":"category","embeddable":true,"href":"https:\/\/haberulus.net\/index.php?rest_route=%2Fwp%2Fv2%2Fcategories&post=100217"},{"taxonomy":"post_tag","embeddable":true,"href":"https:\/\/haberulus.net\/index.php?rest_route=%2Fwp%2Fv2%2Ftags&post=100217"}],"curies":[{"name":"wp","href":"https:\/\/api.w.org\/{rel}","templated":true}]}}