{"id":100411,"date":"2023-06-17T20:21:04","date_gmt":"2023-06-17T20:21:04","guid":{"rendered":"https:\/\/haberulus.net\/?p=100411"},"modified":"2023-06-17T20:21:04","modified_gmt":"2023-06-17T20:21:04","slug":"ufuk-sarica-takimla-gurur-duyuyorum","status":"publish","type":"post","link":"https:\/\/haberulus.net\/?p=100411","title":{"rendered":"Ufuk Sar\u0131ca: Tak\u0131mla gurur duyuyorum"},"content":{"rendered":"<p>T\u00fcrkiye Sigorta Basketbol S\u00fcper Ligi play-off final serisinde Anadolu Efes\u2019e yenilerek ikinci olan P\u0131nar Kar\u015f\u0131yaka\u2019n\u0131n ba\u015fantren\u00f6r\u00fc Ufuk Sar\u0131ca, ma\u00e7tan sonra yay\u0131nc\u0131 kurulu\u015fa yapt\u0131\u011f\u0131 a\u00e7\u0131klamada, sezona ba\u015flad\u0131klar\u0131 konumla, sezonu tamamlad\u0131klar\u0131 durumun harika oldu\u011funu s\u00f6yledi.<\/p>\n<p>Final oynaman\u0131n m\u00fckemmel oldu\u011funu ifade eden Ufuk Sar\u0131ca, \u015f\u00f6yle konu\u015ftu:<\/p>\n<p>\u201cBunu daha \u00f6nce s\u00f6ylemi\u015ftim. Biz bu tak\u0131m\u0131 sezon ba\u015f\u0131nda T\u00fcrkiye Ligi \u015fampiyonlu\u011fu i\u00e7in kurmad\u0131k, bu bir ger\u00e7ek. Bunu yapabilmek i\u00e7in alt\u0131n\u0131 biraz daha doldurmam\u0131z gerekiyor ama yolda kendi imkanlar\u0131yla b\u00fcy\u00fcyen, oyuncular\u0131n geli\u015fimiyle buraya kadar gelen final oynayan bir tak\u0131m haline geldik. \u00c7ok iyi m\u00fccadele ettik ama bug\u00fcnk\u00fcn\u00fc saymazsak ilk 2 ma\u00e7ta zaman zaman k\u00f6t\u00fc basketbol oynad\u0131k. Anadolu Efes \u00e7ok \u00f6nemli bir rakip, bunu kabul etmek laz\u0131m. \u00d6zellikle Larkin fakt\u00f6r\u00fc var. Alt\u0131nc\u0131 yabanc\u0131 ama T\u00fcrk olarak oynayabiliyor. \u00c7ok zor at\u0131\u015flar\u0131 soktular, onlar\u0131 da tebrik ediyorum. \u00c7ok \u00e7etin bir m\u00fccadele oldu. Do\u011frusunu s\u00f6ylemek gerekirse g\u00fcc\u00fcm\u00fcz yetmedi. Bu ma\u00e7\u0131 alabilsek seride bir\u00e7ok \u015fey de\u011fi\u015fecekti. K\u0131smet olmad\u0131 ama tak\u0131mla gurur duyuyorum. 16 tak\u0131mla ba\u015flayan ligde lideri elemek, Fenerbah\u00e7e Beko, Galatasaray bir s\u00fcr\u00fc rakip var burada. Son g\u00fcn sahada olabilmek benim i\u00e7in \u00e7ok de\u011ferli.\u201d (AA)<\/p>\n","protected":false},"excerpt":{"rendered":"<p>P\u0131nar Kar\u015f\u0131yaka Ba\u015fantren\u00f6r\u00fc Ufuk Sar\u0131ca, Anadolu Efes serisini de\u011ferlendirdi. Ufuk Sar\u0131ca, a\u00e7\u0131klamas\u0131nda &#8220;Biz bu tak\u0131m\u0131 sezon ba\u015f\u0131nda T\u00fcrkiye Ligi \u015fampiyonlu\u011fu i\u00e7in kurmad\u0131k, bu bir ger\u00e7ek&#8221; dedi.<\/p>\n","protected":false},"author":1,"featured_media":100412,"comment_status":"closed","ping_status":"open","sticky":false,"template":"","format":"standard","meta":{"footnotes":""},"categories":[31],"tags":[],"class_list":["post-100411","post","type-post","status-publish","format-standard","has-post-thumbnail","hentry","category-spor"],"_links":{"self":[{"href":"https:\/\/haberulus.net\/index.php?rest_route=\/wp\/v2\/posts\/100411","targetHints":{"allow":["GET"]}}],"collection":[{"href":"https:\/\/haberulus.net\/index.php?rest_route=\/wp\/v2\/posts"}],"about":[{"href":"https:\/\/haberulus.net\/index.php?rest_route=\/wp\/v2\/types\/post"}],"author":[{"embeddable":true,"href":"https:\/\/haberulus.net\/index.php?rest_route=\/wp\/v2\/users\/1"}],"replies":[{"embeddable":true,"href":"https:\/\/haberulus.net\/index.php?rest_route=%2Fwp%2Fv2%2Fcomments&post=100411"}],"version-history":[{"count":1,"href":"https:\/\/haberulus.net\/index.php?rest_route=\/wp\/v2\/posts\/100411\/revisions"}],"predecessor-version":[{"id":100413,"href":"https:\/\/haberulus.net\/index.php?rest_route=\/wp\/v2\/posts\/100411\/revisions\/100413"}],"wp:featuredmedia":[{"embeddable":true,"href":"https:\/\/haberulus.net\/index.php?rest_route=\/wp\/v2\/media\/100412"}],"wp:attachment":[{"href":"https:\/\/haberulus.net\/index.php?rest_route=%2Fwp%2Fv2%2Fmedia&parent=100411"}],"wp:term":[{"taxonomy":"category","embeddable":true,"href":"https:\/\/haberulus.net\/index.php?rest_route=%2Fwp%2Fv2%2Fcategories&post=100411"},{"taxonomy":"post_tag","embeddable":true,"href":"https:\/\/haberulus.net\/index.php?rest_route=%2Fwp%2Fv2%2Ftags&post=100411"}],"curies":[{"name":"wp","href":"https:\/\/api.w.org\/{rel}","templated":true}]}}