{"id":100423,"date":"2023-06-17T21:05:04","date_gmt":"2023-06-17T21:05:04","guid":{"rendered":"https:\/\/haberulus.net\/?p=100423"},"modified":"2023-06-17T21:05:04","modified_gmt":"2023-06-17T21:05:04","slug":"potanin-perileri-slovakya-macina-hazir","status":"publish","type":"post","link":"https:\/\/haberulus.net\/?p=100423","title":{"rendered":"Potan\u0131n Perileri Slovakya ma\u00e7\u0131na haz\u0131r"},"content":{"rendered":"<p>T\u00fcrkiye A Milli Kad\u0131n Basketbol Tak\u0131m\u0131, Slovakya ma\u00e7\u0131 haz\u0131rl\u0131klar\u0131na, 2023 FIBA Kad\u0131nlar Avrupa \u015eampiyonas\u0131 grup ma\u00e7lar\u0131n\u0131 yapaca\u011f\u0131, L\u00fcbliyana\u2019daki Stozice Arena\u2019da devam etti. Ba\u015fantren\u00f6r Ekrem Memnum y\u00f6netiminde yakla\u015f\u0131k bir saat s\u00fcren antrenmanda milliler, taktik \u00e7al\u0131\u015ft\u0131. Antrenman\u0131n bir k\u0131sm\u0131 bas\u0131na a\u00e7\u0131k ger\u00e7ekle\u015fti.<\/p>\n<p>Antrenman\u0131n ard\u0131ndan d\u00fczenlenen bas\u0131n toplant\u0131s\u0131nda konu\u015fan Ekrem Memnun, iki g\u00fcn \u00fcst \u00fcste \u00e7ok sert iki ma\u00e7 oynad\u0131klar\u0131n\u0131, birini kaybedip birini son periyotta kazand\u0131klar\u0131n\u0131 hat\u0131rlatarak, \u201cAma oyun olarak ilerledi\u011fimiz d\u00fc\u015f\u00fcn\u00fcyoruz. Ma\u00e7\u0131n son periyodunda, \u00f6zellikle kendi b\u00fct\u00fcn haz\u0131rl\u0131k periyodumuzda oynatmak istedi\u011fimiz, yapmaya \u00e7al\u0131\u015ft\u0131\u011f\u0131m\u0131z, yapt\u0131\u011f\u0131m\u0131z, kimli\u011fimiz olsun diye pe\u015finden ko\u015ftu\u011fumuz oyuna d\u00f6nebildik, d\u00f6nd\u00fck, hat\u0131rlad\u0131k\u201d dedi.<\/p>\n<p><b>\u201cKAZANMAKTAN BA\u015eKA H\u0130\u00c7B\u0130R \u015eEY D\u00dc\u015e\u00dcNMEYECE\u011e\u0130Z\u201d<\/b><\/p>\n<p>Ma\u00e7larda rakip tak\u0131mlar\u0131n, oyun kurucular\u0131na yapt\u0131\u011f\u0131 bask\u0131lar\u0131n\u0131n da kendilerini \u00e7ok zorlad\u0131\u011f\u0131na ve topu rakip sahaya biraz yava\u015f g\u00f6t\u00fcrd\u00fcklerine dikkati \u00e7eken deneyimli teknik adam, \u015fu de\u011ferlendirmeyi yapt\u0131:<\/p>\n<p>\u201cBiz topu \u00f6b\u00fcr sahaya h\u0131zl\u0131 g\u00f6t\u00fcrmek istiyoruz. H\u0131zl\u0131 gidince zaten her \u015fey kendili\u011finden olu\u015ftu. Yar\u0131n her \u015fey belli olacak. Gruptan ikinci de \u00e7\u0131kabiliriz, Allah korusun elene de biliriz. Yar\u0131nki ma\u00e7 \u00e7ok \u00f6nemli. Burada hayallerimiz var. Bu gruptan \u00e7\u0131kmak i\u00e7in geldik. Yar\u0131n neyimiz var neyimiz yok her \u015feyi ortaya koyup, kazanmaktan ba\u015fka hi\u00e7bir \u015fey d\u00fc\u015f\u00fcnmeyece\u011fiz. \u015eu andan itibaren son \u00e7al\u0131\u015fmam\u0131z\u0131 yapt\u0131k. Yar\u0131n bir taktikle ilgili gelip salonda bir ter at\u0131p ma\u00e7a haz\u0131rlanaca\u011f\u0131z. Yar\u0131n son ma\u00e7. Ben kafaca da moral olarak da haz\u0131r g\u00f6r\u00fcyorum tak\u0131m\u0131. Sakatlar\u0131m\u0131z var. D\u00fcnk\u00fc ma\u00e7ta da iki tane sorun ya\u015fad\u0131k. Olcay\u2019la McCowan\u2019\u0131 ma\u00e7 saatine kadar yeti\u015ftirece\u011fimizi d\u00fc\u015f\u00fcn\u00fcyorum Kazanmaktan ba\u015fka hi\u00e7bir \u015fey d\u00fc\u015f\u00fcnmeyece\u011fiz. Ma\u00e7 saatine kadar en haz\u0131r \u015fekilde gelip, gere\u011fini yeren getirip gidece\u011fiz, ona haz\u0131r\u0131z.\u201d (AA)<\/p>\n","protected":false},"excerpt":{"rendered":"<p>Slovenya ve \u0130srail&#8217;in ortakla\u015fa d\u00fczenledi\u011fi 2023 FIBA Kad\u0131nlar Avrupa \u015eampiyonas\u0131&#8217;nda yar\u0131n Slovakya&#8217;yla kar\u015f\u0131la\u015facak A Milli Kad\u0131n Basketbol Tak\u0131m\u0131, haz\u0131rl\u0131klar\u0131n\u0131 tamamlad\u0131.<\/p>\n","protected":false},"author":1,"featured_media":100424,"comment_status":"closed","ping_status":"open","sticky":false,"template":"","format":"standard","meta":{"footnotes":""},"categories":[31],"tags":[1597,290],"class_list":["post-100423","post","type-post","status-publish","format-standard","has-post-thumbnail","hentry","category-spor","tag-hazir","tag-mac"],"_links":{"self":[{"href":"https:\/\/haberulus.net\/index.php?rest_route=\/wp\/v2\/posts\/100423","targetHints":{"allow":["GET"]}}],"collection":[{"href":"https:\/\/haberulus.net\/index.php?rest_route=\/wp\/v2\/posts"}],"about":[{"href":"https:\/\/haberulus.net\/index.php?rest_route=\/wp\/v2\/types\/post"}],"author":[{"embeddable":true,"href":"https:\/\/haberulus.net\/index.php?rest_route=\/wp\/v2\/users\/1"}],"replies":[{"embeddable":true,"href":"https:\/\/haberulus.net\/index.php?rest_route=%2Fwp%2Fv2%2Fcomments&post=100423"}],"version-history":[{"count":1,"href":"https:\/\/haberulus.net\/index.php?rest_route=\/wp\/v2\/posts\/100423\/revisions"}],"predecessor-version":[{"id":100425,"href":"https:\/\/haberulus.net\/index.php?rest_route=\/wp\/v2\/posts\/100423\/revisions\/100425"}],"wp:featuredmedia":[{"embeddable":true,"href":"https:\/\/haberulus.net\/index.php?rest_route=\/wp\/v2\/media\/100424"}],"wp:attachment":[{"href":"https:\/\/haberulus.net\/index.php?rest_route=%2Fwp%2Fv2%2Fmedia&parent=100423"}],"wp:term":[{"taxonomy":"category","embeddable":true,"href":"https:\/\/haberulus.net\/index.php?rest_route=%2Fwp%2Fv2%2Fcategories&post=100423"},{"taxonomy":"post_tag","embeddable":true,"href":"https:\/\/haberulus.net\/index.php?rest_route=%2Fwp%2Fv2%2Ftags&post=100423"}],"curies":[{"name":"wp","href":"https:\/\/api.w.org\/{rel}","templated":true}]}}