{"id":100464,"date":"2023-06-18T03:05:07","date_gmt":"2023-06-18T03:05:07","guid":{"rendered":"https:\/\/haberulus.net\/?p=100464"},"modified":"2023-06-18T03:05:07","modified_gmt":"2023-06-18T03:05:07","slug":"akpli-troller-baskandan-sonra-buyukelciyi-de-yedi","status":"publish","type":"post","link":"https:\/\/haberulus.net\/?p=100464","title":{"rendered":"AKP\u2019li troller ba\u015fkandan sonra b\u00fcy\u00fckel\u00e7iyi de yedi"},"content":{"rendered":"<p><strong>Tekirda\u011f <\/strong>Kiraz Festivali&#8217;nde sanat\u00e7\u0131 Melek Mosso&#8217;ya konser verdirdi\u011fi gerek\u00e7esiyle AKP taraf\u0131ndan lin\u00e7 edilen ve istifa etmek zorunda kalan S\u00fcleymanpa\u015fa Belediye Ba\u015fkan\u0131 AKP&#8217;li C\u00fcneyt Y\u00fcksel&#8217;in ard\u0131ndan T\u00fcrkiye&#8217;nin Paris B\u00fcy\u00fckel\u00e7isi de AKP&#8217;li trollerin sald\u0131r\u0131s\u0131na u\u011frad\u0131 ve merkeze \u00e7ekildi. Sanat\u00e7\u0131 Berna La\u00e7in, ge\u00e7en ay Paris&#8217;te B\u00fcy\u00fckel\u00e7i Refik Ali Onaner&#8217;in daveti ile piyanist G\u00fclsin Onay dinletisine kat\u0131lm\u0131\u015ft\u0131. AKP&#8217;li trol ekibi de B\u00fcy\u00fckel\u00e7iyi hedef alm\u0131\u015ft\u0131.<\/p>\n<div><img decoding=\"async\" src=\"https:\/\/i01.sozcucdn.com\/wp-content\/uploads\/2023\/06\/17\/11-tweet-lacin.jpg\" alt=\"\" title=\"\"><\/p>\n<p>Berna La\u00e7in, G\u00fclsin Onay&#8217;\u0131 dinledi\u011fini sosyal medyadan payla\u015ft\u0131. Kabak Onaner&#8217;in ba\u015f\u0131na patlad\u0131.<\/p>\n<\/div>\n<p><strong>\u00c7AVU\u015eO\u011eLU\u2019NA \u015e\u0130KAYET ETT\u0130LER<\/strong><\/p>\n<p>CHP&#8217;li \u00d6zg\u00fcr \u00d6zel taraf\u0131ndan S\u00fcleyman Soylu&#8217;ya ba\u011fl\u0131 ekip olarak g\u00fcndeme getirilen AKP&#8217;li trollerin, \u201cEbabil hareketi\u201d isimli olu\u015fumu, d\u00f6nemin D\u0131\u015fi\u015fleri Bakan\u0131 Mevl\u00fct \u00c7avu\u015fo\u011flu&#8217;nu etiketleyerek, \u201cTopluma hakaret eden Berna La\u00e7in sizin atad\u0131\u011f\u0131n\u0131z B\u00fcy\u00fckel\u00e7i taraf\u0131ndan krallar gibi a\u011f\u0131rland\u0131\u201d s\u00f6ylemleriyle Onaner&#8217;i hedef alm\u0131\u015ft\u0131.<\/p>\n<p>Merkeze \u00e7ekilen Refik Ali Onaner&#8217;in yerine Paris&#8217;e, Slovenya&#8217;n\u0131n ba\u015fkenti Bratislava&#8217;daki B\u00fcy\u00fckel\u00e7imiz Yunus Demirer atand\u0131.<\/p>\n","protected":false},"excerpt":{"rendered":"<p>Melek Mosso konseri nedeniyle lin\u00e7 yiyip istifa eden C\u00fcneyt Y\u00fcksel\u2019in ard\u0131ndan Paris B\u00fcy\u00fckel\u00e7isi de benzer muamele sonras\u0131 merkeze \u00e7ekildi.<\/p>\n","protected":false},"author":1,"featured_media":100465,"comment_status":"closed","ping_status":"open","sticky":false,"template":"","format":"standard","meta":{"footnotes":""},"categories":[26],"tags":[104,4075],"class_list":["post-100464","post","type-post","status-publish","format-standard","has-post-thumbnail","hentry","category-gundem","tag-akp","tag-buyukelci"],"_links":{"self":[{"href":"https:\/\/haberulus.net\/index.php?rest_route=\/wp\/v2\/posts\/100464","targetHints":{"allow":["GET"]}}],"collection":[{"href":"https:\/\/haberulus.net\/index.php?rest_route=\/wp\/v2\/posts"}],"about":[{"href":"https:\/\/haberulus.net\/index.php?rest_route=\/wp\/v2\/types\/post"}],"author":[{"embeddable":true,"href":"https:\/\/haberulus.net\/index.php?rest_route=\/wp\/v2\/users\/1"}],"replies":[{"embeddable":true,"href":"https:\/\/haberulus.net\/index.php?rest_route=%2Fwp%2Fv2%2Fcomments&post=100464"}],"version-history":[{"count":1,"href":"https:\/\/haberulus.net\/index.php?rest_route=\/wp\/v2\/posts\/100464\/revisions"}],"predecessor-version":[{"id":100466,"href":"https:\/\/haberulus.net\/index.php?rest_route=\/wp\/v2\/posts\/100464\/revisions\/100466"}],"wp:featuredmedia":[{"embeddable":true,"href":"https:\/\/haberulus.net\/index.php?rest_route=\/wp\/v2\/media\/100465"}],"wp:attachment":[{"href":"https:\/\/haberulus.net\/index.php?rest_route=%2Fwp%2Fv2%2Fmedia&parent=100464"}],"wp:term":[{"taxonomy":"category","embeddable":true,"href":"https:\/\/haberulus.net\/index.php?rest_route=%2Fwp%2Fv2%2Fcategories&post=100464"},{"taxonomy":"post_tag","embeddable":true,"href":"https:\/\/haberulus.net\/index.php?rest_route=%2Fwp%2Fv2%2Ftags&post=100464"}],"curies":[{"name":"wp","href":"https:\/\/api.w.org\/{rel}","templated":true}]}}