{"id":100810,"date":"2023-06-18T19:35:05","date_gmt":"2023-06-18T19:35:05","guid":{"rendered":"https:\/\/haberulus.net\/?p=100810"},"modified":"2023-06-18T19:35:05","modified_gmt":"2023-06-18T19:35:05","slug":"dunya-bu-gorusmeye-kilitlendi-blinkendan-cinde-kritik-temaslar","status":"publish","type":"post","link":"https:\/\/haberulus.net\/?p=100810","title":{"rendered":"D\u00fcnya bu g\u00f6r\u00fc\u015fmeye kilitlendi\u2026 Blinken\u2019dan \u00c7in\u2019de kritik temaslar"},"content":{"rendered":"<p>ABD\u2019li Bakan, iki g\u00fcnl\u00fck resmi ziyaret i\u00e7in bu sabah saatlerinde Pekin\u2019e ula\u015ft\u0131. Blinken\u2019i havaalan\u0131nda \u00c7in\u2019in Kuzey Amerika ve Okyanusya \u0130li\u015flerinden Sorumlu D\u0131\u015fi\u015fleri Bakan Yard\u0131mc\u0131s\u0131 Yang Tao ve ABD\u2019nin Pekin B\u00fcy\u00fckel\u00e7isi Nicolas Burns kar\u015f\u0131lad\u0131.<\/p>\n<p>Blinken, ABD Ba\u015fkan\u0131 Joe Biden\u2019\u0131n 2021\u2019in ba\u015f\u0131nda g\u00f6reve gelmesinden bu yana Pekin\u2019e gelen en \u00fcst d\u00fczey yetkili ve 5 y\u0131l sonra \u00c7in\u2019i ziyaret eden ilk ABD D\u0131\u015fi\u015fleri Bakan\u0131 oldu. En son Donald Trump d\u00f6neminin D\u0131\u015fi\u015fleri Bakan\u0131 Mike Pompeo, 2018\u2019de Pekin\u2019i ziyaret etmi\u015fti.<\/p>\n<p>ABD Ba\u015fkan\u0131 Joe Biden ve \u00c7in Devlet Ba\u015fkan\u0131 \u015ei Cinping, Kas\u0131m 2022\u2019de Endonezya\u2019n\u0131n Bali Adas\u0131\u2019nda d\u00fczenlenen G20 Zirvesi\u2019nde yapt\u0131klar\u0131 g\u00f6r\u00fc\u015fmede Blinken\u2019in Pekin\u2019i ziyaret etmesine karar vermi\u015f ancak \u015fubatta yap\u0131lmas\u0131 planlanan ziyaret, \u00c7in\u2019e ait y\u00fcksek irtifa balonunun Amerikan hava sahas\u0131na girmesinin ard\u0131ndan ya\u015fanan kriz nedeniyle iptal etmi\u015fti.<\/p>\n<p>Blinken, Pekin\u2019e var\u0131\u015f\u0131n\u0131n ard\u0131ndan Diaoyutai Devlet Konuk Evi\u2019nde mevkida\u015f\u0131 \u00c7in Gang ile bir araya geldi. Bakanlar\u0131n heyetler aras\u0131 g\u00f6r\u00fc\u015fmesi 5 bu\u00e7uk saat s\u00fcrd\u00fc. ABD ve \u00c7in heyetleri g\u00f6r\u00fc\u015fmenin ard\u0131ndan ak\u015fam \u00e7al\u0131\u015fma yeme\u011finde de bir araya geldi.<\/p>\n<p><strong>TAYVAN SORUNUNA VURGU<\/strong><\/p>\n<p>\u00c7in D\u0131\u015fi\u015fleri Bakanl\u0131\u011f\u0131ndan yap\u0131lan a\u00e7\u0131klamaya g\u00f6re, Bakan \u00c7in Gang, g\u00f6r\u00fc\u015fmede \u00c7in-ABD ili\u015fkilerinin diplomatik ba\u011flar\u0131n kurulmas\u0131ndan bu yana en k\u00f6t\u00fc noktada oldu\u011funa dikkati \u00e7ekerek, bu durumun iki halk\u0131n \u00e7\u0131karlar\u0131na ve uluslararas\u0131 toplumun beklentilerine uygun olmad\u0131\u011f\u0131n\u0131 belirtti.<\/p>\n<p>\u00c7in\u2019in ABD ile ili\u015fkilerini, Devlet Ba\u015fkan\u0131 \u015ei Cinping\u2019in ortaya koydu\u011fu kar\u015f\u0131l\u0131kl\u0131 sayg\u0131, bar\u0131\u015f i\u00e7inde bir arada ya\u015fama ve kazan-kazan i\u015fbirli\u011fi ilkeleri \u00e7er\u00e7evesinde g\u00f6rd\u00fc\u011f\u00fcn\u00fc ifade eden \u00c7in Gang, bu ilkelerin ili\u015fkilerin ortak ruhu, hedefi ve k\u0131rm\u0131z\u0131 \u00e7izgisi olmas\u0131 gerekti\u011fini vurgulad\u0131.<\/p>\n<p>\u00c7in Gang, ABD ile istikrarl\u0131, \u00f6ng\u00f6r\u00fclebilir ve yap\u0131c\u0131 ili\u015fki kurmak istediklerini belirterek, \u201cUmar\u0131z ABD, \u00c7in\u2019e dair objektif ve rasyonel bir bak\u0131\u015f\u0131 benimser, ili\u015fkilerin siyasi temelini korunmak ve beklenmedik m\u00fcnferit olaylar\u0131 ak\u0131lc\u0131, sakin ve profesyonel tarzda ele almak i\u00e7in \u00c7in ile \u00e7al\u0131\u015f\u0131r.\u201d dedi.<\/p>\n<p>\u00c7inli Bakan, taraflar\u0131n, ABD ve \u00c7in liderlerinin Bali\u2019deki g\u00f6r\u00fc\u015fmelerinde vard\u0131klar\u0131 anlay\u0131\u015f birli\u011finin i\u00e7eri\u011fine ve ruhuna uygun olarak ili\u015fkileri yeniden istikrarl\u0131 bir do\u011frultuya sokmak i\u00e7in \u00e7aba g\u00f6stermesi gerekti\u011finin alt\u0131n\u0131 \u00e7izdi.<\/p>\n<p>\u00c7in Gang, Tayvan sorununun \u00c7in\u2019in en temel \u00e7\u0131kar\u0131, en \u00f6nemli meselesi ve \u00c7in-ABD ili\u015fkilerindeki en belirgin risk oldu\u011funu vurgulayarak ABD taraf\u0131n\u0131, tek \u00c7in ilkesine ba\u011fl\u0131 kalmaya, diplomatik ili\u015fkilerin temelini olu\u015fturan \u00dc\u00e7 Ortak Bildiri\u2019deki y\u00fck\u00fcml\u00fcl\u00fcklerine ve \u201cTayvan\u2019\u0131n ba\u011f\u0131ms\u0131zl\u0131\u011f\u0131n\u0131 desteklememe\u201d taahh\u00fcd\u00fcne uymaya \u00e7a\u011f\u0131rd\u0131.<\/p>\n<p><strong>\u0130LET\u0130\u015e\u0130M KANALLARININ A\u00c7IK TUTULMASI<\/strong><\/p>\n<p>ABD D\u0131\u015fi\u015fleri Bakanl\u0131\u011f\u0131ndan yap\u0131lan a\u00e7\u0131klamada ise, Bakan Blinken\u2019in g\u00f6r\u00fc\u015fmede, yanl\u0131\u015f alg\u0131lama ve hesap hatalar\u0131n\u0131n yarataca\u011f\u0131 risklerden ka\u00e7\u0131nmak i\u00e7in farkl\u0131 sorun alanlar\u0131nda ileti\u015fim kanallar\u0131n\u0131 a\u00e7\u0131k tutman\u0131n ve diplomasinin \u00f6nemine i\u015faret etti\u011fi aktar\u0131ld\u0131.<\/p>\n<p>Bakan Blinken\u2019in ili\u015fkilerde kayg\u0131 konusu olan \u00e7ok say\u0131da meselenin yan\u0131 s\u0131ra \u00c7in ile \u00e7\u0131karlar\u0131n \u00e7ak\u0131\u015ft\u0131\u011f\u0131 ulus a\u015f\u0131r\u0131 sorunlarda i\u015fbirli\u011fi olanaklar\u0131n\u0131 dile getirdi\u011fi belirtilen a\u00e7\u0131klamada, \u201cD\u0131\u015fi\u015fleri Bakan\u0131, ABD\u2019nin daima Amerikan halk\u0131n\u0131n \u00e7\u0131karlar\u0131 ve de\u011ferlerini savunaca\u011f\u0131 ve \u00f6zg\u00fcr, a\u00e7\u0131k bir d\u00fcnyay\u0131 ve kurallara dayal\u0131 uluslararas\u0131 d\u00fczeni savunmak i\u00e7in m\u00fcttefikleri ve ortaklar\u0131yla \u00e7al\u0131\u015faca\u011f\u0131n\u0131 a\u00e7\u0131k\u00e7a ifade etmi\u015ftir.\u201d denildi.<\/p>\n<p>A\u00e7\u0131klamada Bilinken\u2019in \u00c7in Gang\u2019\u0131 diyalo\u011fu s\u00fcrd\u00fcrmek \u00fczere ziyaret i\u00e7in Washington\u2019a davet etti\u011fi kaydedildi.<\/p>\n<p>G\u00f6r\u00fc\u015fmede taraflar, \u00c7in-ABD ili\u015fkilerinde yol g\u00f6sterici ilkeler \u00fczerine isti\u015fareleri s\u00fcrd\u00fcrme, ili\u015fkilerdeki belli sorunlar\u0131 ortak \u00e7al\u0131\u015fma grubuyla ele alma, halklar aras\u0131nda, i\u015f ve e\u011fitim alan\u0131nda etkile\u015fimleri te\u015fvik etme konusunda anla\u015ft\u0131.<\/p>\n<p>Blinken\u2019in, yar\u0131n \u00c7in\u2019in en k\u0131demli diplomat\u0131, \u00c7in Kom\u00fcnist Partisi (\u00c7KP) Merkezi D\u0131\u015f \u0130li\u015fkiler Komisyonu Ofisi Direkt\u00f6r\u00fc Vang Yi ve Devlet Ba\u015fkan\u0131 \u015ei Cinping ile g\u00f6r\u00fc\u015fmeler yapmas\u0131 bekleniyor.<\/p>\n<p>Blinken, \u00c7in ile ABD aras\u0131nda ekonomik ve stratejik rekabetin artt\u0131\u011f\u0131, mevcut sorunlar\u0131n ve gerilimlerin \u00e7\u00f6z\u00fclmeden devam etti\u011fi, ili\u015fkilerde kar\u015f\u0131l\u0131kl\u0131 g\u00fcvensizli\u011fin hakim oldu\u011fu bir s\u00fcre\u00e7te Pekin\u2019i ziyaret ediyor.<\/p>\n<p>\u0130ki \u00fclke aras\u0131nda Tayvan sorunundan, G\u00fcney \u00c7in Denizi\u2019ndeki askeri gerilime, ekonomik ve teknolojik rekabetten insan haklar\u0131 meselesine dek \u00e7ok say\u0131da sorunlu alan bulunuyor.<\/p>\n<p>Ziyarette taraflar\u0131n sorunlu alanlardaki tutumlar\u0131n\u0131 yinelemesi beklenirken, herhangi bir alanda \u00e7\u00f6z\u00fcme y\u00f6nelik tam uzla\u015fma sa\u011flanabilece\u011fi \u00f6ng\u00f6r\u00fclm\u00fcyor. Ancak ziyaret, balon krizinin ard\u0131ndan kesintiye u\u011frayan diplomatik ileti\u015fimin yeniden sa\u011flanmas\u0131na y\u00f6nelik son aylarda at\u0131lan ad\u0131mlar\u0131n son halkas\u0131 olarak \u00f6nem ta\u015f\u0131yor.<\/p>\n<p><strong>BALON KR\u0130Z\u0130 VE D\u0130PLOMAS\u0130N\u0130N KOPMASI<\/strong><\/p>\n<p>ABD Savunma Bakanl\u0131\u011f\u0131, 3 \u015eubat\u2019ta \u00c7in&#8217;e ait oldu\u011fu iddia edilen y\u00fcksek irtifa istihbarat balonunun ABD ana k\u0131tas\u0131 \u00fczerinde u\u00e7u\u015f yapt\u0131\u011f\u0131n\u0131n ve Montana eyaletinde aralar\u0131nda n\u00fckleer ba\u015fl\u0131k ve uzun menzilli f\u00fcze depolar\u0131n\u0131n oldu\u011fu baz\u0131 hassas askeri tesislerin \u00fczerinden ge\u00e7ti\u011finin tespit edildi\u011fini bildirmi\u015fti.<\/p>\n<p>\u00c7in, balonun \u00fclkeye ait sivil bir hava arac\u0131 oldu\u011funu, meteorolojik ara\u015ft\u0131rma i\u00e7in kullan\u0131ld\u0131\u011f\u0131n\u0131, kontrol kabiliyeti s\u0131n\u0131rl\u0131 oldu\u011fundan r\u00fczgarlarla s\u00fcr\u00fcklenerek yanl\u0131\u015fl\u0131kla ABD hava sahas\u0131na girdi\u011fini ileri s\u00fcrm\u00fc\u015ft\u00fc.<\/p>\n<p>\u00c7in\u2019in a\u00e7\u0131klamas\u0131 Washington\u2019\u0131 tatmin etmezken D\u0131\u015fi\u015fleri Bakan\u0131 Antony Blinken, \u00c7in\u2019e yapmay\u0131 planlad\u0131\u011f\u0131 ziyareti iptal etmi\u015fti.<\/p>\n<p>Balon 4 \u015eubat\u2019ta, Ba\u015fkan Joe Biden\u2019\u0131n emriyle Atlantik Okyanusu \u00fczerine \u00e7\u0131kt\u0131\u011f\u0131nda, ABD kara sular\u0131nda sava\u015f u\u00e7a\u011f\u0131nca vurularak d\u00fc\u015f\u00fcr\u00fclm\u00fc\u015ft\u00fc.<\/p>\n<p>Pekin y\u00f6netimi, \u201csivil insans\u0131z hava arac\u0131na g\u00fc\u00e7 kullanarak m\u00fcdahale etti\u011fi\u201d gerek\u00e7esiyle ABD\u2019yi protesto etmi\u015fti.<\/p>\n<p>Kriz y\u00fcz\u00fcnden diplomatik ili\u015fkiler b\u00fcy\u00fck \u00f6l\u00e7\u00fcde kesilirken, ABD Ulusal G\u00fcvenlik Dan\u0131\u015fman\u0131 Jake Sullivan ile \u00c7KP Merkezi D\u0131\u015f \u0130li\u015fkiler Komisyonu Ofisi Direkt\u00f6r\u00fc Vang Yi, 10-11 May\u0131s\u2019ta Avusturya\u2019n\u0131n ba\u015fkenti Viyana\u2019da yapt\u0131klar\u0131 g\u00f6r\u00fc\u015fmede ili\u015fkileri yeniden kurma konusunda ad\u0131m atm\u0131\u015ft\u0131. (AA)<\/p>\n","protected":false},"excerpt":{"rendered":"<p>ABD D\u0131\u015fi\u015fleri Bakan\u0131 Anthony Blinken, \u00c7in&#8217;e yapt\u0131\u011f\u0131 resmi ziyaret kapsam\u0131nda mevkida\u015f\u0131 \u00c7in Gang ile g\u00f6r\u00fc\u015ft\u00fc.<\/p>\n","protected":false},"author":1,"featured_media":100811,"comment_status":"closed","ping_status":"open","sticky":false,"template":"","format":"standard","meta":{"footnotes":""},"categories":[24],"tags":[11,793,3719,3202,1228],"class_list":["post-100810","post","type-post","status-publish","format-standard","has-post-thumbnail","hentry","category-dunya","tag-abd","tag-cin","tag-iliski","tag-sorun","tag-ziyaret"],"_links":{"self":[{"href":"https:\/\/haberulus.net\/index.php?rest_route=\/wp\/v2\/posts\/100810","targetHints":{"allow":["GET"]}}],"collection":[{"href":"https:\/\/haberulus.net\/index.php?rest_route=\/wp\/v2\/posts"}],"about":[{"href":"https:\/\/haberulus.net\/index.php?rest_route=\/wp\/v2\/types\/post"}],"author":[{"embeddable":true,"href":"https:\/\/haberulus.net\/index.php?rest_route=\/wp\/v2\/users\/1"}],"replies":[{"embeddable":true,"href":"https:\/\/haberulus.net\/index.php?rest_route=%2Fwp%2Fv2%2Fcomments&post=100810"}],"version-history":[{"count":1,"href":"https:\/\/haberulus.net\/index.php?rest_route=\/wp\/v2\/posts\/100810\/revisions"}],"predecessor-version":[{"id":100812,"href":"https:\/\/haberulus.net\/index.php?rest_route=\/wp\/v2\/posts\/100810\/revisions\/100812"}],"wp:featuredmedia":[{"embeddable":true,"href":"https:\/\/haberulus.net\/index.php?rest_route=\/wp\/v2\/media\/100811"}],"wp:attachment":[{"href":"https:\/\/haberulus.net\/index.php?rest_route=%2Fwp%2Fv2%2Fmedia&parent=100810"}],"wp:term":[{"taxonomy":"category","embeddable":true,"href":"https:\/\/haberulus.net\/index.php?rest_route=%2Fwp%2Fv2%2Fcategories&post=100810"},{"taxonomy":"post_tag","embeddable":true,"href":"https:\/\/haberulus.net\/index.php?rest_route=%2Fwp%2Fv2%2Ftags&post=100810"}],"curies":[{"name":"wp","href":"https:\/\/api.w.org\/{rel}","templated":true}]}}