{"id":100824,"date":"2023-06-18T20:49:32","date_gmt":"2023-06-18T20:49:32","guid":{"rendered":"https:\/\/haberulus.net\/?p=100824"},"modified":"2023-06-18T20:49:32","modified_gmt":"2023-06-18T20:49:32","slug":"hdpli-vekil-ozgul-saki-lgbt-yuruyusune-izin-vermeyen-polisleri-hedef-aldi-ak-partiden-tepki-gecikmedi","status":"publish","type":"post","link":"https:\/\/haberulus.net\/?p=100824","title":{"rendered":"HDP&#8217;li vekil \u00d6zg\u00fcl Saki, LGBT y\u00fcr\u00fcy\u00fc\u015f\u00fcne izin vermeyen polisleri hedef ald\u0131! AK Parti&#8217;den tepki gecikmedi"},"content":{"rendered":"<p>\u0130stanbul Taksim&#8217;de d\u00fczenlenmek istenen izinsiz LGBT y\u00fcr\u00fcy\u00fc\u015f\u00fcne HDP \u0130stanbul Milletvekili \u00d6zg\u00fcl Saki de kat\u0131ld\u0131. Saki, yasa\u011fa ra\u011fmen y\u00fcr\u00fcy\u00fc\u015f yapmak isteyen LGBT\u0130&#8217;lere izin vermeyen polisleri hedef ald\u0131.<\/p>\n<p><b>&#8220;ARKADA\u015eLARIMIZI \u0130\u015eKENCE ALTINDA G\u00d6ZALTINA ALDILAR&#8221;<\/b><\/p>\n<p>A\u00e7\u0131klamas\u0131nda Saki, \u015fu ifadeleri kulland\u0131: &#8220;Bug\u00fcn Taksim&#8217;de yap\u0131lmas\u0131 gereken trans onur y\u00fcr\u00fcy\u00fc\u015f\u00fc, herkesin g\u00f6rd\u00fc\u011f\u00fc gibi polisin adeta bir i\u015fgalci kuvvet gibi Taksim&#8217;in her taraf\u0131n\u0131 i\u015fgal etmesi nedeniyle Taksim&#8217;de yap\u0131lamad\u0131. Polis \u015fiddeti gecikmedi. G\u00f6rd\u00fc\u011f\u00fcn\u00fcz gibi arkada\u015flar\u0131m\u0131z\u0131 i\u015fkence alt\u0131nda g\u00f6zalt\u0131na ald\u0131lar. Bu m\u00fccadele trans onur y\u00fcr\u00fcy\u00fc\u015f\u00fc, LGBT\u0130&#8217;lerin m\u00fccadelesi sadece onlar\u0131n m\u00fccadelesi de\u011fil, her birimizin m\u00fccadelesi&#8221;<\/p>\n<p><img decoding=\"async\" src=\"https:\/\/i.hbrcdn.com\/haber\/2023\/06\/18\/ak-parti-genel-baskan-yardimcisi-hamza-dag-hdp-16043836_7912_m.jpg\" alt=\"\" title=\"\"><\/p>\n<p><b>HAMZA DA\u011e&#8217;DAN TEPK\u0130<\/b><\/p>\n<p> <strong>Ak Parti<\/strong> Genel Ba\u015fkan Yard\u0131mc\u0131s\u0131 Hamza Da\u011f, HDP \u0130stanbul Milletvekili Saki&#8217;nin polis ekiplerine y\u00f6nelik s\u00f6zlerine tepki g\u00f6sterdi. <\/p>\n<p><b>&#8220;BU YAPILAN M\u0130LLETE VEKALET DE\u011e\u0130L \u0130HANETT\u0130R&#8221;<\/b><\/p>\n<p>Da\u011f, sosyal medya hesab\u0131ndan yapt\u0131\u011f\u0131 payla\u015f\u0131mda \u015fu ifadelere yer verdi: &#8220;Adeta toplumsal d\u00fczeyde ahlaki tahribat\u0131 kendisine g\u00f6rev edinmi\u015f gibi davranan HDP&#8217;li vekil, sapk\u0131nlar\u0131n yasad\u0131\u015f\u0131 g\u00f6sterisinde ba\u015f\u0131 \u00e7ekmi\u015f ve emniyet g\u00fc\u00e7lerimize hakaret etmi\u015f. De\u011ferlerimize d\u00fc\u015fmanl\u0131\u011f\u0131 &#8216;onur&#8217; zanneden bu zevatlara f\u0131rsat vermeyece\u011fiz. Bu yap\u0131lan millete vekalet de\u011fil ihanettir.&#8221;<\/p>\n<p><img decoding=\"async\" src=\"https:\/\/i.hbrcdn.com\/haber\/2023\/06\/18\/ak-parti-genel-baskan-yardimcisi-hamza-dag-hdp-16043836_724_m.jpg\" alt=\"\" title=\"\"><\/p>\n<div>Kaynak: \u0130hlas Haber Ajans\u0131 \/  Politika <\/div>\n","protected":false},"excerpt":{"rendered":"<p>Taksim&#8217;de d\u00fczenlenmek istenen izinsiz LGBT y\u00fcr\u00fcy\u00fc\u015f\u00fcne kat\u0131lan HDP \u0130stanbul Milletvekili \u00d6zg\u00fcl Saki, arkada\u015flar\u0131n\u0131n g\u00f6zalt\u0131nda al\u0131nd\u0131\u011f\u0131 s\u00f6yleyerek polisleri hedef ald\u0131. Saki&#8217;ye tepki g\u00f6steren AK Parti Genel Ba\u015fkan Yard\u0131mc\u0131s\u0131 Hamza Da\u011f, &#8220;HDP&#8217;li vekil, sapk\u0131nlar\u0131n yasad\u0131\u015f\u0131 g\u00f6sterisinde ba\u015f\u0131 \u00e7ekmi\u015f ve emniyet g\u00fc\u00e7lerimize hakaret etmi\u015f. De\u011ferlerimize d\u00fc\u015fmanl\u0131\u011f\u0131 &#8216;onur&#8217; zanneden bu zevatlara f\u0131rsat vermeyece\u011fiz. Bu yap\u0131lan millete vekalet de\u011fil ihanettir&#8221; dedi.<\/p>\n","protected":false},"author":1,"featured_media":0,"comment_status":"closed","ping_status":"open","sticky":false,"template":"","format":"standard","meta":{"footnotes":""},"categories":[28],"tags":[],"class_list":["post-100824","post","type-post","status-publish","format-standard","hentry","category-politika"],"_links":{"self":[{"href":"https:\/\/haberulus.net\/index.php?rest_route=\/wp\/v2\/posts\/100824","targetHints":{"allow":["GET"]}}],"collection":[{"href":"https:\/\/haberulus.net\/index.php?rest_route=\/wp\/v2\/posts"}],"about":[{"href":"https:\/\/haberulus.net\/index.php?rest_route=\/wp\/v2\/types\/post"}],"author":[{"embeddable":true,"href":"https:\/\/haberulus.net\/index.php?rest_route=\/wp\/v2\/users\/1"}],"replies":[{"embeddable":true,"href":"https:\/\/haberulus.net\/index.php?rest_route=%2Fwp%2Fv2%2Fcomments&post=100824"}],"version-history":[{"count":1,"href":"https:\/\/haberulus.net\/index.php?rest_route=\/wp\/v2\/posts\/100824\/revisions"}],"predecessor-version":[{"id":100825,"href":"https:\/\/haberulus.net\/index.php?rest_route=\/wp\/v2\/posts\/100824\/revisions\/100825"}],"wp:attachment":[{"href":"https:\/\/haberulus.net\/index.php?rest_route=%2Fwp%2Fv2%2Fmedia&parent=100824"}],"wp:term":[{"taxonomy":"category","embeddable":true,"href":"https:\/\/haberulus.net\/index.php?rest_route=%2Fwp%2Fv2%2Fcategories&post=100824"},{"taxonomy":"post_tag","embeddable":true,"href":"https:\/\/haberulus.net\/index.php?rest_route=%2Fwp%2Fv2%2Ftags&post=100824"}],"curies":[{"name":"wp","href":"https:\/\/api.w.org\/{rel}","templated":true}]}}