{"id":100876,"date":"2023-06-19T03:05:05","date_gmt":"2023-06-19T03:05:05","guid":{"rendered":"https:\/\/haberulus.net\/?p=100876"},"modified":"2023-06-19T03:05:05","modified_gmt":"2023-06-19T03:05:05","slug":"issizlik-fonu-isverene-kaynak-oldu","status":"publish","type":"post","link":"https:\/\/haberulus.net\/?p=100876","title":{"rendered":"\u0130\u015fsizlik fonu i\u015fverene kaynak oldu"},"content":{"rendered":"<p>Y\u0131l\u0131n ilk 5 ay\u0131nda i\u015fsize \u00f6denen paran\u0131n 2 kat\u0131 i\u015fverene kaynak oldu. \u00dccretli \u00e7al\u0131\u015fanlar\u0131n i\u015fsiz kalmalar\u0131 durumunda g\u00fcvence olarak g\u00f6rd\u00fc\u011f\u00fc i\u015fsizlik fonu i\u015fverene akmaya devam ediyor. T\u00fcrkiye \u0130\u015f Kurumu&#8217;nun (\u0130\u015fkur) May\u0131s 2023 \u0130\u015fsizlik Sigortas\u0131 Fonu B\u00fclteni&#8217;ne g\u00f6re y\u0131l\u0131n ilk 5 ay\u0131nda i\u015fsizlere toplam 8 milyar 432 milyon TL \u00f6denirken ayn\u0131 d\u00f6nemde i\u015fverene yap\u0131lan te\u015fvik ve destek \u00f6demeleri 16.4 milyar liraya ula\u015ft\u0131.<\/p>\n<p>\u0130\u015fkur&#8217;un ayl\u0131k b\u00fclteninde yer alan Ocak-Nisan 2023 d\u00f6nemine ait verilere g\u00f6re i\u015fsizlik \u00f6dene\u011fine ba\u015fvuran 574 bin 940 ki\u015fiden 243 bin 607&#8217;si \u00f6dene\u011fi almaya hak kazanabildi. 2020&#8217;de i\u015fsizlik \u00f6dene\u011fi i\u00e7in 8.4 milyar lira \u00f6denirken, i\u015fverenlere yap\u0131lan te\u015fvik ve destek \u00f6demeleri yakla\u015f\u0131k 18.1 milyar lira oldu. 2021&#8217;de 5.5 milyar lira i\u015fsizlere, 21.7 milyar lira i\u015fverenlere; 2022&#8217;de 12.2 milyar lira i\u015fsizlere, 28.6 milyar lira i\u015fverenlere \u00f6deme yap\u0131ld\u0131.<\/p>\n<p><strong>21 YILLIK \u00d6DEME 5 AYIN GER\u0130S\u0130NDE<\/strong><\/p>\n<p>Ocak-May\u0131s 2023 d\u00f6neminde i\u015fverenlere destek ve te\u015fvik kapsam\u0131nda yap\u0131lan \u00f6deme daha 5 ayda 16.4 milyar liraya ula\u015fm\u0131\u015f oldu. 2022\u2019de i\u015fverene yap\u0131lan asgari \u00fccret deste\u011fi 100 lirayken bu y\u0131l 400 liraya kadar \u00e7\u0131kar\u0131ld\u0131. 2023 y\u0131l\u0131n\u0131n sonunda i\u015fverene yap\u0131lan destek miktar\u0131n\u0131n bu do\u011frultuda \u00f6nceki y\u0131llara g\u00f6re katlanmas\u0131 bekleniyor.<\/p>\n<p>Fonun uygulamada oldu\u011fu 21 y\u0131lda i\u015fsiz kalanlara \u00f6denen tutar, i\u015fverene 2023&#8217;\u00fcn 5 ay\u0131nda \u00f6denen tutar\u0131n 26.6 milyar lira gerisinde kald\u0131. \u0130\u015fsizlik Fonu&#8217;nun devreye al\u0131nd\u0131\u011f\u0131 Mart 2002&#8217;den bu yana ba\u015fvuruda bulunan 18 milyon i\u015fsizden 9.9 milyonu \u00f6dene\u011fi alabilirken, bu ki\u015filere yap\u0131lan \u00f6deme 58.2 milyar lira oldu. \u0130\u015fverene 2020, 2021, 2022 ile 2023&#8217;\u00fcn ilk 5 ay\u0131nda yap\u0131lan te\u015fvik \u00f6demeleri ise 84.8 milyar liraya ula\u015ft\u0131.<\/p>\n<p><b>Fonun toplam varl\u0131\u011f\u0131 135 milyar liray\u0131 a\u015ft\u0131<\/b><\/p>\n<p>T\u00fcrkiye \u0130\u015f Kurumu&#8217;nun (\u0130\u015fkur) \u0130\u015fsizlik Sigortas\u0131 Fonu B\u00fclteni&#8217;ne g\u00f6re, fonun toplam varl\u0131\u011f\u0131 May\u0131s 2023 itibar\u0131yla 135.1 milyar lira oldu. Gelirlerin 6 milyar liras\u0131 i\u015f\u00e7i ve i\u015fveren primi, 2 milyar liras\u0131 devlet katk\u0131s\u0131, 2.6 milyar liras\u0131 faiz gelirleri, 3.8 milyar liras\u0131 di\u011fer kaleminden olu\u015ftu. May\u0131sta toplam gelir 14.4 milyar lira olurken, 11.1 milyar liral\u0131k ise toplam gider ger\u00e7ekle\u015fti.<\/p>\n","protected":false},"excerpt":{"rendered":"<p>\u0130\u015fsiz kalanlara gelir yaratarak, yeni bir i\u015f bulana kadar ge\u00e7inmelerine imkan sa\u011flamak amac\u0131yla kurulan \u0130\u015fsizlik Fonu, i\u015fverene te\u015fvik ve destek kasas\u0131na d\u00f6nd\u00fc.<\/p>\n","protected":false},"author":1,"featured_media":100877,"comment_status":"closed","ping_status":"open","sticky":false,"template":"","format":"standard","meta":{"footnotes":""},"categories":[25],"tags":[319,83,2256,12582,1726],"class_list":["post-100876","post","type-post","status-publish","format-standard","has-post-thumbnail","hentry","category-ekonomi","tag-319","tag-is","tag-issiz","tag-isverene","tag-odeme"],"_links":{"self":[{"href":"https:\/\/haberulus.net\/index.php?rest_route=\/wp\/v2\/posts\/100876","targetHints":{"allow":["GET"]}}],"collection":[{"href":"https:\/\/haberulus.net\/index.php?rest_route=\/wp\/v2\/posts"}],"about":[{"href":"https:\/\/haberulus.net\/index.php?rest_route=\/wp\/v2\/types\/post"}],"author":[{"embeddable":true,"href":"https:\/\/haberulus.net\/index.php?rest_route=\/wp\/v2\/users\/1"}],"replies":[{"embeddable":true,"href":"https:\/\/haberulus.net\/index.php?rest_route=%2Fwp%2Fv2%2Fcomments&post=100876"}],"version-history":[{"count":1,"href":"https:\/\/haberulus.net\/index.php?rest_route=\/wp\/v2\/posts\/100876\/revisions"}],"predecessor-version":[{"id":100878,"href":"https:\/\/haberulus.net\/index.php?rest_route=\/wp\/v2\/posts\/100876\/revisions\/100878"}],"wp:featuredmedia":[{"embeddable":true,"href":"https:\/\/haberulus.net\/index.php?rest_route=\/wp\/v2\/media\/100877"}],"wp:attachment":[{"href":"https:\/\/haberulus.net\/index.php?rest_route=%2Fwp%2Fv2%2Fmedia&parent=100876"}],"wp:term":[{"taxonomy":"category","embeddable":true,"href":"https:\/\/haberulus.net\/index.php?rest_route=%2Fwp%2Fv2%2Fcategories&post=100876"},{"taxonomy":"post_tag","embeddable":true,"href":"https:\/\/haberulus.net\/index.php?rest_route=%2Fwp%2Fv2%2Ftags&post=100876"}],"curies":[{"name":"wp","href":"https:\/\/api.w.org\/{rel}","templated":true}]}}