{"id":100924,"date":"2023-06-19T07:05:34","date_gmt":"2023-06-19T07:05:34","guid":{"rendered":"https:\/\/haberulus.net\/?p=100924"},"modified":"2023-06-19T07:05:34","modified_gmt":"2023-06-19T07:05:34","slug":"imamoglundan-erdoganin-fetret-devri-sozlerine-cok-sert-tepki-anliyorum-sizi-buyuk-bir-bunalima-soktuk","status":"publish","type":"post","link":"https:\/\/haberulus.net\/?p=100924","title":{"rendered":"\u0130mamo\u011flu&#8217;ndan Erdo\u011fan&#8217;\u0131n &#8220;fetret devri&#8221; s\u00f6zlerine \u00e7ok sert tepki: Anl\u0131yorum sizi b\u00fcy\u00fck bir bunal\u0131ma soktuk"},"content":{"rendered":"<p>2024 y\u0131l\u0131nda yap\u0131lacak yerel se\u00e7imler i\u00e7in geri say\u0131m ederken Cumhurba\u015fkan\u0131 Erdo\u011fan, ge\u00e7ti\u011fimiz g\u00fcnlerde &#8220;A\u015fk\u0131m, sevdam&#8221; dedi\u011fi \u0130stanbul&#8217;u geri almak i\u00e7in var g\u00fcc\u00fcyle \u00e7al\u0131\u015facaklar\u0131n\u0131 ifade etti. <\/p>\n<p><b>&#8220;\u0130STANBUL&#8217;U FETRET DEVR\u0130NDEN \u00c7IKARACA\u011eIZ&#8221;<\/b><\/p>\n<p>Erdo\u011fan, &#8220;Bizden \u00f6nce on y\u0131llar boyunca ihmal edilen \u0130stanbul, 1994&#8217;ten itibaren mahalli idareler boyutuyla da alt\u0131n y\u0131llar\u0131n\u0131 ya\u015fam\u0131\u015ft\u0131 ancak \u0130stanbul&#8217;u birka\u00e7 senedir, yerel hizmetler noktas\u0131nda tekrar bir fetret devrine girdi\u011fine \u00fcz\u00fclerek \u015fahit oluyoruz. \u00d6n\u00fcm\u00fczdeki 9 ay s\u00fcresinde hep birlikte \u00e7al\u0131\u015farak in\u015fallah \u0130stanbul&#8217;u i\u00e7inde s\u00fcr\u00fcklendi\u011fi bu fetret devrinden hep beraber \u00e7\u0131kartaca\u011f\u0131z. Rabbim yar ve yard\u0131mc\u0131m\u0131z olsun&#8221; ifadelerini kulland\u0131.<\/p>\n<p><b>\u0130MAMO\u011eLU: B\u00dcY\u00dcK B\u0130R BUNALIMA SOKTUK<\/b><\/p>\n<p>\u0130BB Ba\u015fkan\u0131 Ekrem \u0130mamo\u011flu&#8217;ndan ise bu s\u00f6zlere yan\u0131t gecikmedi. \u0130mamo\u011flu, &#8220;Bug\u00fcn ger\u00e7ekten hala bak\u0131yorum; d\u00f6rt y\u0131l olmu\u015f, millet oy vermi\u015f, sizi t\u0131p\u0131\u015f t\u0131p\u0131\u015f evine yollam\u0131\u015f. Hala sindiremiyorlar ve birtak\u0131m ifadelerde bulunuyorlar. Efendim neymi\u015f? Bizim bu d\u00f6nemi, &#8216;fetret d\u00f6nemi&#8217; diye tan\u0131mlama cihetinde bulunuyor. Hem de ne yaz\u0131k ki yeni se\u00e7ilmi\u015f Say\u0131n Cumhurba\u015fkan\u0131, bunu bir cami a\u00e7\u0131l\u0131\u015f\u0131n\u0131n \u00f6n\u00fcnde s\u00f6yl\u00fcyor. Yani bir caminin \u00f6n\u00fcnde s\u00f6ylenecek, herhalde en son s\u00f6z, yalan konu\u015fmakt\u0131r. O bak\u0131mdan, bu s\u00f6z\u00fcn orada s\u00f6ylenmesini k\u0131n\u0131yorum. \u00c7\u00fcnk\u00fc, sizin fetret d\u00f6neminizi y\u0131k\u0131p, israf d\u00f6neminizi ortadan kald\u0131ran bizler, anl\u0131yorum ki sizi b\u00fcy\u00fck bir bunal\u0131ma soktuk.&#8221; dedi.<\/p>\n<p><b>&#8220;BUNALIM HALA DEVAM ED\u0130YOR&#8221;<\/b><\/p>\n<p>\u0130BB Ba\u015fkan\u0131 s\u00f6zlerini \u015f\u00f6yle s\u00fcrd\u00fcrd\u00fc: &#8220;O bunal\u0131m hala devam ediyor. O bunal\u0131mdan kurtulamad\u0131n\u0131z. \u0130\u015fte bug\u00fcn, burada ortaya \u00e7\u0131kan Ta\u015f Mektep, tam da bunun kar\u015f\u0131l\u0131\u011f\u0131d\u0131r. Yani ge\u00e7mi\u015ften beri metruk halde b\u0131rak\u0131p, d\u00f6n\u00fcp bile bakmad\u0131\u011f\u0131n\u0131z bu ve buna benzer \u0130stanbul&#8217;un her k\u00f6\u015fesindeki ecdad\u0131n bize b\u0131rakt\u0131\u011f\u0131 eserleri hak etti\u011fi de\u011fere kavu\u015fturmak; evet size g\u00f6re &#8216;fetret d\u00f6nemi&#8217; olabilir, ama bize g\u00f6re, tam aksine \u015fehre hak etti\u011fi de\u011feri vererek, sizin hizmetinizde olan bir avu\u00e7 insana hizmet etmek de\u011fil, insanlar\u0131m\u0131za ve 16 milyon insan\u0131m\u0131za hizmet etmenin kar\u015f\u0131l\u0131\u011f\u0131 bir g\u00f6r\u00fcnt\u00fcd\u00fcr.&#8221;<\/p>\n","protected":false},"excerpt":{"rendered":"<p>Cumhurba\u015fkan\u0131 Erdo\u011fan&#8217;\u0131n &#8220;\u00d6n\u00fcm\u00fczdeki 9 ay s\u00fcresinde hep birlikte \u00e7al\u0131\u015farak in\u015fallah \u0130stanbul&#8217;u i\u00e7inde s\u00fcr\u00fcklendi\u011fi bu fetret devrinden hep beraber \u00e7\u0131kartaca\u011f\u0131z.&#8221; \u015feklinde sarf etti\u011fi s\u00f6zlere \u0130BB Ba\u015fkan\u0131 Ekrem \u0130mamo\u011flu&#8217;ndan yan\u0131t geldi. \u0130mamo\u011flu, &#8220;Bizim bu d\u00f6nemi &#8216;fetret d\u00f6nemi&#8217; diye tan\u0131mlama cihetinde bulunuyor. Sizin fetret d\u00f6neminizi y\u0131k\u0131p, israf d\u00f6neminizi ortadan kald\u0131ran bizler, anl\u0131yorum ki sizi b\u00fcy\u00fck bir bunal\u0131ma soktuk&#8221; ifadelerini kulland\u0131.<\/p>\n","protected":false},"author":1,"featured_media":0,"comment_status":"closed","ping_status":"open","sticky":false,"template":"","format":"standard","meta":{"footnotes":""},"categories":[28],"tags":[12584,12583,2706],"class_list":["post-100924","post","type-post","status-publish","format-standard","hentry","category-politika","tag-bunalim","tag-fetret","tag-istanbulu"],"_links":{"self":[{"href":"https:\/\/haberulus.net\/index.php?rest_route=\/wp\/v2\/posts\/100924","targetHints":{"allow":["GET"]}}],"collection":[{"href":"https:\/\/haberulus.net\/index.php?rest_route=\/wp\/v2\/posts"}],"about":[{"href":"https:\/\/haberulus.net\/index.php?rest_route=\/wp\/v2\/types\/post"}],"author":[{"embeddable":true,"href":"https:\/\/haberulus.net\/index.php?rest_route=\/wp\/v2\/users\/1"}],"replies":[{"embeddable":true,"href":"https:\/\/haberulus.net\/index.php?rest_route=%2Fwp%2Fv2%2Fcomments&post=100924"}],"version-history":[{"count":1,"href":"https:\/\/haberulus.net\/index.php?rest_route=\/wp\/v2\/posts\/100924\/revisions"}],"predecessor-version":[{"id":100925,"href":"https:\/\/haberulus.net\/index.php?rest_route=\/wp\/v2\/posts\/100924\/revisions\/100925"}],"wp:attachment":[{"href":"https:\/\/haberulus.net\/index.php?rest_route=%2Fwp%2Fv2%2Fmedia&parent=100924"}],"wp:term":[{"taxonomy":"category","embeddable":true,"href":"https:\/\/haberulus.net\/index.php?rest_route=%2Fwp%2Fv2%2Fcategories&post=100924"},{"taxonomy":"post_tag","embeddable":true,"href":"https:\/\/haberulus.net\/index.php?rest_route=%2Fwp%2Fv2%2Ftags&post=100924"}],"curies":[{"name":"wp","href":"https:\/\/api.w.org\/{rel}","templated":true}]}}