{"id":101019,"date":"2023-06-19T09:19:32","date_gmt":"2023-06-19T09:19:32","guid":{"rendered":"https:\/\/haberulus.net\/?p=101019"},"modified":"2023-06-19T09:19:32","modified_gmt":"2023-06-19T09:19:32","slug":"kritik-zirvede-kilicdarogluna-baskanlik-icin-bana-el-ver-dedi-mi-ekrem-imamoglu-yanitladi","status":"publish","type":"post","link":"https:\/\/haberulus.net\/?p=101019","title":{"rendered":"Kritik zirvede K\u0131l\u0131\u00e7daro\u011flu&#8217;na &#8220;Ba\u015fkanl\u0131k i\u00e7in bana el ver&#8221; dedi mi? Ekrem \u0130mamo\u011flu yan\u0131tlad\u0131"},"content":{"rendered":"<p> <strong>Se\u00e7im<\/strong> ma\u011flubiyeti sonras\u0131 CHP&#8217;de &#8220;de\u011fi\u015fim&#8221; ate\u015fini yakan \u0130stanbul B\u00fcy\u00fck\u015fehir Belediye Ba\u015fkan\u0131 Ekrem \u0130mamo\u011flu ge\u00e7ti\u011fimiz g\u00fcnlerde CHP Genel Ba\u015fkan\u0131 Kemal K\u0131l\u0131\u00e7daro\u011flu ile Ankara&#8217;da kritik bir g\u00f6r\u00fc\u015fme ger\u00e7ekle\u015ftirmi\u015fti.<\/p>\n<p><b>&#8220;Y\u00d6NTEMLER\u0130 DE\u011e\u0130\u015eT\u0130RMEM\u0130Z GEREK\u0130YOR&#8221;<\/b><\/p>\n<p>Zirveye ili\u015fkin de\u011ferlendirmelerde bulunan \u0130mamo\u011flu, &#8220;de\u011fi\u015fim&#8221; ile ne kastetti\u011fi y\u00f6n\u00fcndeki soruya &#8220;Ne gerekiyorsa o. Bug\u00fcne kadar denedi\u011fimiz y\u00f6ntemlerle, ba\u015far\u0131 elde edemediysek e\u011fer, y\u00f6ntemleri de\u011fi\u015ftirmemiz gerekiyor. Bunu da partinin ortak akl\u0131 ile tespit etmemiz gerekiyor. Ama bunu yapmak i\u00e7in \u00f6nce durumu anlamam\u0131z, kabul etmemiz gerek.<\/p>\n<p><b>&#8220;H\u0130\u00c7B\u0130R \u015eEY OLMAMI\u015e G\u0130B\u0130 DAVRANAMAYIZ&#8221;<\/b><\/p>\n<p>Se\u00e7imi kaybettik. Y\u00fczde 48 elbette k\u00f6t\u00fc bir oran de\u011fil ama kazanmaya yetmeyen bir oran ve biz se\u00e7imi kaybettikten sonra, \u00fcstelik de  <strong>se\u00e7im<\/strong> kampanyas\u0131 s\u00fcresince bu se\u00e7imi kazanman\u0131n T\u00fcrkiye&#8217;nin gelece\u011fi a\u00e7\u0131s\u0131ndan ne kadar \u00f6nemli oldu\u011funu vurgulad\u0131ktan sonra se\u00e7imi kaybetmemize ra\u011fmen hi\u00e7bir \u015fey olmam\u0131\u015f gibi davranamay\u0131z&#8221; yan\u0131t\u0131n\u0131 verdi.<\/p>\n<p><b>&#8220;GENEL BA\u015eKAN S\u00dcREC\u0130N SONUNDA B\u0130R\u0130NE EL VERMEL\u0130&#8221;<\/b><\/p>\n<p>CHP i\u00e7indeki de\u011fi\u015fimin bir an \u00f6nce ba\u015flamas\u0131 gerekti\u011fini belirten \u0130mamo\u011flu, &#8220;Bu s\u00fcre\u00e7 i\u00e7inde bir takvim belirlenir ve bu takvime g\u00f6re her \u015fey CHP&#8217;ye yak\u0131\u015f\u0131r \u015fekilde ilerler. Genel Ba\u015fkan da onurlu bir \u015fekilde s\u00fcreci o y\u00f6netir. Ve sonunda birine el verir&#8221; dedi.<\/p>\n<p><b>&#8220;DE\u011e\u0130\u015e\u0130M\u0130 BA\u015eLATAN GENEL BA\u015eKAN OLMALI&#8221;<\/b><\/p>\n<p>Gazeteci Fatih Altayl\u0131&#8217;n\u0131n &#8220;O biri siz misiniz? Genel Ba\u015fkan&#8217;a b\u00f6yle bir \u015fey s\u00f6yledi\u011finiz yaz\u0131ld\u0131, s\u00f6ylendi&#8221; sorusuna da yan\u0131t veren \u0130BB Ba\u015fkan\u0131 Ekrem \u0130mamo\u011flu, &#8220;B\u00f6yle bir \u015fey ne dedim ne de derim. Ben &#8216;hi\u00e7bir \u015fey olmam\u0131\u015f gibi davranamay\u0131z. Oturup konu\u015fmal\u0131, de\u011fi\u015fimi ba\u015flatmal\u0131y\u0131z, bunu ba\u015flatan da genel ba\u015fkan olmal\u0131&#8217; diyorum&#8221; ifadelerini kulland\u0131.<\/p>\n","protected":false},"excerpt":{"rendered":"<p>\u0130BB Ba\u015fkan\u0131 Ekrem \u0130mamo\u011flu parti i\u00e7indeki de\u011fi\u015fimin bir an \u00f6nce ba\u015flamas\u0131n\u0131 gerekti\u011fini belirtip &#8220;Genel Ba\u015fkan onurlu bir \u015fekilde s\u00fcreci y\u00f6netmeli ve sonunda birine el vermeli&#8221; diye konu\u015ftu. &#8220;O biri siz misiniz? Genel Ba\u015fkan&#8217;a b\u00f6yle bir \u015fey s\u00f6yledi\u011finiz yaz\u0131ld\u0131&#8221; sorusuna da yan\u0131t veren \u0130mamo\u011flu, &#8220;B\u00f6yle bir \u015fey ne dedim ne de derim. Ben &#8216;Oturup konu\u015fmal\u0131 ve de\u011fi\u015fimi ba\u015flatmal\u0131y\u0131z. Bunu ba\u015flatan da genel ba\u015fkan olmal\u0131&#8217; diyorum&#8221; ifadesini kulland\u0131.<\/p>\n","protected":false},"author":1,"featured_media":0,"comment_status":"closed","ping_status":"open","sticky":false,"template":"","format":"standard","meta":{"footnotes":""},"categories":[28],"tags":[3039,320],"class_list":["post-101019","post","type-post","status-publish","format-standard","hentry","category-politika","tag-genel-baskan","tag-secim"],"_links":{"self":[{"href":"https:\/\/haberulus.net\/index.php?rest_route=\/wp\/v2\/posts\/101019","targetHints":{"allow":["GET"]}}],"collection":[{"href":"https:\/\/haberulus.net\/index.php?rest_route=\/wp\/v2\/posts"}],"about":[{"href":"https:\/\/haberulus.net\/index.php?rest_route=\/wp\/v2\/types\/post"}],"author":[{"embeddable":true,"href":"https:\/\/haberulus.net\/index.php?rest_route=\/wp\/v2\/users\/1"}],"replies":[{"embeddable":true,"href":"https:\/\/haberulus.net\/index.php?rest_route=%2Fwp%2Fv2%2Fcomments&post=101019"}],"version-history":[{"count":1,"href":"https:\/\/haberulus.net\/index.php?rest_route=\/wp\/v2\/posts\/101019\/revisions"}],"predecessor-version":[{"id":101020,"href":"https:\/\/haberulus.net\/index.php?rest_route=\/wp\/v2\/posts\/101019\/revisions\/101020"}],"wp:attachment":[{"href":"https:\/\/haberulus.net\/index.php?rest_route=%2Fwp%2Fv2%2Fmedia&parent=101019"}],"wp:term":[{"taxonomy":"category","embeddable":true,"href":"https:\/\/haberulus.net\/index.php?rest_route=%2Fwp%2Fv2%2Fcategories&post=101019"},{"taxonomy":"post_tag","embeddable":true,"href":"https:\/\/haberulus.net\/index.php?rest_route=%2Fwp%2Fv2%2Ftags&post=101019"}],"curies":[{"name":"wp","href":"https:\/\/api.w.org\/{rel}","templated":true}]}}