{"id":101045,"date":"2023-06-19T09:49:32","date_gmt":"2023-06-19T09:49:32","guid":{"rendered":"https:\/\/haberulus.net\/?p=101045"},"modified":"2023-06-19T09:49:32","modified_gmt":"2023-06-19T09:49:32","slug":"iyi-partide-deprem-suruyor-parti-kurucularindan-taylan-yildiz-da-gorevinden-istifa-etti","status":"publish","type":"post","link":"https:\/\/haberulus.net\/?p=101045","title":{"rendered":"\u0130Y\u0130 Parti&#8217;de deprem s\u00fcr\u00fcyor! Parti kurucular\u0131ndan Taylan Y\u0131ld\u0131z da g\u00f6revinden istifa etti"},"content":{"rendered":"<p> <strong>\u0130yi Parti<\/strong> \u0130BB Meclis \u00dcyesi Taylan Y\u0131ld\u0131z kurucusu oldu\u011fu partiden istifa etti\u011fini sosyal medya hesab\u0131ndan payla\u015ft\u0131\u011f\u0131 videoyla duyurdu.<\/p>\n<p><b>&#8220;BEN\u0130M K\u0130\u015e\u0130LERLE H\u0130\u00c7B\u0130R ZAMAN MESELEM OLMADI&#8221;<\/b><\/p>\n<p>Y\u0131ld\u0131z, &#8220;Kurucusu oldu\u011fum \u0130yi Parti \u00fcyeli\u011finden istifa ediyorum. Bir hafta ge\u00e7ti. T\u00fcm sorular\u0131n\u0131za bu video ile cevap vererek, sonras\u0131nda yapacaklar\u0131m\u0131z\u0131 sizlerle payla\u015ft\u0131m. Sebebi ki\u015fisel de\u011fil, sistemsel&#8230; Bilinsin isterim ki benim ki\u015filerle hi\u00e7bir zaman meselem olmad\u0131. Benim ba\u015fka bir meselem var: Ankara&#8217;n\u0131n gen\u00e7leri duymamas\u0131 meselesi\u2026 Bu meseleyi \u00e7\u00f6zmek i\u00e7in, yeni bir gelecek i\u00e7in birlikte olmaya, \u00e7abalamaya, m\u00fccadele etmeye devam edelim. Ve umudu elden b\u0131rakmayal\u0131m, daha yeni ba\u015fl\u0131yoruz!&#8221; a\u00e7\u0131klamas\u0131n\u0131 yapt\u0131.<\/p>\n<p><b>&#8220;PART\u0130 \u0130\u00c7\u0130 DEMOKRAS\u0130C\u0130L\u0130K OYNUYORUZ&#8221;<\/b><\/p>\n<p>Y\u0131ld\u0131z, &#8220;Hangi aday daha \u00e7ok oy getirir \u00f6l\u00e7m\u00fcyoruz. \u00dcyelere sorduk diyoruz ancak d\u00fc\u015f\u00fck kat\u0131l\u0131mla ve ceplerdeki isim listeleriyle parti i\u00e7i demokrasicilik oynuyoruz&#8221; dedi. Y\u0131ld\u0131z,  <strong>se\u00e7im<\/strong> d\u00f6neminde Millet \u0130ttifak\u0131&#8217;na zarar verme endi\u015fesi ile istifa karar\u0131n\u0131 erteledi\u011fini belirterek, &#8220;Art\u0131k zaman hassasiyetler \u00fczerinden bekleme de\u011fil, bir \u015fey yapma zaman\u0131&#8221; ifadesini kulland\u0131.<\/p>\n<p><b>&#8220;S\u0130YASETTE M\u00dcCADELE ETMEYE DEVAM EDECE\u011e\u0130M&#8221;<\/b><\/p>\n<p>Y\u0131ld\u0131z, &#8220;Ne g\u00fcndeminiz ne de\u011ferleriniz ne dertleriniz Ankara d\u00fczenindeki sa\u011f\u0131r kulaklarda kar\u015f\u0131l\u0131k bulmuyor. Bu se\u00e7imden sonra \u015funu anlad\u0131k ki b\u00fcy\u00fck de\u011fi\u015fimler i\u00e7in oy vermek yetmiyor. Yeni yollar a\u00e7mak laz\u0131m. D\u00fcn d\u00fcnde kald\u0131, bug\u00fcn yeni \u015feyler s\u00f6ylemek laz\u0131m. Ben y\u0131llard\u0131r yapt\u0131\u011f\u0131m gibi siz gen\u00e7lerin sesi olmaya, sizler i\u00e7in projeler \u00fcretmeye, siyasette m\u00fccadele etmeye devam edece\u011fim. Ama mevcut siyasi zihniyetle bu olmayacak. Bu y\u00fczden istifa ediyorum&#8221; diye konu\u015ftu.<\/p>\n<p><img decoding=\"async\" src=\"https:\/\/i.hbrcdn.com\/haber\/2023\/06\/19\/iyi-parti-de-deprem-suruyor-parti-kurucularindan-16044514_4584_m.jpg\" alt=\"\" title=\"\"><\/p>\n<p><b>AYTUN \u00c7IRAY VE AHAT AND\u0130CAN DA \u0130ST\u0130FA ETM\u0130\u015eT\u0130<\/b><\/p>\n<p>Se\u00e7imin ard\u0131ndan  <strong>\u0130yi Parti<\/strong>&#8216;de istifa depremi s\u00fcrerken ge\u00e7ti\u011fimiz g\u00fcnlerde \u0130Y\u0130 Parti Genel Ba\u015fkan Yard\u0131mc\u0131s\u0131 Aytun \u00c7\u0131ray ve \u0130Y\u0130 Parti kurucular\u0131ndan, eski \u0130stanbul Milletvekili Ahat Andican da zehir zemberek a\u00e7\u0131klamalarla partilerinden ayr\u0131lm\u0131\u015ft\u0131.<\/p>\n","protected":false},"excerpt":{"rendered":"<p>Genel Ba\u015fkan Ba\u015fdan\u0131\u015fman\u0131 Aytun \u00c7\u0131ray ve eski \u0130stanbul Milletvekili Ahat Andican&#8217;dan sonra \u0130Y\u0130 Parti&#8217;de bir kritik istifa karar\u0131 daha geldi. \u0130Y\u0130 Parti kurucular\u0131ndan ve \u0130stanbul B\u00fcy\u00fck\u015fehir Belediye Meclisi \u00dcyesi Taylan Y\u0131ld\u0131z, sosyal medya hesab\u0131ndan payla\u015ft\u0131\u011f\u0131 video ile partisinden istifa etti\u011fini duyurdu. Y\u0131ld\u0131z, meselesinin ki\u015fisel de\u011fil sistemsel oldu\u011funu belirterek, &#8220;Ankara&#8217;n\u0131n gen\u00e7leri duymad\u0131\u011f\u0131n\u0131&#8221; s\u00f6yledi.<\/p>\n","protected":false},"author":1,"featured_media":0,"comment_status":"closed","ping_status":"open","sticky":false,"template":"","format":"standard","meta":{"footnotes":""},"categories":[28],"tags":[583,2756,1156],"class_list":["post-101045","post","type-post","status-publish","format-standard","hentry","category-politika","tag-istifa","tag-iyi-parti","tag-yildiz"],"_links":{"self":[{"href":"https:\/\/haberulus.net\/index.php?rest_route=\/wp\/v2\/posts\/101045","targetHints":{"allow":["GET"]}}],"collection":[{"href":"https:\/\/haberulus.net\/index.php?rest_route=\/wp\/v2\/posts"}],"about":[{"href":"https:\/\/haberulus.net\/index.php?rest_route=\/wp\/v2\/types\/post"}],"author":[{"embeddable":true,"href":"https:\/\/haberulus.net\/index.php?rest_route=\/wp\/v2\/users\/1"}],"replies":[{"embeddable":true,"href":"https:\/\/haberulus.net\/index.php?rest_route=%2Fwp%2Fv2%2Fcomments&post=101045"}],"version-history":[{"count":1,"href":"https:\/\/haberulus.net\/index.php?rest_route=\/wp\/v2\/posts\/101045\/revisions"}],"predecessor-version":[{"id":101046,"href":"https:\/\/haberulus.net\/index.php?rest_route=\/wp\/v2\/posts\/101045\/revisions\/101046"}],"wp:attachment":[{"href":"https:\/\/haberulus.net\/index.php?rest_route=%2Fwp%2Fv2%2Fmedia&parent=101045"}],"wp:term":[{"taxonomy":"category","embeddable":true,"href":"https:\/\/haberulus.net\/index.php?rest_route=%2Fwp%2Fv2%2Fcategories&post=101045"},{"taxonomy":"post_tag","embeddable":true,"href":"https:\/\/haberulus.net\/index.php?rest_route=%2Fwp%2Fv2%2Ftags&post=101045"}],"curies":[{"name":"wp","href":"https:\/\/api.w.org\/{rel}","templated":true}]}}