{"id":101565,"date":"2023-06-20T07:35:38","date_gmt":"2023-06-20T07:35:38","guid":{"rendered":"https:\/\/haberulus.net\/?p=101565"},"modified":"2023-06-20T07:35:38","modified_gmt":"2023-06-20T07:35:38","slug":"ilk-adimi-attik","status":"publish","type":"post","link":"https:\/\/haberulus.net\/?p=101565","title":{"rendered":"\u0130lk ad\u0131m\u0131 att\u0131k"},"content":{"rendered":"<div>\n<div> <img decoding=\"async\" src=\"https:\/\/i01.sozcucdn.com\/wp-content\/themes\/Sozcu_V4\/assets\/images\/yazarlar\/yasin-yildirim.png?v=8.0.6.10\" alt=\"\" title=\"\"> <\/div>\n<div>\n<div> Yasin Y\u0131ld\u0131r\u0131m <\/p>\n<div>  \u0130leti\u015fim Bilgileri <\/div>\n<\/p><\/div>\n<\/p><\/div>\n<\/p><\/div>\n<p>Samsun, Ulu \u00d6nder Mustafa Kemal Atat\u00fcrk&#8217;\u00fcn ba\u011f\u0131ms\u0131zl\u0131\u011f\u0131m\u0131z i\u00e7in ilk ad\u0131m\u0131 att\u0131\u011f\u0131 Cumhuriyet \u015fehri. Biz de o ad\u0131mlar\u0131 takip ederek bizi EURO 2024&#8217;e g\u00f6t\u00fcrecek o en g\u00fc\u00e7l\u00fc ad\u0131m\u0131 atabilmek i\u00e7in 19 May\u0131s Stad\u0131&#8217;n\u0131n yolunu tuttuk.<\/p>\n<p>Samsun ayn\u0131 zamanda bir futbol \u015fehri. Stat ve taraftar muhte\u015fem. B\u00f6yle bir destekle ma\u00e7a iyi ba\u015flad\u0131k, Merih&#8217;in Zeki&#8217;ye yapt\u0131\u011f\u0131 m\u00fcthi\u015f asist bir omuz boyuyla ofsayta tak\u0131l\u0131nca tak\u0131m da oyundan biraz d\u00fc\u015ft\u00fc. O istedi\u011fimiz bask\u0131y\u0131 kuramay\u0131nca da Galler diren\u00e7 kazanmaya ba\u015flad\u0131. Kerem&#8217;in formsuzlu\u011fu, Bar\u0131\u015f&#8217;\u0131n ileri u\u00e7ta nokta santrafor olamayaca\u011f\u0131 ger\u00e7e\u011fi derken imdada Galler&#8217;in k\u0131rm\u0131z\u0131 kart\u0131 yeti\u015fti.<\/p>\n<p>\u0130kinci yar\u0131da Kuntz&#8217;un de\u011fi\u015fiklikleriyle ta\u015flar yerine oturdu. Ferdi sa\u011fa, Bar\u0131\u015f kanada, Umut da olmas\u0131 gereken ileri uca ge\u00e7ince Galler&#8217;in direnci k\u0131r\u0131lmaya ba\u015flad\u0131. Arda G\u00fcler de girince Bizim \u00c7ocuklar geri d\u00f6nd\u00fc.<\/p>\n<p>\u00d6nce penalt\u0131 geldi, ard\u0131ndan gol ama skor hala 0-0&#8217;d\u0131. Vard\u0131 bir \u015fanss\u0131zl\u0131k ama k\u0131r\u0131lacakt\u0131. Bar\u0131\u015f&#8217;\u0131n m\u00fcthi\u015f ortas\u0131nda havada as\u0131l\u0131 kalan Umut&#8217;un nefis gol\u00fc Galler&#8217;i y\u0131kt\u0131.<\/p>\n<p>Ard\u0131ndan Arda&#8217;n\u0131n kalecinin de izlemeye de\u011fer buldu\u011fu enfes vuru\u015fu EURO 2024&#8217;\u00fcn kap\u0131lar\u0131n\u0131 bize ard\u0131na kadar a\u00e7t\u0131. O en \u00f6nemli ilk ad\u0131m\u0131 Samsun&#8217;da atm\u0131\u015ft\u0131k art\u0131k. En zor k\u0131s\u0131m ge\u00e7ildi.<\/p>\n<p>Almanya&#8217;ya gidip ev sahibi olarak yerimizi almal\u0131y\u0131z. Kellesi i\u00e7in beklenen Kuntz da bavul toplamadan memleketine g\u00f6n\u00fcl rahatl\u0131\u011f\u0131 ile gidebilir art\u0131k. \u0130yi bir tatili hak etti.<\/p>\n<div>  <span> <img decoding=\"async\" src=\"https:\/\/i01.sozcucdn.com\/wp-content\/themes\/Sozcu_V4\/assets\/images\/yazarlar\/yasin-yildirim.png?v=8.0.6.10\" alt=\"\" title=\"\"><br \/> <\/span> <span> <span>Yasin Y\u0131ld\u0131r\u0131m<\/span>  <\/span>  <\/div>\n","protected":false},"excerpt":{"rendered":"<p>Yasin Y\u0131ld\u0131r\u0131m \u0130leti\u015fim Bilgileri Samsun, Ulu \u00d6nder Mustafa Kemal Atat\u00fcrk&#8217;\u00fcn ba\u011f\u0131ms\u0131zl\u0131\u011f\u0131m\u0131z i\u00e7in ilk ad\u0131m\u0131 att\u0131\u011f\u0131 Cumhuriyet \u015fehri. Biz de o ad\u0131mlar\u0131 takip ederek bizi EURO 2024&#8217;e g\u00f6t\u00fcrecek o en g\u00fc\u00e7l\u00fc ad\u0131m\u0131 atabilmek i\u00e7in 19 May\u0131s Stad\u0131 &#8230;<\/p>\n","protected":false},"author":1,"featured_media":101566,"comment_status":"closed","ping_status":"open","sticky":false,"template":"","format":"standard","meta":{"footnotes":""},"categories":[31],"tags":[],"class_list":["post-101565","post","type-post","status-publish","format-standard","has-post-thumbnail","hentry","category-spor"],"_links":{"self":[{"href":"https:\/\/haberulus.net\/index.php?rest_route=\/wp\/v2\/posts\/101565","targetHints":{"allow":["GET"]}}],"collection":[{"href":"https:\/\/haberulus.net\/index.php?rest_route=\/wp\/v2\/posts"}],"about":[{"href":"https:\/\/haberulus.net\/index.php?rest_route=\/wp\/v2\/types\/post"}],"author":[{"embeddable":true,"href":"https:\/\/haberulus.net\/index.php?rest_route=\/wp\/v2\/users\/1"}],"replies":[{"embeddable":true,"href":"https:\/\/haberulus.net\/index.php?rest_route=%2Fwp%2Fv2%2Fcomments&post=101565"}],"version-history":[{"count":1,"href":"https:\/\/haberulus.net\/index.php?rest_route=\/wp\/v2\/posts\/101565\/revisions"}],"predecessor-version":[{"id":101567,"href":"https:\/\/haberulus.net\/index.php?rest_route=\/wp\/v2\/posts\/101565\/revisions\/101567"}],"wp:featuredmedia":[{"embeddable":true,"href":"https:\/\/haberulus.net\/index.php?rest_route=\/wp\/v2\/media\/101566"}],"wp:attachment":[{"href":"https:\/\/haberulus.net\/index.php?rest_route=%2Fwp%2Fv2%2Fmedia&parent=101565"}],"wp:term":[{"taxonomy":"category","embeddable":true,"href":"https:\/\/haberulus.net\/index.php?rest_route=%2Fwp%2Fv2%2Fcategories&post=101565"},{"taxonomy":"post_tag","embeddable":true,"href":"https:\/\/haberulus.net\/index.php?rest_route=%2Fwp%2Fv2%2Ftags&post=101565"}],"curies":[{"name":"wp","href":"https:\/\/api.w.org\/{rel}","templated":true}]}}