{"id":101568,"date":"2023-06-20T07:35:39","date_gmt":"2023-06-20T07:35:39","guid":{"rendered":"https:\/\/haberulus.net\/?p=101568"},"modified":"2023-06-20T07:35:39","modified_gmt":"2023-06-20T07:35:39","slug":"turk-kadin-basketbolundaki-cokus-devam-ediyor-istikrarli-basarisizlik","status":"publish","type":"post","link":"https:\/\/haberulus.net\/?p=101568","title":{"rendered":"T\u00fcrk kad\u0131n basketbolundaki \u00e7\u00f6k\u00fc\u015f devam ediyor: \u0130stikrarl\u0131 ba\u015far\u0131s\u0131zl\u0131k!"},"content":{"rendered":"<p>Kalbur\u00fcst\u00fc yabanc\u0131 y\u0131ld\u0131zlarla takviyeli kul\u00fcp tak\u0131mlar\u0131yla Avrupa kupalar\u0131nda ba\u015far\u0131l\u0131 sonu\u00e7lar alan T\u00fcrk basketbolunun milli tak\u0131mlar d\u00fczeyindeki \u00e7\u00f6k\u00fc\u015f\u00fc t\u00fcm h\u0131z\u0131yla s\u00fcr\u00fcyor.<\/p>\n<p>Erkek basketbolundan sonra kad\u0131n basketbolunda da dibe vuru\u015fumuz tescillendi. A Milli Kad\u0131n Tak\u0131m\u0131m\u0131z, Slovenya ve \u0130srail&#8217;in ortakla\u015fa d\u00fczenledi\u011fi Avrupa \u015eampiyonas\u0131&#8217;na D Grubu&#8217;nda 1 galibiyet 2 yenilgiyle d\u00f6rd\u00fcnc\u00fc ve sonuncu olarak ilk turda havlu att\u0131. T\u00fcrkiye, iki ev sahibi ve Letonya ile birlikte elenen 4 \u00fclkeden biri oldu.<\/p>\n<p>2005&#8217;ten itibaren t\u00fcm Avrupa \u015fampiyonalar\u0131na kat\u0131lan, 2011&#8217;de ikinci, 2013&#8217;te \u00fc\u00e7\u00fcnc\u00fc olarak madalya alan Potan\u0131n Perileri; 2010&#8217;lar\u0131n ikinci yar\u0131s\u0131ndan itibaren b\u00fcy\u00fck bir d\u00fc\u015f\u00fc\u015fe ge\u00e7ti. Ay-Y\u0131ld\u0131zl\u0131lar, son 3 Avrupa \u015eampiyonas\u0131&#8217;nda (2019, 2021, 2023) gruptan \u00e7\u0131kamad\u0131; 9 ma\u00e7ta sadece 2 galibiyet alabildi ve 16 tak\u0131m aras\u0131nda 14. olabildi.<\/p>\n<p><b>NEREDEN NEREYE?<\/b><\/p>\n<p>T\u00fcrkiye, kad\u0131n basketbolunda s\u00fcrekli yabanc\u0131lar i\u00e7in para harcay\u0131p Nevriye Y\u0131lmaz, Birsel Vardarl\u0131 Demirmen ve I\u015f\u0131l Alben gibi y\u0131ld\u0131zlar yeti\u015ftirememenin faturas\u0131n\u0131 \u00f6d\u00fcyor.<\/p>\n<p>Alt\u0131n jenerasyon, Avrupa \u015fampiyonalar\u0131nda 1 g\u00fcm\u00fc\u015f, 1 bronz madalya al\u0131rken; 2014&#8217;te de d\u00fcnya d\u00f6rd\u00fcnc\u00fcs\u00fc olmu\u015ftu. Ayn\u0131 tak\u0131m 2012 ve 2016&#8217;da art arda iki olimpiyat g\u00f6rm\u00fc\u015f; s\u0131ras\u0131yla be\u015fincilik ve alt\u0131nc\u0131l\u0131k elde edip tarihi sonu\u00e7lara imza atarak kad\u0131n voleybolculardan bile daha ba\u015far\u0131l\u0131 olmu\u015ftu.<\/p>\n<p><b>BECEREMED\u0130K!<\/b><\/p>\n<p>A Milli Kad\u0131n Basketbol Tak\u0131m\u0131 Ba\u015fantren\u00f6r\u00fc Ekrem Memnun, 80-66&#8217;l\u0131k Slovakya yenilgisinin ard\u0131ndan ba\u015far\u0131s\u0131zl\u0131\u011f\u0131 de\u011ferlendirirken \u201cKa\u00e7\u0131rd\u0131\u011f\u0131m\u0131z 3. b\u00fcy\u00fck turnuva olacak bu. \u0130yi turnuva oynamad\u0131k\u00e7a b\u00fcy\u00fck oyuncu olmak \u00e7ok zor. Daha \u00e7ok gen\u00e7 bir tak\u0131m\u0131z. Onlar ad\u0131na \u00e7ok istiyordum, gelecekleri i\u00e7in. Maalesef beceremedik\u201d dedi.<\/p>\n","protected":false},"excerpt":{"rendered":"<p>Bir zamanlar Avrupa&#8217;n\u0131n zirvesindeki yerini koruyan T\u00fcrkiye A Milli Kad\u0131n Basketbol Tak\u0131m\u0131, son y\u0131llardaki performans\u0131yla hayranlar\u0131n\u0131 hayal k\u0131r\u0131kl\u0131\u011f\u0131na u\u011frat\u0131yor. 2023 Avrupa \u015eampiyonas\u0131&#8217;nda ilk turda elenme \u015foku ya\u015fayan Potan\u0131n Perileri, basketbol severlere eski parlak g\u00fcnlerini \u00f6zletiyor.<\/p>\n","protected":false},"author":1,"featured_media":101569,"comment_status":"closed","ping_status":"open","sticky":false,"template":"","format":"standard","meta":{"footnotes":""},"categories":[31],"tags":[253,5101,209,192],"class_list":["post-101568","post","type-post","status-publish","format-standard","has-post-thumbnail","hentry","category-spor","tag-avrupa","tag-basketbol","tag-kadin","tag-takim"],"_links":{"self":[{"href":"https:\/\/haberulus.net\/index.php?rest_route=\/wp\/v2\/posts\/101568","targetHints":{"allow":["GET"]}}],"collection":[{"href":"https:\/\/haberulus.net\/index.php?rest_route=\/wp\/v2\/posts"}],"about":[{"href":"https:\/\/haberulus.net\/index.php?rest_route=\/wp\/v2\/types\/post"}],"author":[{"embeddable":true,"href":"https:\/\/haberulus.net\/index.php?rest_route=\/wp\/v2\/users\/1"}],"replies":[{"embeddable":true,"href":"https:\/\/haberulus.net\/index.php?rest_route=%2Fwp%2Fv2%2Fcomments&post=101568"}],"version-history":[{"count":1,"href":"https:\/\/haberulus.net\/index.php?rest_route=\/wp\/v2\/posts\/101568\/revisions"}],"predecessor-version":[{"id":101570,"href":"https:\/\/haberulus.net\/index.php?rest_route=\/wp\/v2\/posts\/101568\/revisions\/101570"}],"wp:featuredmedia":[{"embeddable":true,"href":"https:\/\/haberulus.net\/index.php?rest_route=\/wp\/v2\/media\/101569"}],"wp:attachment":[{"href":"https:\/\/haberulus.net\/index.php?rest_route=%2Fwp%2Fv2%2Fmedia&parent=101568"}],"wp:term":[{"taxonomy":"category","embeddable":true,"href":"https:\/\/haberulus.net\/index.php?rest_route=%2Fwp%2Fv2%2Fcategories&post=101568"},{"taxonomy":"post_tag","embeddable":true,"href":"https:\/\/haberulus.net\/index.php?rest_route=%2Fwp%2Fv2%2Ftags&post=101568"}],"curies":[{"name":"wp","href":"https:\/\/api.w.org\/{rel}","templated":true}]}}