{"id":101619,"date":"2023-06-20T08:51:03","date_gmt":"2023-06-20T08:51:03","guid":{"rendered":"https:\/\/haberulus.net\/?p=101619"},"modified":"2023-06-20T08:51:03","modified_gmt":"2023-06-20T08:51:03","slug":"duden-ve-kursunlu-selaleleri-canliligiyla-kendine-hayran-birakti","status":"publish","type":"post","link":"https:\/\/haberulus.net\/?p=101619","title":{"rendered":"D\u00fcden ve Kur\u015funlu \u015felaleleri canl\u0131l\u0131\u011f\u0131yla kendine hayran b\u0131rakt\u0131"},"content":{"rendered":"<p>Meteoroloji verilerine g\u00f6re may\u0131s ay\u0131 normali 43,9 milimetre olan ve ge\u00e7en y\u0131l ayn\u0131 d\u00f6nemde metrekareye 36,2 milimetre ya\u011f\u0131\u015f alan Akdeniz B\u00f6lgesi, bu d\u00f6nem 66,6 milimetre ya\u011f\u0131\u015f ald\u0131.<\/p>\n<p>B\u00f6lgede mevsim normallerinin \u00fczerinde etkili olan ya\u011f\u0131\u015flar, Antalya\u2019n\u0131n simgeleri aras\u0131nda yer alan, her y\u0131l binlerce turistin ziyaret etti\u011fi D\u00fcden ve Kur\u015funlu \u015felalelerinin, haziran ay\u0131na ra\u011fmen g\u00fcr \u00e7a\u011flamas\u0131n\u0131 sa\u011flad\u0131.<\/p>\n<p>Aksu il\u00e7esinde yer alan Kur\u015funlu \u015eelalesi Tabiat Park\u0131 ile Kepez il\u00e7esindeki D\u00fcden \u015eelalesi, zengin bitki \u00f6rt\u00fcs\u00fc, ku\u015f sesleri ve g\u00fcr\u00fcl g\u00fcr\u00fcl akan sular\u0131yla bu sezon da \u00e7ok say\u0131da do\u011faseveri a\u011f\u0131rl\u0131yor.<\/p>\n<p>Ye\u015fil ve mavinin b\u00fct\u00fcnle\u015fti\u011fi \u015felaleler, e\u015fsiz do\u011fal g\u00fczelli\u011fiyle ziyaret\u00e7ilerine renkli bir d\u00fcnyan\u0131n kap\u0131s\u0131n\u0131 aral\u0131yor.<\/p>\n<p>\u015eelaleler, suyun akt\u0131\u011f\u0131 vadi boyunca orman\u0131n derinliklerine do\u011fru ilerleyen ziyaret\u00e7ilerine, do\u011fas\u0131 ve dinginli\u011fiyle huzurlu bir tatil deneyimi sunuyor.<\/p>\n<p><img decoding=\"async\" src=\"https:\/\/i01.sozcucdn.com\/wp-content\/uploads\/2023\/06\/20\/resim5_23228335.jpg\" alt=\"\" title=\"\"><\/p>\n<p><strong>\u201cG\u00fczelli\u011fini korumaya devam ediyor\u201d<\/strong><\/p>\n<p>Do\u011fa Koruma ve Milli Parklar 6. B\u00f6lge M\u00fcd\u00fcrl\u00fc\u011f\u00fc Antalya \u015eube M\u00fcd\u00fcr\u00fc \u0130smail Kaya, Antalya\u2019daki \u015felalelerin do\u011fal yap\u0131s\u0131n\u0131n bozulmad\u0131\u011f\u0131n\u0131 s\u00f6yledi.<\/p>\n<p>\u015eelalelerin 3-4 y\u0131l \u00f6nceki periyodlar\u0131na bakt\u0131klar\u0131nda nisan ve may\u0131s aylar\u0131nda kurak bir d\u00f6nem ge\u00e7irdiklerini belirten Kaya, \u201cBu sene ya\u011fmurlar\u0131n periyodik olarak devam etmesi, kentteki \u015felalelerimizi canl\u0131 k\u0131ld\u0131. Dolay\u0131s\u0131yla bu ya\u011f\u0131\u015flar \u015felalelerin korunmas\u0131na katk\u0131da bulundu. \u015eelalelerimiz hala canl\u0131 ve g\u00fczelli\u011fini korumaya devam ediyor\u201d dedi.<\/p>\n<p>Kur\u015funlu \u015eelalesi\u2019nde g\u00f6r\u00fclen bu canl\u0131 ak\u0131\u015f\u0131n, kentteki di\u011fer \u015felaleler i\u00e7in de ge\u00e7erli oldu\u011funu vurgulayan Kaya, di\u011fer \u015felalelerin ak\u0131\u015f debisinin ge\u00e7en y\u0131llara g\u00f6re daha iyi durumda oldu\u011funu ve ziyaret\u00e7ilerini daha co\u015fkulu bir \u015fekilde kabul etti\u011fini dile getirdi.<\/p>\n<p><img decoding=\"async\" src=\"https:\/\/i01.sozcucdn.com\/wp-content\/uploads\/2023\/06\/20\/resim6_23228334.jpg\" alt=\"\" title=\"\"><\/p>\n<p><strong>\u201c3-4 derece daha serin\u201d<\/strong><\/p>\n<p>\u0130smail Kaya, kente gelen tatilcilere \u015felaleleri gezme tavsiyesinde bulunarak, s\u00f6zlerine \u015f\u00f6yle s\u00fcrd\u00fcrd\u00fc:<\/p>\n<p>\u201cAntalya\u2019daki \u015felaleler ye\u015fili ve mavisi ile zengin bir floraya sahip. D\u00fcden \u015eelalesi\u2019nde suyun d\u00fc\u015ft\u00fc\u011f\u00fc yerden itibaren su yata\u011f\u0131 do\u011fall\u0131\u011f\u0131n\u0131 oldu\u011fu gibi koruyor. Kur\u015funlu \u015eelalesi keza, kayna\u011f\u0131ndan topland\u0131\u011f\u0131 yere kadar iyi durumda. Ziyaret\u00e7iler bir yandan \u015felaleyi bakarken bir yandan da bal\u0131klar\u0131 izleyebilir, ku\u015f seslerini dinleyebilir.\u201d<\/p>\n<p>\u015eelalelerin oldu\u011fu yerlerin kent merkezinden 3-4 derece daha serin bir ortama sahip oldu\u011funa dikkati \u00e7eken Kaya, \u201cHi\u00e7 kimse suyu \u00e7ekilmi\u015f bir \u015felaleye gitmek istemez ve bu sene \u015felalelerimiz co\u015fkun bir \u015fekilde ak\u0131yor. Mevsim itibar\u0131yla ge\u00e7en sene gelenin iki kat\u0131 bir ziyaret\u00e7imiz var. Okullar\u0131n tatil olmas\u0131yla bu say\u0131n\u0131n katlanarak artaca\u011f\u0131n\u0131 d\u00fc\u015f\u00fcn\u00fcyorum\u201d ifadelerini kulland\u0131. <strong>(AA)<\/strong><\/p>\n","protected":false},"excerpt":{"rendered":"<p>Antalya&#8217;da, may\u0131s ay\u0131 ya\u011f\u0131\u015flar\u0131nda son 63 y\u0131l\u0131n en y\u00fcksek rakam\u0131na ula\u015f\u0131lmas\u0131yla debisi y\u00fckselen Kur\u015funlu ve D\u00fcden \u015felaleleri, haziran ay\u0131na ra\u011fmen canl\u0131l\u0131\u011f\u0131n\u0131 yitirmedi.<\/p>\n","protected":false},"author":1,"featured_media":101620,"comment_status":"closed","ping_status":"open","sticky":false,"template":"","format":"standard","meta":{"footnotes":""},"categories":[33],"tags":[233,436,12628,12629,1228],"class_list":["post-101619","post","type-post","status-publish","format-standard","has-post-thumbnail","hentry","category-yasam","tag-doga","tag-kaya","tag-selaleler","tag-selalesi","tag-ziyaret"],"_links":{"self":[{"href":"https:\/\/haberulus.net\/index.php?rest_route=\/wp\/v2\/posts\/101619","targetHints":{"allow":["GET"]}}],"collection":[{"href":"https:\/\/haberulus.net\/index.php?rest_route=\/wp\/v2\/posts"}],"about":[{"href":"https:\/\/haberulus.net\/index.php?rest_route=\/wp\/v2\/types\/post"}],"author":[{"embeddable":true,"href":"https:\/\/haberulus.net\/index.php?rest_route=\/wp\/v2\/users\/1"}],"replies":[{"embeddable":true,"href":"https:\/\/haberulus.net\/index.php?rest_route=%2Fwp%2Fv2%2Fcomments&post=101619"}],"version-history":[{"count":1,"href":"https:\/\/haberulus.net\/index.php?rest_route=\/wp\/v2\/posts\/101619\/revisions"}],"predecessor-version":[{"id":101621,"href":"https:\/\/haberulus.net\/index.php?rest_route=\/wp\/v2\/posts\/101619\/revisions\/101621"}],"wp:featuredmedia":[{"embeddable":true,"href":"https:\/\/haberulus.net\/index.php?rest_route=\/wp\/v2\/media\/101620"}],"wp:attachment":[{"href":"https:\/\/haberulus.net\/index.php?rest_route=%2Fwp%2Fv2%2Fmedia&parent=101619"}],"wp:term":[{"taxonomy":"category","embeddable":true,"href":"https:\/\/haberulus.net\/index.php?rest_route=%2Fwp%2Fv2%2Fcategories&post=101619"},{"taxonomy":"post_tag","embeddable":true,"href":"https:\/\/haberulus.net\/index.php?rest_route=%2Fwp%2Fv2%2Ftags&post=101619"}],"curies":[{"name":"wp","href":"https:\/\/api.w.org\/{rel}","templated":true}]}}