{"id":101706,"date":"2023-06-20T10:06:08","date_gmt":"2023-06-20T10:06:08","guid":{"rendered":"https:\/\/haberulus.net\/?p=101706"},"modified":"2023-06-20T10:06:08","modified_gmt":"2023-06-20T10:06:08","slug":"yuksek-yaylalardaki-hayvanlari-asilamak-icin-karli-yollari-asiyorlar","status":"publish","type":"post","link":"https:\/\/haberulus.net\/?p=101706","title":{"rendered":"Y\u00fcksek yaylalardaki hayvanlar\u0131 a\u015f\u0131lamak i\u00e7in karl\u0131 yollar\u0131 a\u015f\u0131yorlar"},"content":{"rendered":"<p>Tar\u0131m ve Orman \u0130l\u00e7e M\u00fcd\u00fcrl\u00fc\u011f\u00fc\u2019nce 8 veteriner hekimden olu\u015fan 2 mobil ekip, geceleri hava s\u0131cakl\u0131\u011f\u0131n\u0131n s\u0131f\u0131r\u0131n alt\u0131na d\u00fc\u015ft\u00fc\u011f\u00fc, yaz mevsimine ra\u011fmen karlar\u0131n hen\u00fcz erimedi\u011fi Uludere\u2019nin \u015eenoba ve Hilal beldesindeki yaylalara ula\u015fmak i\u00e7in 2 ara\u00e7la yola koyuluyor.<\/p>\n<p>Mobil ekip, b\u00f6lgenin da\u011fl\u0131k ve engebeli co\u011frafyas\u0131nda kimi zaman ara\u00e7la kimi zaman da yaya olarak Kel Mehmet Da\u011f\u0131\u2019n\u0131, tepeleri, karl\u0131 yollar\u0131 a\u015f\u0131p, kilometrelerce uzakl\u0131ktaki Sipo, K\u0131rm\u0131z\u0131, Mehrina ve Hanke yaylalar\u0131na ula\u015f\u0131yor.<\/p>\n<p>Hayvanlar\u0131 sa\u011fl\u0131k taramas\u0131ndan ge\u00e7iren ekipler, s\u00fcr\u00fc sahiplerine hastal\u0131klarla m\u00fccadelede dikkat etmeleri gereken konularla ilgili bilgi de veriyor.<\/p>\n<p>Veteriner hekimler hayvanlara brusella a\u015f\u0131s\u0131 da yap\u0131yor.<\/p>\n<p><img decoding=\"async\" src=\"https:\/\/i01.sozcucdn.com\/wp-content\/uploads\/2023\/06\/20\/resim2_23228799.jpg\" alt=\"\" title=\"\"><\/p>\n<p><strong>\u201cBaz\u0131 yaylalara y\u00fcr\u00fcyerek gidiyoruz\u201d<\/strong><\/p>\n<p>A\u015f\u0131 ekibinde g\u00f6revli Uludere Tar\u0131m ve Orman \u0130l\u00e7e M\u00fcd\u00fcr\u00fc Murat \u0130nan, hayvan ve insan sa\u011fl\u0131\u011f\u0131 i\u00e7in b\u00fcy\u00fck \u00f6nem ta\u015f\u0131yan brusella a\u015f\u0131s\u0131n\u0131 yapmak i\u00e7in engel tan\u0131mad\u0131klar\u0131n\u0131 s\u00f6yledi.<\/p>\n<p>\u015eenoba beldesinde 300\u2019\u00fcn \u00fczerinde besici ve kay\u0131tl\u0131 15 bin k\u00fc\u00e7\u00fckba\u015f hayvan oldu\u011funu belirten \u0130nan, beldenin yaylalar\u0131ndaki hayvanlara brusella a\u015f\u0131s\u0131 yapt\u0131klar\u0131n\u0131 ifade etti.<\/p>\n<p>\u0130nan, \u201c\u015eenoba beldemizin 3 bin 200 rak\u0131ml\u0131 yaylalar\u0131nday\u0131z. Hayvanlar\u0131n muayenesini yap\u0131p, onlar\u0131 kontrol alt\u0131na al\u0131yoruz. Buras\u0131 da\u011fl\u0131k bir b\u00f6lge oldu\u011fu i\u00e7in gidi\u015f geli\u015flerde s\u0131k\u0131nt\u0131 ya\u015f\u0131yoruz \u00e7\u00fcnk\u00fc baz\u0131 k\u0131s\u0131mlarda kar y\u0131\u011f\u0131nlar\u0131 ve kayal\u0131klar var, yollar da engebeli. Baz\u0131 yaylalara y\u00fcr\u00fcyerek gidiyoruz. Yine de g\u00f6revimizi keyifle yapmaya \u00e7al\u0131\u015f\u0131yoruz. Yeti\u015ftiricilerimizin oldu\u011fu her yerde olmaya \u00e7al\u0131\u015faca\u011f\u0131z\u201d dedi. <strong>(AA)<\/strong><\/p>\n","protected":false},"excerpt":{"rendered":"<p>\u015e\u0131rnak&#8217;\u0131n Uludere il\u00e7esinde veteriner hekimlerden olu\u015fan mobil ekipler, b\u00f6lgenin zorlu co\u011frafyas\u0131nda kilometrelerce yol katederek yaylalardaki hayvanlar\u0131 brusella hastal\u0131\u011f\u0131na kar\u015f\u0131 a\u015f\u0131l\u0131yor.<\/p>\n","protected":false},"author":1,"featured_media":101707,"comment_status":"closed","ping_status":"open","sticky":false,"template":"","format":"standard","meta":{"footnotes":""},"categories":[33],"tags":[180,244],"class_list":["post-101706","post","type-post","status-publish","format-standard","has-post-thumbnail","hentry","category-yasam","tag-asi","tag-hayvan"],"_links":{"self":[{"href":"https:\/\/haberulus.net\/index.php?rest_route=\/wp\/v2\/posts\/101706","targetHints":{"allow":["GET"]}}],"collection":[{"href":"https:\/\/haberulus.net\/index.php?rest_route=\/wp\/v2\/posts"}],"about":[{"href":"https:\/\/haberulus.net\/index.php?rest_route=\/wp\/v2\/types\/post"}],"author":[{"embeddable":true,"href":"https:\/\/haberulus.net\/index.php?rest_route=\/wp\/v2\/users\/1"}],"replies":[{"embeddable":true,"href":"https:\/\/haberulus.net\/index.php?rest_route=%2Fwp%2Fv2%2Fcomments&post=101706"}],"version-history":[{"count":1,"href":"https:\/\/haberulus.net\/index.php?rest_route=\/wp\/v2\/posts\/101706\/revisions"}],"predecessor-version":[{"id":101708,"href":"https:\/\/haberulus.net\/index.php?rest_route=\/wp\/v2\/posts\/101706\/revisions\/101708"}],"wp:featuredmedia":[{"embeddable":true,"href":"https:\/\/haberulus.net\/index.php?rest_route=\/wp\/v2\/media\/101707"}],"wp:attachment":[{"href":"https:\/\/haberulus.net\/index.php?rest_route=%2Fwp%2Fv2%2Fmedia&parent=101706"}],"wp:term":[{"taxonomy":"category","embeddable":true,"href":"https:\/\/haberulus.net\/index.php?rest_route=%2Fwp%2Fv2%2Fcategories&post=101706"},{"taxonomy":"post_tag","embeddable":true,"href":"https:\/\/haberulus.net\/index.php?rest_route=%2Fwp%2Fv2%2Ftags&post=101706"}],"curies":[{"name":"wp","href":"https:\/\/api.w.org\/{rel}","templated":true}]}}