{"id":101758,"date":"2023-06-20T10:51:05","date_gmt":"2023-06-20T10:51:05","guid":{"rendered":"https:\/\/haberulus.net\/?p=101758"},"modified":"2023-06-20T10:51:05","modified_gmt":"2023-06-20T10:51:05","slug":"almanyada-nufus-artisinda-rekor-seviye","status":"publish","type":"post","link":"https:\/\/haberulus.net\/?p=101758","title":{"rendered":"Almanya\u2019da n\u00fcfus art\u0131\u015f\u0131nda rekor seviye"},"content":{"rendered":"<p>Almanya Federal \u0130statistik Ofisi (Destatis) n\u00fcfus art\u0131\u015f\u0131na ili\u015fkin 2022 nihai verilerini a\u00e7\u0131klad\u0131.<\/p>\n<p>Buna g\u00f6re, ba\u015fta Ukrayna olmak \u00fczere yurt d\u0131\u015f\u0131ndan g\u00f6\u00e7\u00fcn etkisiyle \u00fclkenin 2022\u2019deki n\u00fcfusu 1, milyon 122 bin ki\u015fi artarak 84,4 milyonla rekor seviyeye ula\u015ft\u0131. B\u00f6ylece, \u00fclkenin n\u00fcfusunda, Do\u011fu ve Bat\u0131 Almanya\u2019n\u0131n birle\u015fmesinden beri en y\u00fcksek y\u0131l\u0131k art\u0131\u015f ger\u00e7ekle\u015fti.<\/p>\n<p>Destatis, n\u00fcfustaki ge\u00e7en y\u0131lki art\u0131\u015f\u0131n Almanya\u2019ya ta\u015f\u0131nan yabanc\u0131lardan kaynakland\u0131\u011f\u0131n\u0131 vurgulad\u0131<\/p>\n<p>2021&#8217;de 329 bin olan net g\u00f6\u00e7 ge\u00e7en y\u0131l 1,46 milyona y\u00fckseldi. Ge\u00e7en y\u0131l, Almanya\u2019ya gelen Ukraynal\u0131lar\u0131n say\u0131s\u0131 ise 915 bin oldu.<\/p>\n<p>\u00d6nceki y\u0131llarda oldu\u011fu gibi ge\u00e7en y\u0131l do\u011fanlardan daha fazla insan \u00f6ld\u00fc.<\/p>\n<p>Do\u011fumlar\u0131 a\u015fan \u00f6l\u00fcm say\u0131s\u0131 327 bine y\u00fckseldi. Bu say\u0131 2021 i\u00e7in 228 bin olarak kay\u0131tlara ge\u00e7mi\u015fti.<\/p>\n<p>Ya\u015flanan n\u00fcfus nedeniyle Alman ekonomisi her y\u0131l y\u00fcz binlerce nitelikli g\u00f6\u00e7mene ihtiya\u00e7 duyarken, ge\u00e7en y\u0131l \u00e7al\u0131\u015fma \u00e7a\u011f\u0131ndaki g\u00f6\u00e7menlerin geli\u015fi, n\u00fcfusun ya\u015flanmas\u0131n\u0131 telafi etti. <strong>(AA)<\/strong><\/p>\n","protected":false},"excerpt":{"rendered":"<p>Almanya\u2019n\u0131n n\u00fcfusu g\u00f6\u00e7menlerin etkisiyle 2022&#8217;de bir \u00f6nceki y\u0131la g\u00f6re 1 milyon 122 bin ki\u015fi artarak, Do\u011fu ve Bat\u0131 Almanya&#8217;n\u0131n birle\u015fmesinden beri en y\u00fcksek y\u0131l\u0131k art\u0131\u015f\u0131 kaydetti.<\/p>\n","protected":false},"author":1,"featured_media":101759,"comment_status":"closed","ping_status":"open","sticky":false,"template":"","format":"standard","meta":{"footnotes":""},"categories":[24],"tags":[688,1626,1451],"class_list":["post-101758","post","type-post","status-publish","format-standard","has-post-thumbnail","hentry","category-dunya","tag-alman","tag-gecen-yil","tag-nufus"],"_links":{"self":[{"href":"https:\/\/haberulus.net\/index.php?rest_route=\/wp\/v2\/posts\/101758","targetHints":{"allow":["GET"]}}],"collection":[{"href":"https:\/\/haberulus.net\/index.php?rest_route=\/wp\/v2\/posts"}],"about":[{"href":"https:\/\/haberulus.net\/index.php?rest_route=\/wp\/v2\/types\/post"}],"author":[{"embeddable":true,"href":"https:\/\/haberulus.net\/index.php?rest_route=\/wp\/v2\/users\/1"}],"replies":[{"embeddable":true,"href":"https:\/\/haberulus.net\/index.php?rest_route=%2Fwp%2Fv2%2Fcomments&post=101758"}],"version-history":[{"count":1,"href":"https:\/\/haberulus.net\/index.php?rest_route=\/wp\/v2\/posts\/101758\/revisions"}],"predecessor-version":[{"id":101760,"href":"https:\/\/haberulus.net\/index.php?rest_route=\/wp\/v2\/posts\/101758\/revisions\/101760"}],"wp:featuredmedia":[{"embeddable":true,"href":"https:\/\/haberulus.net\/index.php?rest_route=\/wp\/v2\/media\/101759"}],"wp:attachment":[{"href":"https:\/\/haberulus.net\/index.php?rest_route=%2Fwp%2Fv2%2Fmedia&parent=101758"}],"wp:term":[{"taxonomy":"category","embeddable":true,"href":"https:\/\/haberulus.net\/index.php?rest_route=%2Fwp%2Fv2%2Fcategories&post=101758"},{"taxonomy":"post_tag","embeddable":true,"href":"https:\/\/haberulus.net\/index.php?rest_route=%2Fwp%2Fv2%2Ftags&post=101758"}],"curies":[{"name":"wp","href":"https:\/\/api.w.org\/{rel}","templated":true}]}}