{"id":101809,"date":"2023-06-20T12:06:42","date_gmt":"2023-06-20T12:06:42","guid":{"rendered":"https:\/\/haberulus.net\/?p=101809"},"modified":"2023-06-20T12:06:42","modified_gmt":"2023-06-20T12:06:42","slug":"tarim-bakani-amacimiz-tuketicinin-gidaya-makul-fiyatlarla-ulasmasini-saglamak","status":"publish","type":"post","link":"https:\/\/haberulus.net\/?p=101809","title":{"rendered":"Tar\u0131m Bakan\u0131: Amac\u0131m\u0131z t\u00fcketicinin g\u0131daya makul fiyatlarla ula\u015fmas\u0131n\u0131 sa\u011flamak"},"content":{"rendered":"<p>Tar\u0131m ve Orman Bakan\u0131 \u0130brahim Yumakl\u0131, Orman Genel M\u00fcd\u00fcrl\u00fc\u011f\u00fc\u2019nde d\u00fczenlenen \u2018T\u00fcrkiye \u0130klim Ak\u0131ll\u0131 ve Rekabet\u00e7i Tar\u0131msal B\u00fcy\u00fcme Projesi\u2019nin a\u00e7\u0131l\u0131\u015f program\u0131na kat\u0131ld\u0131.<\/p>\n<p>Yumakl\u0131, \u201cAmac\u0131m\u0131z girdi maliyetini d\u00fc\u015f\u00fcrmek, verimlili\u011fi art\u0131rmak, tar\u0131mda dijitalle\u015fmek, y\u00f6netimi sadele\u015ftirmek, \u00fcretim ve \u00fcretici odakl\u0131 planlamalar\u0131 temel almak, t\u00fcketici taraf\u0131n\u0131n g\u0131daya makul fiyatlarla ula\u015fmas\u0131n\u0131 sa\u011flamak\u201d dedi.<\/p>\n<p>\u201cSadece bu proje de\u011fil. Bunlar gibi, bunun gibi onlarca projeyi bizler Bakanl\u0131k olarak mutlak suretle hayata ge\u00e7irece\u011fiz\u201d diyen Yumakl\u0131, \u201c\u00c7\u00fcnk\u00fc \u015funun bilincindeyiz; s\u00fcrd\u00fcr\u00fclebilir tar\u0131msal \u00fcretimin sa\u011flanabilmesi ad\u0131na toprak ve su kaynaklar\u0131m\u0131z\u0131n optimum kullan\u0131lmas\u0131n\u0131 sa\u011flamak hayati \u00f6nem ta\u015f\u0131maktad\u0131r. Onun i\u00e7in bilgi teknolojilerini kullanarak m\u00fcmk\u00fcn oldu\u011fu kadar yerli \u00e7\u00f6z\u00fcmler \u00fcreterek bu amac\u0131m\u0131za, bu hedefimize ula\u015fmay\u0131 planl\u0131yoruz\u201d diye konu\u015ftu.<\/p>\n<p><b>TARIM VER\u0130LER\u0130 TEK \u00c7ATIDA TOPLANACAK<\/b><\/p>\n<p>Yumakl\u0131, \u015f\u00f6yle devam etti:<\/p>\n<p>\u201cProjenin hayata ge\u00e7mesiyle; Tar\u0131m ve Orman Bakanl\u0131\u011f\u0131 dijital modeli kurularak, tar\u0131m sekt\u00f6r\u00fc verileri tek \u00e7at\u0131 alt\u0131nda toplanacak, b\u00f6ylece Bakanl\u0131\u011f\u0131n tar\u0131msal politikalar\u0131 daha etkin planlanacak. Toprak veri taban\u0131 geli\u015ftirilecek, ulusal toprak ar\u015fivi binas\u0131 in\u015fa edilerek toprak hazinesinin sa\u011fl\u0131\u011f\u0131 izlenecek ve tar\u0131m arazilerin korunmas\u0131na katk\u0131 sa\u011flanacak.\u201d<\/p>\n<p>42 bin 500 \u00e7ift\u00e7iye \u0130AT teknolojileri uygulamak \u00fczere e\u011fitim verilece\u011fini de a\u00e7\u0131klayan Yumakl\u0131, \u201cB\u00f6ylece do\u011fal kaynaklar \u00fczerinde bask\u0131 azalacak. 13 bin 700\u2019\u00fc kad\u0131n, toplam 55 bin yararlan\u0131c\u0131ya verilecek 33 milyon dolar hibe ile \u0130AT teknolojileri ve uygulamalar\u0131 konusunda \u00e7ift\u00e7iler desteklenecek. \u0130AT teknolojilerini i\u00e7eren makine parklar\u0131 kurulacak\u201d ifadelerine yer verdi. (DHA)<\/p>\n","protected":false},"excerpt":{"rendered":"<p>Tar\u0131m ve Orman Bakan\u0131 \u0130brahim Yumakl\u0131, hedeflerinin tarladaki \u00fcretim maliyetlerini d\u00fc\u015f\u00fcrmek ve vatanda\u015f\u0131n g\u0131daya makul fiyatlarla ula\u015fmas\u0131n\u0131 sa\u011flamak oldu\u011funu s\u00f6yledi.<\/p>\n","protected":false},"author":1,"featured_media":101810,"comment_status":"closed","ping_status":"open","sticky":false,"template":"","format":"standard","meta":{"footnotes":""},"categories":[25],"tags":[1232,586,909,12646],"class_list":["post-101809","post","type-post","status-publish","format-standard","has-post-thumbnail","hentry","category-ekonomi","tag-tarim","tag-tek","tag-veri","tag-yumakli"],"_links":{"self":[{"href":"https:\/\/haberulus.net\/index.php?rest_route=\/wp\/v2\/posts\/101809","targetHints":{"allow":["GET"]}}],"collection":[{"href":"https:\/\/haberulus.net\/index.php?rest_route=\/wp\/v2\/posts"}],"about":[{"href":"https:\/\/haberulus.net\/index.php?rest_route=\/wp\/v2\/types\/post"}],"author":[{"embeddable":true,"href":"https:\/\/haberulus.net\/index.php?rest_route=\/wp\/v2\/users\/1"}],"replies":[{"embeddable":true,"href":"https:\/\/haberulus.net\/index.php?rest_route=%2Fwp%2Fv2%2Fcomments&post=101809"}],"version-history":[{"count":1,"href":"https:\/\/haberulus.net\/index.php?rest_route=\/wp\/v2\/posts\/101809\/revisions"}],"predecessor-version":[{"id":101811,"href":"https:\/\/haberulus.net\/index.php?rest_route=\/wp\/v2\/posts\/101809\/revisions\/101811"}],"wp:featuredmedia":[{"embeddable":true,"href":"https:\/\/haberulus.net\/index.php?rest_route=\/wp\/v2\/media\/101810"}],"wp:attachment":[{"href":"https:\/\/haberulus.net\/index.php?rest_route=%2Fwp%2Fv2%2Fmedia&parent=101809"}],"wp:term":[{"taxonomy":"category","embeddable":true,"href":"https:\/\/haberulus.net\/index.php?rest_route=%2Fwp%2Fv2%2Fcategories&post=101809"},{"taxonomy":"post_tag","embeddable":true,"href":"https:\/\/haberulus.net\/index.php?rest_route=%2Fwp%2Fv2%2Ftags&post=101809"}],"curies":[{"name":"wp","href":"https:\/\/api.w.org\/{rel}","templated":true}]}}