{"id":101923,"date":"2023-06-20T14:05:04","date_gmt":"2023-06-20T14:05:04","guid":{"rendered":"https:\/\/haberulus.net\/?p=101923"},"modified":"2023-06-20T14:05:04","modified_gmt":"2023-06-20T14:05:04","slug":"dunyanin-dongusunu-konu-alan-sergi-acildi","status":"publish","type":"post","link":"https:\/\/haberulus.net\/?p=101923","title":{"rendered":"D\u00fcnyan\u0131n d\u00f6ng\u00fcs\u00fcn\u00fc konu alan sergi a\u00e7\u0131ld\u0131"},"content":{"rendered":"<p>Yakutiye il\u00e7esinde bulunan kongre binas\u0131n\u0131n Resim Heykel M\u00fczesi ve Galerisi Salonu\u2019nda a\u00e7\u0131lan sergide, Atat\u00fcrk \u00dcniversitesi G\u00fczel Sanatlar Fak\u00fcltesi Heykel B\u00f6l\u00fcm\u00fc Dr. \u00d6\u011fr. \u00dcyesi Halil Da\u015fkesen\u2019in \u00e7al\u0131\u015fmalar\u0131 yer ald\u0131.<\/p>\n<p>D\u00fcnyan\u0131n d\u00f6ng\u00fcs\u00fcn\u00fc konu alan sergi, cuma g\u00fcn\u00fcne kadar ziyarete a\u00e7\u0131k olacak.<\/p>\n<p>Dr. \u00d6\u011fr. \u00dcyesi Halil Da\u015fkesen, serginin \u0130bni Sina ve Aristoteles\u2019in \u00fczerinde durdu\u011fu \u201colu\u015f ve bozulu\u015f\u201d kavram\u0131 \u00fczerine oldu\u011funu s\u00f6yledi.<\/p>\n<p>Sergide 10 \u00e7al\u0131\u015fman\u0131n yer ald\u0131\u011f\u0131n\u0131 anlatan Da\u015fkesen, \u201cD\u00fcnyan\u0131n bir d\u00f6ng\u00fcs\u00fc var. Bu bahsetti\u011fimiz filozoflar\u0131n da \u00fczerinde durdu\u011fu \u00fczere bu d\u00f6ng\u00fc asl\u0131nda varolu\u015f ve daha sonra \u00e7o\u011falmayla birlikte bozulu\u015fa y\u00f6nelik devam eden bir ak\u0131\u015ftan bahsediliyor. \u00c7al\u0131\u015fmalarda da asl\u0131nda bu ak\u0131\u015fa de\u011finmek istedim\u201d dedi.<\/p>\n<p><img decoding=\"async\" src=\"https:\/\/i01.sozcucdn.com\/wp-content\/uploads\/2023\/06\/20\/resim3_23230884.jpg\" alt=\"\" title=\"\"><\/p>\n<p>Aristoteles ve \u0130bni Sina\u2019n\u0131n \u00fczerinde durdu\u011fu olu\u015f ve bozulu\u015f kavramlar\u0131n\u0131 sorgulamak i\u00e7in b\u00f6yle bir \u00e7al\u0131\u015fma yapt\u0131\u011f\u0131n\u0131 anlatan Da\u015fkesen, \u015f\u00f6yle konu\u015ftu:<\/p>\n<p>\u201cBiraz bu durumu sorgulamak istedim \u00e7\u00fcnk\u00fc heykel sanat\u0131 zaten var olan yap\u0131lar\u0131n insanlar\u0131n zihnindeki t\u00fcm d\u00fc\u015f\u00fcnce ve fikirlerin bi\u00e7imlendirilmesi. Bi\u00e7imsel olarak da deformasyona u\u011frat\u0131lmas\u0131 sonucu ortaya \u00e7\u0131k\u0131yor. Dolay\u0131s\u0131yla biz de burada asl\u0131nda hem Aristoteles\u2019in hem de \u0130bni Sina\u2019n\u0131n felsefi bak\u0131\u015f a\u00e7\u0131lar\u0131n\u0131, heykelini de kendi zemininde \u00fcretim s\u00fcrecinin mant\u0131\u011f\u0131yla birle\u015ftirerek bir sergi d\u00fczenledik.\u201d <strong>(AA)<\/strong><\/p>\n","protected":false},"excerpt":{"rendered":"<p>D\u00fcnyan\u0131n d\u00f6ng\u00fcs\u00fcn\u00fc konu alan &#8220;Olu\u015f ve Bozulu\u015f&#8221; sergisi, Tarihi Erzurum Kongre Binas\u0131&#8217;nda sanatseverlerin be\u011fenisine sunuldu.<\/p>\n","protected":false},"author":1,"featured_media":101924,"comment_status":"closed","ping_status":"open","sticky":false,"template":"","format":"standard","meta":{"footnotes":""},"categories":[27],"tags":[622],"class_list":["post-101923","post","type-post","status-publish","format-standard","has-post-thumbnail","hentry","category-kultur-sanat","tag-sergi"],"_links":{"self":[{"href":"https:\/\/haberulus.net\/index.php?rest_route=\/wp\/v2\/posts\/101923","targetHints":{"allow":["GET"]}}],"collection":[{"href":"https:\/\/haberulus.net\/index.php?rest_route=\/wp\/v2\/posts"}],"about":[{"href":"https:\/\/haberulus.net\/index.php?rest_route=\/wp\/v2\/types\/post"}],"author":[{"embeddable":true,"href":"https:\/\/haberulus.net\/index.php?rest_route=\/wp\/v2\/users\/1"}],"replies":[{"embeddable":true,"href":"https:\/\/haberulus.net\/index.php?rest_route=%2Fwp%2Fv2%2Fcomments&post=101923"}],"version-history":[{"count":1,"href":"https:\/\/haberulus.net\/index.php?rest_route=\/wp\/v2\/posts\/101923\/revisions"}],"predecessor-version":[{"id":101925,"href":"https:\/\/haberulus.net\/index.php?rest_route=\/wp\/v2\/posts\/101923\/revisions\/101925"}],"wp:featuredmedia":[{"embeddable":true,"href":"https:\/\/haberulus.net\/index.php?rest_route=\/wp\/v2\/media\/101924"}],"wp:attachment":[{"href":"https:\/\/haberulus.net\/index.php?rest_route=%2Fwp%2Fv2%2Fmedia&parent=101923"}],"wp:term":[{"taxonomy":"category","embeddable":true,"href":"https:\/\/haberulus.net\/index.php?rest_route=%2Fwp%2Fv2%2Fcategories&post=101923"},{"taxonomy":"post_tag","embeddable":true,"href":"https:\/\/haberulus.net\/index.php?rest_route=%2Fwp%2Fv2%2Ftags&post=101923"}],"curies":[{"name":"wp","href":"https:\/\/api.w.org\/{rel}","templated":true}]}}