{"id":101962,"date":"2023-06-20T15:09:06","date_gmt":"2023-06-20T15:09:06","guid":{"rendered":"https:\/\/haberulus.net\/?p=101962"},"modified":"2023-06-20T15:09:06","modified_gmt":"2023-06-20T15:09:06","slug":"pfdk-5-yildizli-forma-nedeniyle-fenerbahcenin-savunmasini-inceleyecek","status":"publish","type":"post","link":"https:\/\/haberulus.net\/?p=101962","title":{"rendered":"PFDK, 5 y\u0131ld\u0131zl\u0131 forma nedeniyle Fenerbah\u00e7e\u2019nin savunmas\u0131n\u0131 inceleyecek"},"content":{"rendered":"<p>TFF, Fenerbah\u00e7e\u2019nin T\u00fcrkiye Kupas\u0131\u2019nda giydi\u011fi 5 y\u0131ld\u0131zl\u0131 forma nedeniyle PFDK\u2019ya sevk edilmesiyle ilgili yapt\u0131\u011f\u0131 savunmay\u0131 de\u011ferlendirmeye alaca\u011f\u0131n\u0131 ve konunun ara\u015ft\u0131r\u0131laca\u011f\u0131n\u0131 a\u00e7\u0131klad\u0131.<\/p>\n<p>PFDK\u2019da ayr\u0131ca Fenerbah\u00e7e\u2019ye taraftarlar\u0131n neden oldu\u011fu \u00e7irkin ve k\u00f6t\u00fc tezah\u00fcrat nedeniyle 10 bin TL, taraftarlar\u0131n neden oldu\u011fu saha olaylar\u0131 nedeniyle 84 bin TL, merdiven bo\u015fluklar\u0131n\u0131n bo\u015f b\u0131rak\u0131lmamas\u0131 ve bu eylemin ayn\u0131 sezon i\u00e7inde 6\u2019nc\u0131 kez ger\u00e7ekle\u015ftirilmesi nedeniyle 237 bin 500 TL, kul\u00fcp TV g\u00f6revlilerinin m\u00fcsabaka sonras\u0131 saha i\u00e7erisine girerek saha i\u00e7erisinden g\u00f6r\u00fcnt\u00fc almalar\u0131 ve fla\u015f r\u00f6portaj alan\u0131 d\u0131\u015f\u0131nda r\u00f6portaj yap\u0131lmas\u0131ndan dolay\u0131 da 125 bin TL para ceza olmak \u00fczere toplamda 456 bin 500 TL para cezas\u0131 verdi.<\/p>\n<p><strong>Profesyonel Futbol Disiplin Kurulu\u2019nca al\u0131nan kararlar \u015f\u00f6yle:\u00a0<\/strong><\/p>\n<p>1-FENERBAH\u00c7E A.\u015e.\u2019nin, 11.06.2023 tarihinde oynanan FENERBAH\u00c7E A.\u015e.-MED\u0130POL BA\u015eAK\u015eEH\u0130R FK Ziraat T\u00fcrkiye Kupas\u0131 m\u00fcsabakas\u0131nda, taraftarlar\u0131n\u0131n neden oldu\u011fu \u00e7irkin ve k\u00f6t\u00fc tezah\u00fcrat nedeniyle ve bu eylemin kupa kategorisinde ev sahibi kul\u00fcp oldu\u011fu m\u00fcsabakada 2. kez ger\u00e7ekle\u015ftirilmesinden dolay\u0131 10.000.-TL PARA CEZASI ile cezaland\u0131r\u0131lmas\u0131na,<\/p>\n<p>Ayn\u0131 m\u00fcsabakada FENERBAH\u00c7E A.\u015e.\u2019nin, taraftarlar\u0131n\u0131n neden oldu\u011fu saha olaylar\u0131 nedeniyle 84.000.-TL PARA CEZASI ile cezaland\u0131r\u0131lmas\u0131na,<\/p>\n<p>Ayn\u0131 m\u00fcsabakada FENERBAH\u00c7E A.\u015e.\u2019nin, 2022-2023 Sezonu T\u00fcrkiye Kupas\u0131 M\u00fcsabakalar\u0131 Stat\u00fcs\u00fc\u2019n\u00fcn 7\/6 maddesi, Sportif Ekipman Talimat\u0131\u2019n\u0131n 16. maddesi ve Yay\u0131n Talimat\u0131\u2019n\u0131n 12\/7 ve 13\/3 maddeleri uyar\u0131nca yap\u0131lan disiplin sevkiyle ilgili savunmada belirtilen hususlar\u0131n ara\u015ft\u0131r\u0131lmas\u0131na, bu nedenle incelemenin devam\u0131na,<\/p>\n<p>Ayn\u0131 m\u00fcsabakada FENERBAH\u00c7E A.\u015e.\u2019nin, merdiven bo\u015fluklar\u0131n\u0131n bo\u015f b\u0131rak\u0131lmamas\u0131ndan dolay\u0131 ve bu eylemin ayn\u0131 sezon i\u00e7inde 6. kez ger\u00e7ekle\u015ftirilmesi nedeniyle 237.500.-TL PARA CEZASI ile cezaland\u0131r\u0131lmas\u0131na,<\/p>\n<p>Ayn\u0131 m\u00fcsabakada FENERBAH\u00c7E A.\u015e.\u2019nin, Kul\u00fcp TV g\u00f6revlilerinin m\u00fcsabaka sonras\u0131 saha i\u00e7erisine girerek saha i\u00e7erisinden g\u00f6r\u00fcnt\u00fc almalar\u0131 ve fla\u015f r\u00f6portaj alan\u0131 d\u0131\u015f\u0131nda r\u00f6portaj yap\u0131lmas\u0131ndan dolay\u0131 Yay\u0131n Talimat\u0131\u2019n\u0131n 12\/7. maddesine ayk\u0131r\u0131 eylemi nedeniyle ayn\u0131 talimat\u0131n 12\/8. maddesi uyar\u0131nca ve FDT\u2019nin 13. maddesinin uygulanmas\u0131 suretiyle 125.000.-TL PARA CEZASI ile cezaland\u0131r\u0131lmas\u0131na,<\/p>\n<p>2-MED\u0130POL BA\u015eAK\u015eEH\u0130R FK\u2019n\u0131n, 11.06.2023 tarihinde oynanan FENERBAH\u00c7E A.\u015e.-MED\u0130POL BA\u015eAK\u015eEH\u0130R FK Ziraat T\u00fcrkiye Kupas\u0131 m\u00fcsabakas\u0131nda, taraftarlar\u0131n\u0131n neden oldu\u011fu saha olaylar\u0131 nedeniyle 56.000.-TL PARA CEZASI ile cezaland\u0131r\u0131lmas\u0131na\u201d karar verilmi\u015ftir.<\/p>\n","protected":false},"excerpt":{"rendered":"<p>Profesyonel Futbol Disiplin Kurulu (PFDK), Fenerbah\u00e7e&#8217;nin T\u00fcrkiye Kupas\u0131 finalinde Ba\u015fak\u015fehir ile oynanan kar\u015f\u0131la\u015fmaya 5 y\u0131ld\u0131zl\u0131 formayla \u00e7\u0131kmas\u0131yla ilgili yapt\u0131\u011f\u0131 savunmay\u0131 de\u011ferlendirecek.<\/p>\n","protected":false},"author":1,"featured_media":101963,"comment_status":"closed","ping_status":"open","sticky":false,"template":"","format":"standard","meta":{"footnotes":""},"categories":[31],"tags":[171,545,3587,2990,12662],"class_list":["post-101962","post","type-post","status-publish","format-standard","has-post-thumbnail","hentry","category-spor","tag-ceza","tag-kupa","tag-musabaka","tag-saha","tag-taraftarlarin"],"_links":{"self":[{"href":"https:\/\/haberulus.net\/index.php?rest_route=\/wp\/v2\/posts\/101962","targetHints":{"allow":["GET"]}}],"collection":[{"href":"https:\/\/haberulus.net\/index.php?rest_route=\/wp\/v2\/posts"}],"about":[{"href":"https:\/\/haberulus.net\/index.php?rest_route=\/wp\/v2\/types\/post"}],"author":[{"embeddable":true,"href":"https:\/\/haberulus.net\/index.php?rest_route=\/wp\/v2\/users\/1"}],"replies":[{"embeddable":true,"href":"https:\/\/haberulus.net\/index.php?rest_route=%2Fwp%2Fv2%2Fcomments&post=101962"}],"version-history":[{"count":1,"href":"https:\/\/haberulus.net\/index.php?rest_route=\/wp\/v2\/posts\/101962\/revisions"}],"predecessor-version":[{"id":101964,"href":"https:\/\/haberulus.net\/index.php?rest_route=\/wp\/v2\/posts\/101962\/revisions\/101964"}],"wp:featuredmedia":[{"embeddable":true,"href":"https:\/\/haberulus.net\/index.php?rest_route=\/wp\/v2\/media\/101963"}],"wp:attachment":[{"href":"https:\/\/haberulus.net\/index.php?rest_route=%2Fwp%2Fv2%2Fmedia&parent=101962"}],"wp:term":[{"taxonomy":"category","embeddable":true,"href":"https:\/\/haberulus.net\/index.php?rest_route=%2Fwp%2Fv2%2Fcategories&post=101962"},{"taxonomy":"post_tag","embeddable":true,"href":"https:\/\/haberulus.net\/index.php?rest_route=%2Fwp%2Fv2%2Ftags&post=101962"}],"curies":[{"name":"wp","href":"https:\/\/api.w.org\/{rel}","templated":true}]}}