{"id":10203,"date":"2022-07-19T10:36:03","date_gmt":"2022-07-19T10:36:03","guid":{"rendered":"https:\/\/haberulus.net\/?p=10203"},"modified":"2022-07-19T10:36:03","modified_gmt":"2022-07-19T10:36:03","slug":"chpli-girgin-yanginlarin-sebebi-enerji-nakil-hatlarinin-bakimsizligi-mi","status":"publish","type":"post","link":"https:\/\/haberulus.net\/?p=10203","title":{"rendered":"CHP\u2019li Girgin: Yang\u0131nlar\u0131n sebebi enerji nakil hatlar\u0131n\u0131n bak\u0131ms\u0131zl\u0131\u011f\u0131 m\u0131?"},"content":{"rendered":"<p><b>CHP Mu\u011fla Milletvekili S\u00fcleyman Girgin, \u00e7\u0131kan orman yang\u0131nlar\u0131n\u0131n elektrikte \u00f6zelle\u015ftirme politikalar\u0131 ile \u00f6zel \u015firketlerin hatlarda gereken bak\u0131m ve yenileme i\u015flemini yap\u0131p yapmad\u0131\u011f\u0131n\u0131n tespiti i\u00e7in meclis ara\u015ft\u0131rmas\u0131 a\u00e7\u0131lmas\u0131n\u0131 istedi. <\/b><\/p>\n<p>CHP Mu\u011fla Milletvekili S\u00fcleyman Girgin, orman yang\u0131nlar\u0131n\u0131n elektrikte \u00f6zelle\u015ftirme politikalar\u0131 ile olan ili\u015fkisinin a\u00e7\u0131\u011fa \u00e7\u0131kar\u0131lmas\u0131 ve \u00f6zel \u015firketlerin enerji nakil hatlar\u0131 i\u00e7in gereken bak\u0131m ve yenileme i\u015flemini yap\u0131p yapmad\u0131\u011f\u0131n\u0131n tespiti i\u00e7in meclis ara\u015ft\u0131rmas\u0131 a\u00e7\u0131lmas\u0131n\u0131 istedi.<\/p>\n<p>Girgin, \u201c1980 sonras\u0131nda hayata ge\u00e7irilen \u00f6zelle\u015ftirme politikalar\u0131n\u0131n ekonomik, sosyal, politik sonu\u00e7lar\u0131 oldu\u011fu gibi baz\u0131 \u00e7evresel sonu\u00e7lar\u0131 da vard\u0131r. Bu \u00e7evresel sonu\u00e7lar\u0131n en vahimlerinden biri, elektrikteki \u00f6zelle\u015ftirmelerin yang\u0131na sebebiyet verecek sonu\u00e7lar \u00fcretmesidir\u201d dedi.<\/p>\n<p><strong>ORMAN GENEL M\u00dcD\u00dcRL\u00dc\u011e\u00dc \u015e\u0130RKETLER\u0130 DENETLEMEKLE Y\u00dcK\u00dcML\u00dcD\u00dcR<\/strong><\/p>\n<p>Enerji nakil hatlar\u0131n\u0131n bak\u0131ms\u0131zl\u0131\u011f\u0131 \u00f6nemli bir yang\u0131n nedeni oldu\u011funu belirten Girgin, \u015f\u00f6yle konu\u015ftu:<\/p>\n<p>*Tar\u0131m Orman \u0130\u015f Sendikas\u0131n\u0131n yapt\u0131\u011f\u0131 a\u00e7\u0131klamaya g\u00f6re, iktidar\u0131n korumas\u0131 alt\u0131nda olan enerji \u015firketlerinin \u2018Maliyeti y\u00fcksek&#8217; gerek\u00e7esi ile enerji hatlar\u0131na bak\u0131m yapmad\u0131\u011f\u0131, yang\u0131nlar\u0131n b\u00fcy\u00fck \u00e7o\u011funlu\u011funun enerji nakil hatlar\u0131ndan \u00e7\u0131kt\u0131\u011f\u0131 ifade ediliyor.<\/p>\n<p>*S\u00f6zle\u015fmeye g\u00f6re yang\u0131na neden olan \u015firketlerin b\u00fcy\u00fck tazminat \u00f6demesi gerekti\u011fi s\u00f6ylenmektedir.<\/p>\n<p>*Ayr\u0131ca bu hatlar \u015fiddetli r\u00fczg\u00e2rda ya kopuyor, ya da birbirlerine de\u011ferek k\u0131v\u0131lc\u0131m \u015felalesi yarat\u0131yorlar.<\/p>\n<p>*Hatlar\u0131n alt\u0131ndaki orman \u00f6rt\u00fcs\u00fcn\u00fcn de maliyet gerek\u00e7esi ile temizlenmedi\u011fi iddia ediliyor. Oysa Orman Genel M\u00fcd\u00fcrl\u00fc\u011f\u00fc ile enerji \u015firketlerinin yapt\u0131\u011f\u0131 s\u00f6zle\u015fmelerde \u2018Bak\u0131m \u015fart\u0131&#8217; a\u00e7\u0131k\u00e7a yer al\u0131yor.<\/p>\n<p>*Bu bak\u0131mlar\u0131n y\u0131ll\u0131k ve mevsimsel olarak (k\u0131\u015fl\u0131k ve yazl\u0131k) d\u00fczenli olarak yap\u0131lmas\u0131 \u015firketlerin sorumlulu\u011fundad\u0131r.<\/p>\n<p>*Orman Genel M\u00fcd\u00fcrl\u00fc\u011f\u00fc (OGM) \u015firketleri denetlemek ve uyarmakla y\u00fck\u00fcml\u00fcd\u00fcr. Nakil hatlar\u0131ndaki ihmaller ve bak\u0131ms\u0131zl\u0131k yang\u0131na neden olursa enerji \u015firketlerini \u00e7ok ciddi ceza ve tazminatlar bekliyor.<\/p>\n<p><strong>ORMANLARDAK\u0130 HATLARIN YILLIK VE MEVS\u0130ML\u0130K BAKIMLARI YAPILMALI<\/strong><\/p>\n<p>Ge\u00e7en ve bu y\u0131l Mu\u011fla ilinde \u00e7\u0131kan orman yang\u0131nlar\u0131n\u0131n en \u00f6nemli nedenlerinden birinin de enerji nakil hatlar\u0131 oldu\u011funu s\u00f6yleyen Girgin \u015f\u00f6yle konu\u015ftu:<\/p>\n<p>*Mu\u011fla&#8217;da elektrik da\u011f\u0131t\u0131m ve perakende sat\u0131\u015f\u0131na ili\u015fkin i\u015fler 15 A\u011fustos 2008 g\u00fcn\u00fc \u00f6zelle\u015ftirilmi\u015ftir. Mu\u011fla&#8217;da bin 20 km.<\/p>\n<p>*170 kilowat ve 206 kilometre de 400 kilowat havai enerji iletim hatt\u0131 bulunuyor. Bu hatlar\u0131n yerle\u015fim yerlerindeki k\u0131sm\u0131n\u0131n yer alt\u0131na al\u0131nmas\u0131, orman alan\u0131nda kalan k\u0131sm\u0131n\u0131n ise bak\u0131mlar\u0131n\u0131n y\u0131ll\u0131k ve mevsimsel olarak d\u00fczenli yap\u0131lmas\u0131 ve bu bak\u0131mlar\u0131n denetlenmesi gerekmektedir.<\/p>\n<p><strong>\u201cYANGIN ELEKTR\u0130K TRAFOSUNDAN \u00c7IKTI\u201d<\/strong><\/p>\n<p>Mu\u011fla Orman B\u00f6lge M\u00fcd\u00fcrl\u00fc\u011f\u00fc taraf\u0131ndan yap\u0131lan a\u00e7\u0131klamaya g\u00f6re, ge\u00e7en y\u0131l Mu\u011fla b\u00f6lgesinde \u00e7\u0131kan orman yang\u0131nlar\u0131n\u0131n \u00f6nemli b\u00f6l\u00fcm\u00fc elektrik hatlar\u0131ndan kaynakland\u0131\u011f\u0131n\u0131 da hat\u0131rlatan Girgin, \u015f\u00f6yle konu\u015ftu:<\/p>\n<p>*Bu y\u0131l, Dat\u00e7a&#8217;da 13 Temmuz&#8217;da ba\u015flayan ve 14 Temmuz&#8217;da kontrol alt\u0131na al\u0131nan yang\u0131n, Tar\u0131m ve Orman Bakan\u0131 Vahit Kiri\u015fci taraf\u0131ndan yap\u0131lan a\u00e7\u0131klamaya g\u00f6re bir elektrik trafosundan \u00e7\u0131km\u0131\u015ft\u0131r.<\/p>\n<p>*Dat\u00e7a, Marmaris ve ge\u00e7en y\u0131l Mu\u011fla genelinde \u00e7\u0131kan yang\u0131nlar\u0131n ve T\u00fcrkiye genelindeki yang\u0131nlar\u0131n elektrikte \u00f6zelle\u015ftirme politikalar\u0131 ile olan ili\u015fkisinin a\u00e7\u0131\u011fa \u00e7\u0131kar\u0131lmas\u0131, \u00f6zel \u015firketlerin enerji nakil hatlar\u0131 i\u00e7in gereken bak\u0131m ve yenileme i\u015flemini yap\u0131p yapmad\u0131\u011f\u0131n\u0131n ve bu konuda kamunun yeterli denetim yap\u0131p yapmad\u0131\u011f\u0131n\u0131n tespiti konusunda meclis ara\u015ft\u0131rmas\u0131 a\u00e7\u0131lmal\u0131d\u0131r.<\/p>\n<p><strong> SORU \u00d6NERGES\u0130 VERD\u0130<\/strong><\/p>\n<p>Girgin ayr\u0131ca, Enerji ve Tabii Kaynaklar Bakan\u0131 Fatih D\u00f6nmez&#8217;in yaz\u0131l\u0131 olarak yan\u0131tlamas\u0131 istemiyle bir de soru \u00f6nergesi verdi. Girgin, elektrik da\u011f\u0131t\u0131m \u015firketlerinin sorumluluk alan\u0131nda enerji nakil hatlar\u0131 nedeniyle ka\u00e7 orman yang\u0131n\u0131 \u00e7\u0131kt\u0131\u011f\u0131n\u0131 sordu. Bu yang\u0131nlara ili\u015fkin soru\u015fturmalar sonucunda hangi yapt\u0131r\u0131m kararlar\u0131 al\u0131nd\u0131\u011f\u0131n\u0131, bu kararlar\u0131n kamuoyu ile payla\u015f\u0131l\u0131p payla\u015f\u0131lmad\u0131\u011f\u0131n\u0131 ve hatlar\u0131n y\u0131ll\u0131k ve mevsimlik bak\u0131mlar\u0131n\u0131n zaman\u0131nda yap\u0131l\u0131p yap\u0131lmad\u0131\u011f\u0131n\u0131n da cevab\u0131n\u0131 istedi.<\/p>\n","protected":false},"excerpt":{"rendered":"<p>CHP Mu\u011fla Milletvekili S\u00fcleyman Girgin, \u00e7\u0131kan orman yang\u0131nlar\u0131n\u0131n elektrikte \u00f6zelle\u015ftirme politikalar\u0131 ile \u00f6zel \u015firketlerin hatlarda gereken &#8230;<\/p>\n","protected":false},"author":1,"featured_media":10204,"comment_status":"open","ping_status":"open","sticky":false,"template":"","format":"standard","meta":{"footnotes":""},"categories":[26],"tags":[2036,942,539,1280,518],"class_list":["post-10203","post","type-post","status-publish","format-standard","has-post-thumbnail","hentry","category-gundem","tag-bakim","tag-elektrik","tag-orman","tag-sirketlerin","tag-yangin"],"_links":{"self":[{"href":"https:\/\/haberulus.net\/index.php?rest_route=\/wp\/v2\/posts\/10203","targetHints":{"allow":["GET"]}}],"collection":[{"href":"https:\/\/haberulus.net\/index.php?rest_route=\/wp\/v2\/posts"}],"about":[{"href":"https:\/\/haberulus.net\/index.php?rest_route=\/wp\/v2\/types\/post"}],"author":[{"embeddable":true,"href":"https:\/\/haberulus.net\/index.php?rest_route=\/wp\/v2\/users\/1"}],"replies":[{"embeddable":true,"href":"https:\/\/haberulus.net\/index.php?rest_route=%2Fwp%2Fv2%2Fcomments&post=10203"}],"version-history":[{"count":1,"href":"https:\/\/haberulus.net\/index.php?rest_route=\/wp\/v2\/posts\/10203\/revisions"}],"predecessor-version":[{"id":10205,"href":"https:\/\/haberulus.net\/index.php?rest_route=\/wp\/v2\/posts\/10203\/revisions\/10205"}],"wp:featuredmedia":[{"embeddable":true,"href":"https:\/\/haberulus.net\/index.php?rest_route=\/wp\/v2\/media\/10204"}],"wp:attachment":[{"href":"https:\/\/haberulus.net\/index.php?rest_route=%2Fwp%2Fv2%2Fmedia&parent=10203"}],"wp:term":[{"taxonomy":"category","embeddable":true,"href":"https:\/\/haberulus.net\/index.php?rest_route=%2Fwp%2Fv2%2Fcategories&post=10203"},{"taxonomy":"post_tag","embeddable":true,"href":"https:\/\/haberulus.net\/index.php?rest_route=%2Fwp%2Fv2%2Ftags&post=10203"}],"curies":[{"name":"wp","href":"https:\/\/api.w.org\/{rel}","templated":true}]}}