{"id":102156,"date":"2023-06-21T07:21:04","date_gmt":"2023-06-21T07:21:04","guid":{"rendered":"https:\/\/haberulus.net\/?p=102156"},"modified":"2023-06-21T07:21:04","modified_gmt":"2023-06-21T07:21:04","slug":"istanbul-muzik-festivali-dunya-anneyle-sona-eriyor","status":"publish","type":"post","link":"https:\/\/haberulus.net\/?p=102156","title":{"rendered":"\u0130stanbul M\u00fczik Festivali \u2018D\u00fcnya Anne\u2019yle sona eriyor"},"content":{"rendered":"<p>\u0130stanbul K\u00fclt\u00fcr Sanat Vakf\u0131 (\u0130KSV) taraf\u0131ndan d\u00fczenlenen 51\u2019inci \u0130stanbul M\u00fczik Festivali, 5 Temmuz ak\u015fam\u0131 Atat\u00fcrk K\u00fclt\u00fcr Merkezi T\u00fcrk Telekom Opera Salonu\u2019nda ger\u00e7ekle\u015ftirilecek Faz\u0131l Say ve Serenad Ba\u011fcan\u2019\u0131n \u2018D\u00fcnya Anne\u2019 konseriyle sonlanacak.<\/p>\n<p>1 Haziran\u2019da ba\u015flayan festival, \u0130stanbul\u2019un 18 farkl\u0131 mek\u00e2n\u0131nda ger\u00e7ekle\u015ftirilen 24 konserde T\u00fcrkiye ve yurt d\u0131\u015f\u0131ndan, aralar\u0131nda klasik m\u00fczik d\u00fcnyas\u0131ndan solistlerin ve orkestralar\u0131n\u0131n da yer ald\u0131\u011f\u0131 60\u2019\u0131n \u00fczerinde ismi a\u011f\u0131rlad\u0131. Festivalde, 8 eser d\u00fcnya pr\u00f6miyeri, 4 eser T\u00fcrkiye pr\u00f6miyeri yapt\u0131.<\/p>\n<p><strong>25 B\u0130NE YAKIN \u0130ZLEY\u0130C\u0130 KATILDI<\/strong><\/p>\n<p>51\u2019inci \u0130stanbul M\u00fczik Festivali\u2019nin konserlerine ve etkinliklerine 25 bine yak\u0131n izleyici kat\u0131ld\u0131.<\/p>\n<p>Festival kapsam\u0131nda d\u00fczenlenen konserlerde, Salzburg Mozarteum Orkestras\u0131, Tekfen Filarmoni Orkestras\u0131, Borusan \u0130stanbul Filarmoni Orkestras\u0131, Hollanda Kraliyet Concertgebouw Oda Orkestras\u0131, M\u00fcnih Oda Orkestras\u0131, Borusan Quartet gibi topluluklar\u0131n yan\u0131 s\u0131ra Anne-Sophie Mutter, Barbara Hannigan, Faz\u0131l Say, Nicolas Altstaedt, Matthias Goerne, Arabella Steinbacher ve Avi Avital gibi bir\u00e7ok isim izleyiciyle bulu\u015ftu.<\/p>\n<p><strong>18 MEKAN FEST\u0130VALE EV SAH\u0130PL\u0130\u011e\u0130 YAPTI<\/strong><\/p>\n<p>Festival konserleri bu y\u0131l Atat\u00fcrk K\u00fclt\u00fcr Merkezi, Babylon, Cemal Re\u015fit Rey Konser Salonu, Four Seasons Bosphorus Atik Pa\u015fa Teras\u0131, Frans\u0131z Saray\u0131, Harbiye Cemil Topuzlu A\u00e7\u0131khava Tiyatrosu, \u0130\u015f Kuleleri Salonu, Mevlanakap\u0131 Kara Surlar\u0131 Ziyaret\u00e7i Merkezi, Rahmi M. Ko\u00e7 M\u00fczesi, Saint Benoit Frans\u0131z Lisesi B\u00fcy\u00fck Avlusu, S\u00fcreyya Operas\u0131, Yerebatan Sarn\u0131c\u0131, Zorlu Performans Sanatlar\u0131 Merkezi Sky Lounge gibi mek\u00e2nlarda ger\u00e7ekle\u015fti.<\/p>\n<p>Fenerbah\u00e7e Park\u0131\u2019nda d\u00fczenlenen \u00fccretsiz hafta sonu konserlerine \u0130stanbullular b\u00fcy\u00fck ilgi g\u00f6sterdi. \u0130KSV Alt Kat i\u015fbirli\u011fiyle d\u00fczenlenen M\u00fczikli Bir Hafta Sonu ba\u015fl\u0131kl\u0131 seride ise \u00e7ocuklar \u00fccretsiz at\u00f6lye ve etkinliklerde bir araya geldi.<\/p>\n<p>M\u00fczik Rotas\u0131\u2019n\u0131n bu y\u0131lki dura\u011f\u0131 Balat oldu. \u00d6zel Fener Rum Ortaokulu ve Lisesi, Sveti Stefan Bulgar Kilisesi (Demir Kilise) ve Aya Dimitri Rum Ortodoks Kilisesi\u2019ndeki konserlerin ard\u0131ndan rotan\u0131n kapan\u0131\u015f konseri ise Balat sahilindeki Ak\u015femsettin Park\u0131\u2019nda ger\u00e7ekle\u015fti.<\/p>\n<p><strong>FEST\u0130VAL \u00d6D\u00dcLLER\u0130<\/strong><\/p>\n<p>51\u2019inci \u0130stanbul M\u00fczik Festivali Onur \u00d6d\u00fcl\u00fc, T\u00fcrkiye \u00e7a\u011fda\u015f m\u00fczi\u011fine katk\u0131larda bulunan besteci ve e\u011fitimci Hasan U\u00e7arsu\u2019ya takdim edildi. Festivalin bu y\u0131lki Ya\u015fam Boyu Ba\u015far\u0131 \u00d6d\u00fcl\u00fc\u2019n\u00fcn sahibi ise keman virt\u00fc\u00f6z\u00fc Anne-Sophie Mutter oldu. Mutter\u2019e \u00f6d\u00fcl\u00fc, 13 Haziran\u2019da AKM\u2019de ger\u00e7ekle\u015ftirilen konseri \u00f6ncesinde sunuldu.<\/p>\n","protected":false},"excerpt":{"rendered":"<p>51. \u0130stanbul M\u00fczik Festivali, 5 Temmuz&#8217;da Atat\u00fcrk K\u00fclt\u00fcr Merkezi&#8217;nde ger\u00e7ekle\u015ftirilecek Faz\u0131l Say ve Serenad Ba\u011fcan&#8217;\u0131n &#8216;D\u00fcnya Anne&#8217; konseriyle sona erecek.<\/p>\n","protected":false},"author":1,"featured_media":102157,"comment_status":"closed","ping_status":"open","sticky":false,"template":"","format":"standard","meta":{"footnotes":""},"categories":[27],"tags":[231,96,1738,3042,12674],"class_list":["post-102156","post","type-post","status-publish","format-standard","has-post-thumbnail","hentry","category-kultur-sanat","tag-festival","tag-istanbul","tag-konser","tag-muzik","tag-orkestrasi"],"_links":{"self":[{"href":"https:\/\/haberulus.net\/index.php?rest_route=\/wp\/v2\/posts\/102156","targetHints":{"allow":["GET"]}}],"collection":[{"href":"https:\/\/haberulus.net\/index.php?rest_route=\/wp\/v2\/posts"}],"about":[{"href":"https:\/\/haberulus.net\/index.php?rest_route=\/wp\/v2\/types\/post"}],"author":[{"embeddable":true,"href":"https:\/\/haberulus.net\/index.php?rest_route=\/wp\/v2\/users\/1"}],"replies":[{"embeddable":true,"href":"https:\/\/haberulus.net\/index.php?rest_route=%2Fwp%2Fv2%2Fcomments&post=102156"}],"version-history":[{"count":1,"href":"https:\/\/haberulus.net\/index.php?rest_route=\/wp\/v2\/posts\/102156\/revisions"}],"predecessor-version":[{"id":102158,"href":"https:\/\/haberulus.net\/index.php?rest_route=\/wp\/v2\/posts\/102156\/revisions\/102158"}],"wp:featuredmedia":[{"embeddable":true,"href":"https:\/\/haberulus.net\/index.php?rest_route=\/wp\/v2\/media\/102157"}],"wp:attachment":[{"href":"https:\/\/haberulus.net\/index.php?rest_route=%2Fwp%2Fv2%2Fmedia&parent=102156"}],"wp:term":[{"taxonomy":"category","embeddable":true,"href":"https:\/\/haberulus.net\/index.php?rest_route=%2Fwp%2Fv2%2Fcategories&post=102156"},{"taxonomy":"post_tag","embeddable":true,"href":"https:\/\/haberulus.net\/index.php?rest_route=%2Fwp%2Fv2%2Ftags&post=102156"}],"curies":[{"name":"wp","href":"https:\/\/api.w.org\/{rel}","templated":true}]}}