{"id":102174,"date":"2023-06-21T07:51:02","date_gmt":"2023-06-21T07:51:02","guid":{"rendered":"https:\/\/haberulus.net\/?p=102174"},"modified":"2023-06-21T07:51:02","modified_gmt":"2023-06-21T07:51:02","slug":"covid-sonrasi-korkutan-tablo-kendilerine-zarar-veriyorlar","status":"publish","type":"post","link":"https:\/\/haberulus.net\/?p=102174","title":{"rendered":"COVID sonras\u0131 korkutan tablo\u2026 Kendilerine zarar veriyorlar"},"content":{"rendered":"<p>2019 y\u0131l\u0131n\u0131n son aylar\u0131nda ortaya \u00e7\u0131kan ve t\u00fcm d\u00fcnyay\u0131 etkisi alt\u0131na alan corona vir\u00fcs\u00fcn\u00fcn etkileri devam ediyor. Pandemi ile beraber ya\u015fanan k\u0131s\u0131tlamalar\u0131n, sosyal izolasyonun \u00f6zellikle gen\u00e7lerde ve \u00e7ocuklarda \u00e7ok daha b\u00fcy\u00fck etkileri oldu.<\/p>\n<p>Yeni bir ara\u015ft\u0131rmaya g\u00f6re de gen\u00e7 k\u0131zlar aras\u0131nda yeme bozukluklar\u0131 ve kendine zarar verme, son \u00fc\u00e7 y\u0131lda art\u0131\u015f g\u00f6sterdi.<\/p>\n<p>Bulimia ve anoreksiya gibi rahats\u0131zl\u0131klara sahip 13 ila 16 ya\u015f\u0131ndakilerin say\u0131s\u0131 \u015fu anda Mart 2020\u2019ye g\u00f6re y\u00fczde 42 daha y\u00fcksek. Bununla birlikte, kendine zarar verenler de ayn\u0131 d\u00f6nemde \u00fc\u00e7te bir oran\u0131nda (y\u00fczde 32) art\u0131\u015f g\u00f6sterdi.<\/p>\n<p>Uzmanlar bu art\u0131\u015flarda sosyal izolasyonun, de\u011fi\u015fen rutinlerden kaynaklanan kayg\u0131n\u0131n, e\u011fitimin aksamas\u0131n\u0131n ve sa\u011fl\u0131ks\u0131z sosyal medya etkisinin sorumlu olabilece\u011fini belirtiyor.<\/p>\n<p><b>GER\u00c7EK RAKAMLARIN DAHA Y\u00dcKSEK OLDU\u011eU TAHM\u0130N ED\u0130L\u0130YOR<\/b><\/p>\n<p>Manchester \u00dcniversitesi, Keele \u00dcniversitesi ve Exeter \u00dcniversitesi\u2019nden ara\u015ft\u0131rmac\u0131lar ve ak\u0131l sa\u011fl\u0131\u011f\u0131 ara\u015ft\u0131rma kurulu\u015fu The McPin Foundation\u2019\u0131n beraber yapt\u0131\u011f\u0131 ara\u015ft\u0131rmada pandemiden beri, yeme bozukluklar\u0131n\u0131n \u00f6zellikle 13-16 ya\u015flar\u0131ndaki gen\u00e7 k\u0131zlarda g\u00f6r\u00fcld\u00fc\u011f\u00fc ortaya \u00e7\u0131k\u0131yor. Ara\u015ft\u0131rma bulgular\u0131na g\u00f6re, erkeklerde benzer bir art\u0131\u015f g\u00f6r\u00fclmedi.<\/p>\n<p>Ayr\u0131ca ara\u015ft\u0131rmaya g\u00f6re yeme bozuklu\u011fu sorunu ya\u015fayanlar\u0131n genel olarak varl\u0131kl\u0131 ailelere sahip gen\u00e7 k\u0131zlar oldu\u011fu g\u00f6r\u00fcld\u00fc.<\/p>\n<p>Manchester \u00dcniversitesi\u2019nden Dr Pearl Mok, ger\u00e7ek rakamlar\u0131n muhtemelen daha da y\u00fcksek olaca\u011f\u0131n\u0131 ve bir\u00e7ok olay\u0131n rapor edilmedi\u011fine de dikkat \u00e7ekiyor.<\/p>\n<p>Yeme bozuklu\u011fu yard\u0131m kurulu\u015fu Beat\u2019ten Tom Quinn ise \u015funlar\u0131 s\u00f6yledi: \u201cBu rakamlar ne yaz\u0131k ki \u015fa\u015f\u0131rt\u0131c\u0131 de\u011fil; pandeminin en yo\u011fun oldu\u011fu d\u00f6nemde yard\u0131m hatt\u0131 hizmetlerimize olan talebin y\u00fczde 300 artt\u0131\u011f\u0131n\u0131 g\u00f6rd\u00fck ve bu talep h\u00e2l\u00e2 y\u00fcksek. Ayr\u0131ca NHS\u2019nin her zamankinden daha fazla \u00e7ocu\u011fu ve genci tedavi etti\u011fini ve sa\u011fl\u0131k profesyonellerinin b\u00fcy\u00fck bir bask\u0131 alt\u0131nda oldu\u011funu biliyoruz.\u201d<\/p>\n","protected":false},"excerpt":{"rendered":"<p>Yeni bir ara\u015ft\u0131rmaya g\u00f6re; 13 ila 16 ya\u015f aras\u0131ndaki gen\u00e7 k\u0131zlarda yeme bozuklu\u011fu ve kendine zarar verme oranlar\u0131 pandeminin ba\u015flang\u0131c\u0131ndan bu yana y\u00fczde 42 artt\u0131.<\/p>\n","protected":false},"author":1,"featured_media":102175,"comment_status":"closed","ping_status":"open","sticky":false,"template":"","format":"standard","meta":{"footnotes":""},"categories":[30],"tags":[226],"class_list":["post-102174","post","type-post","status-publish","format-standard","has-post-thumbnail","hentry","category-saglik","tag-arastirma"],"_links":{"self":[{"href":"https:\/\/haberulus.net\/index.php?rest_route=\/wp\/v2\/posts\/102174","targetHints":{"allow":["GET"]}}],"collection":[{"href":"https:\/\/haberulus.net\/index.php?rest_route=\/wp\/v2\/posts"}],"about":[{"href":"https:\/\/haberulus.net\/index.php?rest_route=\/wp\/v2\/types\/post"}],"author":[{"embeddable":true,"href":"https:\/\/haberulus.net\/index.php?rest_route=\/wp\/v2\/users\/1"}],"replies":[{"embeddable":true,"href":"https:\/\/haberulus.net\/index.php?rest_route=%2Fwp%2Fv2%2Fcomments&post=102174"}],"version-history":[{"count":1,"href":"https:\/\/haberulus.net\/index.php?rest_route=\/wp\/v2\/posts\/102174\/revisions"}],"predecessor-version":[{"id":102176,"href":"https:\/\/haberulus.net\/index.php?rest_route=\/wp\/v2\/posts\/102174\/revisions\/102176"}],"wp:featuredmedia":[{"embeddable":true,"href":"https:\/\/haberulus.net\/index.php?rest_route=\/wp\/v2\/media\/102175"}],"wp:attachment":[{"href":"https:\/\/haberulus.net\/index.php?rest_route=%2Fwp%2Fv2%2Fmedia&parent=102174"}],"wp:term":[{"taxonomy":"category","embeddable":true,"href":"https:\/\/haberulus.net\/index.php?rest_route=%2Fwp%2Fv2%2Fcategories&post=102174"},{"taxonomy":"post_tag","embeddable":true,"href":"https:\/\/haberulus.net\/index.php?rest_route=%2Fwp%2Fv2%2Ftags&post=102174"}],"curies":[{"name":"wp","href":"https:\/\/api.w.org\/{rel}","templated":true}]}}