{"id":102195,"date":"2023-06-21T08:05:04","date_gmt":"2023-06-21T08:05:04","guid":{"rendered":"https:\/\/haberulus.net\/?p=102195"},"modified":"2023-06-21T08:05:04","modified_gmt":"2023-06-21T08:05:04","slug":"abd-acikladi-ankara-washington-hattinda-kritik-gorusme","status":"publish","type":"post","link":"https:\/\/haberulus.net\/?p=102195","title":{"rendered":"ABD a\u00e7\u0131klad\u0131: Ankara-Washington hatt\u0131nda kritik g\u00f6r\u00fc\u015fme"},"content":{"rendered":"<p>ABD D\u0131\u015fi\u015fleri Bakanl\u0131\u011f\u0131&#8217;n\u0131n a\u00e7\u0131klamas\u0131na g\u00f6re D\u0131\u015fi\u015fleri Bakan\u0131 Hakan Fidan, bug\u00fcn T\u00fcrkiye saati ile 15.30&#8217;da ABD\u2019li mevkida\u015f\u0131 Antony Blinken ile bir araya gelecek.<\/p>\n<p>Voice of America\u2019n\u0131n haberine g\u00f6re, Blinken \u00f6nce Ukrayna Ba\u015fbakan\u0131 Denis \u015emihal ile bir araya gelecek. \u00d6\u011flen 12.00&#8217;de de Avrupa Komisyonu Ba\u015fkan\u0131 Ursula von der Leyen, Fransa D\u0131\u015fi\u015fleri Bakan\u0131 Catherine Colonna, Almanya D\u0131\u015fi\u015fleri Bakan\u0131 Annalena Baerbock, \u0130talya D\u0131\u015fi\u015fleri Bakan\u0131 Antonio Tajani, Japonya D\u0131\u015fi\u015fleri Bakan\u0131 Yoshimasa Hayashi ve \u0130ngiltere D\u0131\u015fi\u015fleri Bakan\u0131 James Cleverly ile bas\u0131na kapal\u0131 bir toplant\u0131 ger\u00e7ekle\u015ftirecek.<\/p>\n<p><strong>\u0130LK Y\u00dcZ Y\u00dcZE G\u00d6R\u00dc\u015eME<\/strong><\/p>\n<p>Blinken&#8217;\u0131n D\u0131\u015fi\u015fleri Bakan\u0131 Hakan Fidan ile g\u00f6r\u00fc\u015fmesi ise yerel saatle 13.30&#8217;da (TS\u0130 15.30) planlan\u0131yor. ABD D\u0131\u015fi\u015fleri Bakanl\u0131\u011f\u0131&#8217;n\u0131n a\u00e7\u0131klamas\u0131na g\u00f6re g\u00f6r\u00fc\u015fme \u00f6ncesi bas\u0131n\u0131n g\u00f6r\u00fcnt\u00fc almas\u0131na da izin verilecek.<\/p>\n<p>Diplomatik kaynaklar, g\u00f6r\u00fc\u015fmenin ana g\u00fcndemini T\u00fcrkiye&#8217;nin \u0130sve\u00e7&#8217;in NATO \u00fcyeli\u011fine devam eden itiraz\u0131n\u0131n olu\u015fturaca\u011f\u0131n\u0131 aktard\u0131.<\/p>\n<p>G\u00f6r\u00fc\u015fme, Hakan Fidan&#8217;\u0131n D\u0131\u015fi\u015fleri Bakanl\u0131\u011f\u0131 g\u00f6revine getirilmesinden sonra yap\u0131lacak ilk y\u00fcz y\u00fcze temas olacak. \u0130ki bakan, 8 Haziran&#8217;da telefonda g\u00f6r\u00fc\u015fm\u00fc\u015f; Blinken\u2019\u0131n \u0130sve\u00e7&#8217;in m\u00fcmk\u00fcn olan en k\u0131sa s\u00fcre i\u00e7inde NATO ittifak\u0131na kat\u0131lmas\u0131na duyulan ihtiyaca vurgu yapt\u0131\u011f\u0131 aktar\u0131lm\u0131\u015ft\u0131.<\/p>\n","protected":false},"excerpt":{"rendered":"<p>ABD, Ukrayna \u0130yile\u015ftirme Konferans\u0131 i\u00e7in Londra\u2019da bulunan D\u0131\u015fi\u015fleri Bakan\u0131 Antony Blinken\u2019\u0131n T\u00fcrk mevkida\u015f\u0131 Hakan Fidan ile g\u00f6r\u00fc\u015fece\u011fini a\u00e7\u0131klad\u0131.<\/p>\n","protected":false},"author":1,"featured_media":102196,"comment_status":"closed","ping_status":"open","sticky":false,"template":"","format":"standard","meta":{"footnotes":""},"categories":[24],"tags":[1038,264],"class_list":["post-102195","post","type-post","status-publish","format-standard","has-post-thumbnail","hentry","category-dunya","tag-disisleri-bakani","tag-gorusme"],"_links":{"self":[{"href":"https:\/\/haberulus.net\/index.php?rest_route=\/wp\/v2\/posts\/102195","targetHints":{"allow":["GET"]}}],"collection":[{"href":"https:\/\/haberulus.net\/index.php?rest_route=\/wp\/v2\/posts"}],"about":[{"href":"https:\/\/haberulus.net\/index.php?rest_route=\/wp\/v2\/types\/post"}],"author":[{"embeddable":true,"href":"https:\/\/haberulus.net\/index.php?rest_route=\/wp\/v2\/users\/1"}],"replies":[{"embeddable":true,"href":"https:\/\/haberulus.net\/index.php?rest_route=%2Fwp%2Fv2%2Fcomments&post=102195"}],"version-history":[{"count":1,"href":"https:\/\/haberulus.net\/index.php?rest_route=\/wp\/v2\/posts\/102195\/revisions"}],"predecessor-version":[{"id":102197,"href":"https:\/\/haberulus.net\/index.php?rest_route=\/wp\/v2\/posts\/102195\/revisions\/102197"}],"wp:featuredmedia":[{"embeddable":true,"href":"https:\/\/haberulus.net\/index.php?rest_route=\/wp\/v2\/media\/102196"}],"wp:attachment":[{"href":"https:\/\/haberulus.net\/index.php?rest_route=%2Fwp%2Fv2%2Fmedia&parent=102195"}],"wp:term":[{"taxonomy":"category","embeddable":true,"href":"https:\/\/haberulus.net\/index.php?rest_route=%2Fwp%2Fv2%2Fcategories&post=102195"},{"taxonomy":"post_tag","embeddable":true,"href":"https:\/\/haberulus.net\/index.php?rest_route=%2Fwp%2Fv2%2Ftags&post=102195"}],"curies":[{"name":"wp","href":"https:\/\/api.w.org\/{rel}","templated":true}]}}