{"id":102240,"date":"2023-06-21T09:05:04","date_gmt":"2023-06-21T09:05:04","guid":{"rendered":"https:\/\/haberulus.net\/?p=102240"},"modified":"2023-06-21T09:05:04","modified_gmt":"2023-06-21T09:05:04","slug":"yilin-en-uzun-gununde-dunyanin-en-uzun-hayvanlarina-ziyafet","status":"publish","type":"post","link":"https:\/\/haberulus.net\/?p=102240","title":{"rendered":"Y\u0131l\u0131n en uzun g\u00fcn\u00fcnde d\u00fcnyan\u0131n en uzun hayvanlar\u0131na ziyafet"},"content":{"rendered":"<p>Bursa B\u00fcy\u00fck\u015fehir Belediyesi\u2019nce 1998 y\u0131l\u0131nda 206 bin metrekare alanda kurulan hayvanat bah\u00e7esinde 55 t\u00fcrde 500 hayvan bulunuyor.<\/p>\n<p>\u201cPa\u015fa\u201d, \u201cCesur\u201d ve \u201cKral\u201d isimleri verilen z\u00fcrafalar\u0131n bak\u0131m\u0131 iki g\u00f6revli taraf\u0131ndan yap\u0131l\u0131yor.<\/p>\n<p>Me\u015fe ve \u00e7\u0131nar yapraklar\u0131n\u0131 \u00e7ok seven z\u00fcrafalara, k\u0131\u015f aylar\u0131nda ise \u201cyaprak tur\u015fusu\u201d veriliyor.<\/p>\n<p>D\u00fcnyan\u0131n en uzun hayvanlar\u0131 z\u00fcrafalarla \u2018Z\u00fcrafalar G\u00fcn\u00fc\u2019 dolay\u0131s\u0131yla \u00f6zel olarak ilgilenen bak\u0131c\u0131lar, \u00f6zenle se\u00e7tikleri yapraklar\u0131 al\u0131p onlar\u0131 elleriyle besledi.<\/p>\n<p><img decoding=\"async\" src=\"https:\/\/i01.sozcucdn.com\/wp-content\/uploads\/2023\/06\/21\/resim4_23234747.jpg\" alt=\"\" title=\"\"><\/p>\n<p><strong>\u201cAilemizden \u00e7ok onlar\u0131 g\u00f6r\u00fcyoruz\u201d<\/strong><\/p>\n<p>Bak\u0131c\u0131lardan Erg\u00fcn Kuva, bu hayvanlar\u0131n g\u00fcne sabahlar\u0131 palet yemlerini yiyerek ba\u015flad\u0131\u011f\u0131n\u0131 s\u00f6yledi.<\/p>\n<p>Kuva, z\u00fcrafalar\u0131n yeme s\u00fcrelerinin 15-20 dakika oldu\u011funu belirterek, \u201cSonra d\u0131\u015f alanlar\u0131na yoncalar\u0131 bas\u0131yoruz, hayvanlar\u0131 d\u0131\u015far\u0131 sal\u0131yoruz. \u0130\u00e7eride bak\u0131mlar\u0131 ve sular\u0131n\u0131 kontrol ediyoruz\u201d dedi.<\/p>\n<p>Z\u00fcrafalar\u0131n a\u011fa\u00e7 dal\u0131 ve yaprak yemeyi \u00e7ok sevdiklerini aktaran Kuva, iyi beslenmeleri i\u00e7in me\u015fe ve \u00e7\u0131nar yapraklar\u0131n\u0131n yan\u0131 s\u0131ra antibiyotik etkisinden dolay\u0131 so\u011fan verdiklerini dile getirdi.<\/p>\n<p><img decoding=\"async\" src=\"https:\/\/i01.sozcucdn.com\/wp-content\/uploads\/2023\/06\/21\/resim1_23234749.jpg\" alt=\"\" title=\"\"><\/p>\n<p>\u015eekerli \u00fcr\u00fcn t\u00fcketmemeleri gereken bu hayvanlar i\u00e7in k\u0131\u015f aylar\u0131nda taze yaprak bulunmad\u0131\u011f\u0131ndan \u201cyaprak tur\u015fusu\u201d haz\u0131rlad\u0131klar\u0131n\u0131 anlatan Kuva, \u015f\u00f6yle konu\u015ftu:<\/p>\n<p>\u201cZ\u00fcrafalar d\u00fcnyan\u0131n en b\u00fcy\u00fck kara memelisi, bu y\u00fczden agresif halleri olabiliyor ama genellikle uysal hayvanlar. Z\u00fcrafalar, 2012\u2019de hayvanat bah\u00e7esine geldiler, 11 y\u0131ld\u0131r buradalar. Bizim onlarla aram\u0131z \u00e7ok iyi \u00e7\u00fcnk\u00fc ailemizden \u00e7ok onlar\u0131 g\u00f6r\u00fcyoruz. \u0130simleriyle \u00e7a\u011f\u0131r\u0131yoruz. Bizi tan\u0131yorlar ve biz \u00e7a\u011f\u0131rd\u0131\u011f\u0131m\u0131zda geliyorlar. Z\u00fcrafalar g\u00fczel hayvanlar. Seviyoruz ve herkesin sevmesini istiyoruz.\u201d <strong>(AA)<\/strong><\/p>\n","protected":false},"excerpt":{"rendered":"<p>Bursa Hayvanat Bah\u00e7esi&#8217;nin 11 y\u0131ll\u0131k sakinleri z\u00fcrafalar, y\u0131l\u0131n en uzun g\u00fcnd\u00fcz\u00fcn\u00fcn ya\u015fand\u0131\u011f\u0131 21 Haziran&#8217;da &#8220;D\u00fcnya Z\u00fcrafalar G\u00fcn\u00fc&#8221; dolay\u0131s\u0131yla bak\u0131c\u0131lar\u0131 taraf\u0131ndan en sevdikleri yiyeceklerle beslendi.<\/p>\n","protected":false},"author":1,"featured_media":102241,"comment_status":"closed","ping_status":"open","sticky":false,"template":"","format":"standard","meta":{"footnotes":""},"categories":[33],"tags":[244,9391,12683],"class_list":["post-102240","post","type-post","status-publish","format-standard","has-post-thumbnail","hentry","category-yasam","tag-hayvan","tag-yaprak","tag-zurafalar"],"_links":{"self":[{"href":"https:\/\/haberulus.net\/index.php?rest_route=\/wp\/v2\/posts\/102240","targetHints":{"allow":["GET"]}}],"collection":[{"href":"https:\/\/haberulus.net\/index.php?rest_route=\/wp\/v2\/posts"}],"about":[{"href":"https:\/\/haberulus.net\/index.php?rest_route=\/wp\/v2\/types\/post"}],"author":[{"embeddable":true,"href":"https:\/\/haberulus.net\/index.php?rest_route=\/wp\/v2\/users\/1"}],"replies":[{"embeddable":true,"href":"https:\/\/haberulus.net\/index.php?rest_route=%2Fwp%2Fv2%2Fcomments&post=102240"}],"version-history":[{"count":1,"href":"https:\/\/haberulus.net\/index.php?rest_route=\/wp\/v2\/posts\/102240\/revisions"}],"predecessor-version":[{"id":102242,"href":"https:\/\/haberulus.net\/index.php?rest_route=\/wp\/v2\/posts\/102240\/revisions\/102242"}],"wp:featuredmedia":[{"embeddable":true,"href":"https:\/\/haberulus.net\/index.php?rest_route=\/wp\/v2\/media\/102241"}],"wp:attachment":[{"href":"https:\/\/haberulus.net\/index.php?rest_route=%2Fwp%2Fv2%2Fmedia&parent=102240"}],"wp:term":[{"taxonomy":"category","embeddable":true,"href":"https:\/\/haberulus.net\/index.php?rest_route=%2Fwp%2Fv2%2Fcategories&post=102240"},{"taxonomy":"post_tag","embeddable":true,"href":"https:\/\/haberulus.net\/index.php?rest_route=%2Fwp%2Fv2%2Ftags&post=102240"}],"curies":[{"name":"wp","href":"https:\/\/api.w.org\/{rel}","templated":true}]}}