{"id":102441,"date":"2023-06-21T12:35:27","date_gmt":"2023-06-21T12:35:27","guid":{"rendered":"https:\/\/haberulus.net\/?p=102441"},"modified":"2023-06-21T12:35:27","modified_gmt":"2023-06-21T12:35:27","slug":"uc-aylikken-teshis-koyulan-mavi-bebek-hastaligindan-18-yasinda-kurtuldu","status":"publish","type":"post","link":"https:\/\/haberulus.net\/?p=102441","title":{"rendered":"\u00dc\u00e7 ayl\u0131kken te\u015fhis koyulan \u2018Mavi bebek hastal\u0131\u011f\u0131\u2019ndan 18 ya\u015f\u0131nda kurtuldu"},"content":{"rendered":"<p>Aysel \u00d6zg\u00fcl Ayd\u0131n\u2019a, 3 ayl\u0131kken, morarmayla kendini g\u00f6steren kalp hastal\u0131klar\u0131 aras\u0131nda en s\u0131k g\u00f6r\u00fclen \u201cmavi bebek hastal\u0131\u011f\u0131\u201d te\u015fhisi konuldu. Ayd\u0131n, 1,5 ve 3 ya\u015f\u0131ndayken iki ayr\u0131 a\u00e7\u0131k kalp ameliyat\u0131 ge\u00e7irdi.<\/p>\n<p>Son ameliyat\u0131n\u0131n ard\u0131ndan 15 y\u0131l boyunca sa\u011fl\u0131k problemleri devam eden Ayd\u0131n, Ankara Etlik \u015eehir Hastanesinin \u00c7ocuk Kardiyoloji Klini\u011finde \u201ckalpten akci\u011fere giden damarda yetersizlik\u201d tan\u0131s\u0131yla tedavi alt\u0131na al\u0131nd\u0131. Muayenesinin ard\u0131ndan Ayd\u0131n\u2019\u0131n kalp kapa\u011f\u0131n\u0131n de\u011fi\u015ftirilmesine karar verildi.<\/p>\n<p>Ameliyat, Ankara Etlik \u015eehir Hastanesi \u00c7ocuk Kardiyoloji Klinik E\u011fitim ve \u0130dari Sorumlusu Prof. Dr. Utku Arman \u00d6r\u00fcn ve \u00c7ocuk Kardiyoloji Uzman\u0131 Dr. \u00d6zkan Kaya ba\u015fkanl\u0131\u011f\u0131ndaki ekip taraf\u0131ndan yap\u0131ld\u0131.<\/p>\n<p><strong>ETL\u0130K \u015eEH\u0130R HASTANES\u0130\u2019NDE B\u0130R \u0130LK<\/strong><\/p>\n<p>Etlik \u015eehir Hastanesinde ilk kez 18 ya\u015f\u0131ndaki bir hastan\u0131n kalp kapa\u011f\u0131na kapal\u0131 ameliyatla m\u00fcdahale edildi\u011fini aktaran Prof. Dr. \u00d6zkan Kaya, \u201cGenellikle bu kapaklar\u0131n de\u011fi\u015fimi a\u00e7\u0131k cerrahiyle yap\u0131l\u0131yor. A\u00e7\u0131k cerrahide, g\u00f6\u011f\u00fcs kafesi kesilerek kalbe ula\u015f\u0131l\u0131yor ve gerekli i\u015flemler yap\u0131larak uygun kapak tak\u0131l\u0131yor. Bu i\u015flem, daha zahmetli.\u201d dedi.<\/p>\n<p>Kaya, daha \u00f6nce ge\u00e7irilen 2 ameliyatta olu\u015fan yap\u0131\u015f\u0131kl\u0131klar nedeniyle ayn\u0131 b\u00f6lgeden Aysel \u00d6zg\u00fcl Ayd\u0131n\u2019\u0131n kalbine ula\u015fman\u0131n zor oldu\u011funu, genel anestezi alt\u0131nda 2 saatlik anjiyonun uyguland\u0131\u011f\u0131 kapal\u0131 y\u00f6ntemle bu risklerin de ortadan kalkt\u0131\u011f\u0131n\u0131 aktard\u0131. Kaya, kapal\u0131 y\u00f6ntem sayesinde enfeksiyon geli\u015fme riskinin ve kan ihtiyac\u0131n\u0131n azald\u0131\u011f\u0131n\u0131, iyile\u015fme s\u00fcresinin h\u0131zland\u0131\u011f\u0131n\u0131 bildirdi.<\/p>\n<p>Kaya, Ayd\u0131n\u2019\u0131n yeniden ameliyata ihtiyac\u0131 olmad\u0131\u011f\u0131n\u0131 d\u00fc\u015f\u00fcnd\u00fcklerini belirterek, \u201cG\u00f6n\u00fcl rahatl\u0131\u011f\u0131yla evine g\u00f6nderece\u011fiz. Art\u0131k herhangi bir aktivitede k\u0131s\u0131tlamas\u0131 olmayacak. Zaman ge\u00e7tik\u00e7e kendisi de bunu anlayacak, her \u015feyi istedi\u011fi gibi yapabilecek, ko\u015fabilecek, arkada\u015flar\u0131yla yar\u0131\u015fabilecek. Art\u0131k, onu yeni bir hayat bekliyor.\u201d de\u011ferlendirmesinde bulundu.<\/p>\n<p><img decoding=\"async\" src=\"https:\/\/i01.sozcucdn.com\/wp-content\/uploads\/2023\/06\/21\/resim1_23235137.jpg\" alt=\"\" title=\"\"><\/p>\n<p><strong>BEBEKL\u0130KTE BU BEL\u0130RT\u0130LERE D\u0130KKAT<\/strong><\/p>\n<p>Prof. Dr. \u00d6zkan Kaya, \u201cMavi bebek hastal\u0131\u011f\u0131\u201d olarak bilinen fallot tetralojisinin, morarmayla kendini g\u00f6steren kalp hastal\u0131klar\u0131 aras\u0131nda en s\u0131k g\u00f6r\u00fclen sa\u011fl\u0131k sorunu oldu\u011funu s\u00f6yledi.<\/p>\n<p>Bu bebeklerde ilk belirtinin, \u00e7ocuk doktoru taraf\u0131ndan duyulabilen \u201ckalpte \u00fcf\u00fcr\u00fcm\u201d olabildi\u011fini belirten Kaya, bebek b\u00fcy\u00fcrken akci\u011ferde kan ak\u0131m\u0131n\u0131n azald\u0131\u011f\u0131n\u0131 ve 6. aydan sonra morarma geli\u015fti\u011fi bilgisini verdi. Kaya, hastal\u0131\u011f\u0131n bebeklik d\u00f6neminde \u00f6zellikle dudaklarda, parmak u\u00e7lar\u0131nda renk de\u011fi\u015fikli\u011fi ile kendini g\u00f6sterdi\u011fini ifade etti.<\/p>\n<p>Kaya, hastaya m\u00fcdahale edilmedi\u011finde kan de\u011ferlerinin y\u00fckselmesi, ciltte morarma ataklar\u0131, s\u0131k nefes al\u0131p verme, ya\u015f\u0131tlar\u0131 gibi ko\u015famama, yorgunlukla ortaya \u00e7\u0131kan \u015fikayetlerin, ilerleyen d\u00f6nemde kalp yetersizli\u011fine kadar gidebildi\u011fini vurgulad\u0131.<\/p>\n<p><strong>\u201cARTIK \u0130STED\u0130\u011e\u0130M HAYALLER\u0130 KURAB\u0130L\u0130YORUM\u201d<\/strong><\/p>\n<p>Kapal\u0131 y\u00f6ntemle kalp kapa\u011f\u0131 ameliyat\u0131 olan 18 ya\u015f\u0131ndaki Aysel \u00d6zg\u00fcl Ayd\u0131n, kalp kapa\u011f\u0131ndaki soruna ba\u011fl\u0131 ya\u015fam kalitesinde k\u0131s\u0131tl\u0131l\u0131klar oldu\u011funu ve s\u00fcrekli sa\u011fl\u0131\u011f\u0131ndan endi\u015fe duydu\u011funu anlatt\u0131.<\/p>\n<p>Ayd\u0131n, ya\u015f\u0131tlar\u0131 gibi hareket edemedi\u011fini belirterek, \u201cKo\u015fmaktan ka\u00e7\u0131n\u0131yordum, bu benim i\u00e7in endi\u015fe kayna\u011f\u0131yd\u0131. \u0130stedi\u011fim \u015feyleri yapam\u0131yordum, \u00e7abuk yoruluyordum.\u201d dedi.<\/p>\n<p>Ayd\u0131n, \u015f\u00f6yle devam etti:<\/p>\n<p>\u201c\u00c7ok fazla hayal kuram\u0131yordum ama art\u0131k sa\u011fl\u0131\u011f\u0131mla ilgili \u00f6n\u00fcmde bir engel kalmad\u0131\u011f\u0131 i\u00e7in art\u0131k istedi\u011fim hayalleri kurabiliyorum. Gelece\u011fe dair bir endi\u015fem yok. Ben 9 Aral\u0131k\u2019ta do\u011fdum, bu ameliyat\u0131 da 15 Haziran\u2019da oldum. Benim i\u00e7in art\u0131k 15 Haziran ikinci do\u011fum g\u00fcn\u00fcm.\u201d<\/p>\n<p><img decoding=\"async\" src=\"https:\/\/i01.sozcucdn.com\/wp-content\/uploads\/2023\/06\/21\/resim1_23235132.jpg\" alt=\"\" title=\"\"><\/p>\n<p><strong>\u201cKIZIM NEFES ALDIK\u00c7A BEN DE ALIYORUM\u201d<\/strong><\/p>\n<p>Ayd\u0131n\u2019\u0131n annesi \u00c7i\u011fdem Ayd\u0131n da 18 y\u0131ld\u0131r \u00e7ok zor g\u00fcnler ge\u00e7irdi\u011fini, \u00f6mr\u00fcn\u00fcn k\u0131z\u0131 i\u00e7in endi\u015fe etmekle ge\u00e7ti\u011fini vurgulayarak, \u201c\u0130ki \u00e7ocu\u011fum daha var ama biz sadece ona odakland\u0131k. \u015eimdi, bu saatten sonra di\u011fer \u00e7ocuklar\u0131ma da vakit ay\u0131rabilece\u011fim. Zor g\u00fcnlerdi. O uyurken, ben uyumuyordum, onun nabz\u0131n\u0131 dinlerim, nefes al\u0131yor mu diye s\u00fcrekli k\u0131z\u0131ma bakard\u0131m ama art\u0131k uyuyabilece\u011fim. K\u0131z\u0131m nefes ald\u0131k\u00e7a ben de al\u0131yorum. Art\u0131k, k\u0131z\u0131m normal oldu\u011fu i\u00e7in \u00e7ok mutluyum.\u201d diyerek duygular\u0131n\u0131 ifade etti.<\/p>\n<p>Anne Ayd\u0131n, eme\u011fi ge\u00e7en t\u00fcm doktorlara te\u015fekk\u00fcr bor\u00e7lu oldu\u011funu belirterek, \u201cNe yapsak bu hekimlere olan borcumuzu \u00f6deyemeyiz. Bize, k\u0131z\u0131m\u0131 verdiler.\u201d dedi.<\/p>\n","protected":false},"excerpt":{"rendered":"<p>Do\u011fu\u015ftan kalp hastas\u0131 olan ve daha \u00f6nce iki ameliyat ge\u00e7iren 18 ya\u015f\u0131ndaki gen\u00e7 k\u0131z, kapal\u0131 y\u00f6ntemle yap\u0131lan kalp kapa\u011f\u0131 de\u011fi\u015ftirme uygulamas\u0131yla, &#8220;Mavi bebek hastal\u0131\u011f\u0131&#8221; olarak bilinen do\u011fumsal kalp hastal\u0131\u011f\u0131 fallot tetralojisini yendi.<\/p>\n","protected":false},"author":1,"featured_media":102442,"comment_status":"closed","ping_status":"open","sticky":false,"template":"","format":"standard","meta":{"footnotes":""},"categories":[30],"tags":[4835,446,3932,436,482],"class_list":["post-102441","post","type-post","status-publish","format-standard","has-post-thumbnail","hentry","category-saglik","tag-artik","tag-aydin","tag-kalp","tag-kaya","tag-kizi"],"_links":{"self":[{"href":"https:\/\/haberulus.net\/index.php?rest_route=\/wp\/v2\/posts\/102441","targetHints":{"allow":["GET"]}}],"collection":[{"href":"https:\/\/haberulus.net\/index.php?rest_route=\/wp\/v2\/posts"}],"about":[{"href":"https:\/\/haberulus.net\/index.php?rest_route=\/wp\/v2\/types\/post"}],"author":[{"embeddable":true,"href":"https:\/\/haberulus.net\/index.php?rest_route=\/wp\/v2\/users\/1"}],"replies":[{"embeddable":true,"href":"https:\/\/haberulus.net\/index.php?rest_route=%2Fwp%2Fv2%2Fcomments&post=102441"}],"version-history":[{"count":1,"href":"https:\/\/haberulus.net\/index.php?rest_route=\/wp\/v2\/posts\/102441\/revisions"}],"predecessor-version":[{"id":102443,"href":"https:\/\/haberulus.net\/index.php?rest_route=\/wp\/v2\/posts\/102441\/revisions\/102443"}],"wp:featuredmedia":[{"embeddable":true,"href":"https:\/\/haberulus.net\/index.php?rest_route=\/wp\/v2\/media\/102442"}],"wp:attachment":[{"href":"https:\/\/haberulus.net\/index.php?rest_route=%2Fwp%2Fv2%2Fmedia&parent=102441"}],"wp:term":[{"taxonomy":"category","embeddable":true,"href":"https:\/\/haberulus.net\/index.php?rest_route=%2Fwp%2Fv2%2Fcategories&post=102441"},{"taxonomy":"post_tag","embeddable":true,"href":"https:\/\/haberulus.net\/index.php?rest_route=%2Fwp%2Fv2%2Ftags&post=102441"}],"curies":[{"name":"wp","href":"https:\/\/api.w.org\/{rel}","templated":true}]}}