{"id":102525,"date":"2023-06-21T14:05:03","date_gmt":"2023-06-21T14:05:03","guid":{"rendered":"https:\/\/haberulus.net\/?p=102525"},"modified":"2023-06-21T14:05:03","modified_gmt":"2023-06-21T14:05:03","slug":"sirketlere-uclu-faiz-kiskaci","status":"publish","type":"post","link":"https:\/\/haberulus.net\/?p=102525","title":{"rendered":"\u015eirketlere \u00fc\u00e7l\u00fc faiz k\u0131skac\u0131"},"content":{"rendered":"<p>Allianz\u2019\u0131n ihracat\u00e7\u0131 \u015firketlerle yap\u0131lan K\u00fcresel Anket Raporu\u2019na g\u00f6re, bu y\u0131l \u015firketlerin projeksiyonunda yeni pazarlara girmek de\u011fil mevcut pazarlardaki g\u00fc\u00e7lerini koruyabilmek bulunuyor.<\/p>\n<p>\u015eirketten yap\u0131lan a\u00e7\u0131klamaya g\u00f6re, Allianz Trade, ihracat\u00e7\u0131 \u015firketlerle ger\u00e7ekle\u015ftirdi\u011fi K\u00fcresel Anket Raporu\u2019nun ikincisini yay\u0131nlad\u0131.<\/p>\n<p>Fransa, Almanya, \u0130talya, \u0130spanya, Polonya, \u0130ngiltere ve ABD\u2019den yakla\u015f\u0131k 3 bin ihracat\u00e7\u0131 \u015firketle yap\u0131lan ankete g\u00f6re, \u015firketler 2023\u2019te ihracat beklentileri konusunda nispeten iyimser olsa da ekonomik belirsizlik endi\u015fesini de ya\u015famaya devam ediyor.<\/p>\n<p>Anket sonu\u00e7lar\u0131na g\u00f6re ayr\u0131ca ihracatta \u00f6deme alamama riskinde art\u0131\u015f bekleyen kat\u0131l\u0131mc\u0131lar\u0131n oran\u0131 2022 ba\u015f\u0131ndaki ankete k\u0131yasla 11 puan artarak ortalamada y\u00fczde 40\u2019a y\u00fckseldi.<\/p>\n<p><b>C\u0130RO ARTI\u015eI BEKLEYEN \u015e\u0130RKET SAYISI AZALDI<\/b><\/p>\n<p>\u0130hracat, tedarik zinciri aksakl\u0131klar\u0131 ve \u00c7evresel Sosyal ve Kurumsal Y\u00f6neti\u015fim (\u00c7SY) stratejilerine dair sorular\u0131n yer ald\u0131\u011f\u0131 ankete g\u00f6re, ciro art\u0131\u015f\u0131 bekleyen \u015firketlerin oran\u0131nda ge\u00e7en y\u0131la k\u0131yasla bir azalma s\u00f6z konusu. 2022\u2019de kat\u0131l\u0131mc\u0131 \u015firketlerin y\u00fczde 80\u2019i ihracat yoluyla elde edilen cironun bir \u00f6nceki y\u0131la g\u00f6re artmas\u0131n\u0131 beklerken, bu y\u0131l bu oran y\u00fczde 70\u2019e geriledi<\/p>\n<p>Bu gerileme k\u00fcresel ticaret ortam\u0131n\u0131n 2023\u2019te daha az g\u00fcven verdi\u011finin bir yans\u0131mas\u0131 olarak yorumlan\u0131yor.<\/p>\n<p>2022\u2019de k\u00fcresel ticaretin y\u00fczde 3,8 b\u00fcy\u00fcmesine kar\u015f\u0131n 2023\u2019te bu oran\u0131n y\u00fczde 0,7 oldu\u011fu g\u00f6r\u00fcl\u00fcyor.<\/p>\n<p>\u015eirketlerin, yeni pazarlara y\u00f6nelik i\u015ftahlar\u0131n\u0131n azald\u0131\u011f\u0131 ve \u00f6nceli\u011fin mevcut pazarlar\u0131n konsolidasyonunda oldu\u011fu belirtilen Allianz Trade K\u00fcresel Anket kat\u0131l\u0131mc\u0131lar\u0131n y\u00fczde 63\u2019\u00fcn\u00fcn halihaz\u0131rda bulunduklar\u0131 \u00fclkelerde yat\u0131r\u0131mlar\u0131n\u0131 art\u0131rmay\u0131 tercih etti\u011fi belirtiliyor.<\/p>\n<p>Rapora g\u00f6re kat\u0131l\u0131mc\u0131lar\u0131n y\u00fczde 47\u2019si yeni \u00fclkelere yat\u0131r\u0131m yapmay\u0131 planl\u0131yor. Ayr\u0131ca, ihracat stratejileri bak\u0131m\u0131ndan, \u015firketlerin y\u00fczde 55\u2019inden fazlas\u0131 bulundu\u011fu \u00fclkelerde pazar pay\u0131n\u0131 art\u0131rmay\u0131 planlarken yakla\u015f\u0131k y\u00fczde 52\u2019si pazarlar\u0131n\u0131 \u00e7e\u015fitlendirmeyi ve yeni \u00fclkeler hedeflemeyi d\u00fc\u015f\u00fcn\u00fcyor.<\/p>\n<p><b>\u0130HRACAT F\u0130NANSMANINDA NAK\u0130T L\u0130DER<\/b><\/p>\n<p>Ankete g\u00f6re, firmalar\u0131n ihracat geli\u015ftirme planlar\u0131n\u0131 nakit, banka kredileri ve \u00f6deme ko\u015fullar\u0131na ba\u011fl\u0131 olarak finanse edecekleri belirtiliyor. Ancak, \u015firketlerin kullanabilecekleri nakit tamponlar\u0131n\u0131n azald\u0131\u011f\u0131 ve banka kredi ko\u015fullar\u0131n\u0131n s\u0131k\u0131la\u015ft\u0131\u011f\u0131 bir ortamda alternatifler aras\u0131nda \u00e7ok da fark kalmad\u0131\u011f\u0131 vurgulan\u0131yor.<\/p>\n<p>Ayr\u0131ca anket kat\u0131l\u0131mc\u0131lar\u0131n\u0131n yakla\u015f\u0131k y\u00fczde 75\u2019i lojistik engeller ve y\u00fcksek nakliye maliyetlerinin 2023\u2019te ihracat faaliyetleri \u00fczerinde g\u00fc\u00e7l\u00fc bir etkiye sahip oldu\u011funu belirtiyor.<\/p>\n<p>Kat\u0131l\u0131mc\u0131lar\u0131n y\u00fczde 80\u2019inden fazlas\u0131 2023\u2019te ekonomik yava\u015flama ve finansman k\u0131s\u0131tlamalar\u0131 nedeniyle i\u015f s\u00fcreklili\u011fine \u00c7SY taahh\u00fctlerinden daha fazla \u00f6ncelik verece\u011fini s\u00f6yl\u00fcyor. \u00d6te yandan \u015firketler \u00c7SY hedeflerinden tamamen vazge\u00e7mi\u015f de\u011fil.<\/p>\n<p><b>K\u00dcRESEL \u0130FLASLARIN Y\u00dcZDE 21 ARTMASI BEKLEN\u0130YOR<\/b><\/p>\n<p>A\u00e7\u0131klamada g\u00f6r\u00fc\u015flerine yer verilen Allianz Ticaret \u00dcst Y\u00f6neticisi (CEO) Aylin Somersan Coqui, \u201cMerkez bankalar\u0131n\u0131n enflasyonu d\u00fc\u015f\u00fcrmek i\u00e7in faiz oranlar\u0131n\u0131 art\u0131rmaya devam etmesiyle birlikte \u015firketler, daha d\u00fc\u015f\u00fck talep, k\u00e2rl\u0131l\u0131k \u00fczerinde ek bask\u0131 ve s\u0131k\u0131la\u015fan kredi ko\u015fullar\u0131n\u0131n bir kombinasyonuyla kar\u015f\u0131 kar\u015f\u0131ya.<\/p>\n<p>Bu ba\u011flamda, 2023\u2019te ihracatta daha uzun \u00f6deme vadelerine ve daha y\u00fcksek \u00f6deme alamama riskine kar\u015f\u0131 haz\u0131rlan\u0131yorlar. Bu durum, 2022\u2019deki y\u00fczde 2\u2019lik art\u0131\u015ftan sonra 2023 y\u0131l\u0131nda y\u00fczde 21 artmas\u0131n\u0131 bekledi\u011fimiz k\u00fcresel iflaslara ili\u015fkin \u00f6ng\u00f6r\u00fcm\u00fczle de uyumlu.\u201d a\u00e7\u0131klamas\u0131nda bulundu. (AA)<\/p>\n","protected":false},"excerpt":{"rendered":"<p>Allianz Trade, K\u00fcresel Anket Raporu&#8217;na g\u00f6re, \u015firketler ekonomik belirsizlik endi\u015fesi ya\u015famaya devam ederken d\u00fc\u015f\u00fck talep, k\u00e2rl\u0131l\u0131k \u00fczerinde ek bask\u0131 ve s\u0131k\u0131la\u015fan kredi ko\u015fullar\u0131yla sava\u015f\u0131yor.<\/p>\n","protected":false},"author":1,"featured_media":102526,"comment_status":"closed","ping_status":"open","sticky":false,"template":"","format":"standard","meta":{"footnotes":""},"categories":[25],"tags":[10501,272,810,76,10277],"class_list":["post-102525","post","type-post","status-publish","format-standard","has-post-thumbnail","hentry","category-ekonomi","tag-2023te","tag-anket","tag-ihracat","tag-pazar","tag-sirketle"],"_links":{"self":[{"href":"https:\/\/haberulus.net\/index.php?rest_route=\/wp\/v2\/posts\/102525","targetHints":{"allow":["GET"]}}],"collection":[{"href":"https:\/\/haberulus.net\/index.php?rest_route=\/wp\/v2\/posts"}],"about":[{"href":"https:\/\/haberulus.net\/index.php?rest_route=\/wp\/v2\/types\/post"}],"author":[{"embeddable":true,"href":"https:\/\/haberulus.net\/index.php?rest_route=\/wp\/v2\/users\/1"}],"replies":[{"embeddable":true,"href":"https:\/\/haberulus.net\/index.php?rest_route=%2Fwp%2Fv2%2Fcomments&post=102525"}],"version-history":[{"count":1,"href":"https:\/\/haberulus.net\/index.php?rest_route=\/wp\/v2\/posts\/102525\/revisions"}],"predecessor-version":[{"id":102527,"href":"https:\/\/haberulus.net\/index.php?rest_route=\/wp\/v2\/posts\/102525\/revisions\/102527"}],"wp:featuredmedia":[{"embeddable":true,"href":"https:\/\/haberulus.net\/index.php?rest_route=\/wp\/v2\/media\/102526"}],"wp:attachment":[{"href":"https:\/\/haberulus.net\/index.php?rest_route=%2Fwp%2Fv2%2Fmedia&parent=102525"}],"wp:term":[{"taxonomy":"category","embeddable":true,"href":"https:\/\/haberulus.net\/index.php?rest_route=%2Fwp%2Fv2%2Fcategories&post=102525"},{"taxonomy":"post_tag","embeddable":true,"href":"https:\/\/haberulus.net\/index.php?rest_route=%2Fwp%2Fv2%2Ftags&post=102525"}],"curies":[{"name":"wp","href":"https:\/\/api.w.org\/{rel}","templated":true}]}}