{"id":102669,"date":"2023-06-21T18:49:03","date_gmt":"2023-06-21T18:49:03","guid":{"rendered":"https:\/\/haberulus.net\/?p=102669"},"modified":"2023-06-21T18:49:03","modified_gmt":"2023-06-21T18:49:03","slug":"cevdet-yilmaz-ve-mehmet-simsek-birlesik-arap-emirliklerine-gidiyor","status":"publish","type":"post","link":"https:\/\/haberulus.net\/?p=102669","title":{"rendered":"Cevdet Y\u0131lmaz ve Mehmet \u015eim\u015fek Birle\u015fik Arap Emirlikleri&#8217;ne gidiyor"},"content":{"rendered":"<p>Cumhurba\u015fkan\u0131 Yard\u0131mc\u0131s\u0131 Cevdet Y\u0131lmaz ile Hazine ve Maliye Bakan\u0131  <strong>Mehmet \u015eim\u015fek<\/strong>, Birle\u015fik Arap Emirlikleri&#8217;ne bir g\u00fcnl\u00fck \u00e7al\u0131\u015fma ziyareti yapacaklar.<\/p>\n<p>Cumhurba\u015fkanl\u0131\u011f\u0131 Yard\u0131mc\u0131l\u0131\u011f\u0131&#8217;ndan yap\u0131lan a\u00e7\u0131klamada Cumhurba\u015fkan\u0131 Yard\u0131mc\u0131s\u0131 Cevdet Y\u0131lmaz ile Hazine ve Maliye Bakan\u0131  <strong>Mehmet \u015eim\u015fek<\/strong>&#8216;in Birle\u015fik Arap Emirlikleri&#8217;ne gidece\u011fi belirtildi.<\/p>\n<p>Cumhurba\u015fkanl\u0131\u011f\u0131 Yard\u0131mc\u0131l\u0131\u011f\u0131&#8217;ndan yap\u0131lan a\u00e7\u0131klamada, &#8220;Cumhurba\u015fkan\u0131 Yard\u0131mc\u0131s\u0131 Say\u0131n Cevdet Y\u0131lmaz ile Hazine ve Maliye Bakan\u0131 Say\u0131n Mehmet \u015eim\u015fek bu ak\u015fam, bir g\u00fcnl\u00fck \u00e7al\u0131\u015fma ziyaretinde bulunmak \u00fczere Birle\u015fik Arap Emirlikleri&#8217;ne gideceklerdir&#8221; denildi.<\/p>\n<div>Kaynak: Demir\u00f6ren Haber Ajans\u0131 \/  Kaan Ulu &#8211;  Politika <\/div>\n","protected":false},"excerpt":{"rendered":"<p>Cumhurba\u015fkan\u0131 Yard\u0131mc\u0131s\u0131 Cevdet Y\u0131lmaz ile Hazine ve Maliye Bakan\u0131 Mehmet \u015eim\u015fek, BAE&#8217;ne bir g\u00fcnl\u00fck \u00e7al\u0131\u015fma ziyareti yapacaklar.<\/p>\n","protected":false},"author":1,"featured_media":102670,"comment_status":"closed","ping_status":"open","sticky":false,"template":"","format":"standard","meta":{"footnotes":""},"categories":[28],"tags":[],"class_list":["post-102669","post","type-post","status-publish","format-standard","has-post-thumbnail","hentry","category-politika"],"_links":{"self":[{"href":"https:\/\/haberulus.net\/index.php?rest_route=\/wp\/v2\/posts\/102669","targetHints":{"allow":["GET"]}}],"collection":[{"href":"https:\/\/haberulus.net\/index.php?rest_route=\/wp\/v2\/posts"}],"about":[{"href":"https:\/\/haberulus.net\/index.php?rest_route=\/wp\/v2\/types\/post"}],"author":[{"embeddable":true,"href":"https:\/\/haberulus.net\/index.php?rest_route=\/wp\/v2\/users\/1"}],"replies":[{"embeddable":true,"href":"https:\/\/haberulus.net\/index.php?rest_route=%2Fwp%2Fv2%2Fcomments&post=102669"}],"version-history":[{"count":1,"href":"https:\/\/haberulus.net\/index.php?rest_route=\/wp\/v2\/posts\/102669\/revisions"}],"predecessor-version":[{"id":102671,"href":"https:\/\/haberulus.net\/index.php?rest_route=\/wp\/v2\/posts\/102669\/revisions\/102671"}],"wp:featuredmedia":[{"embeddable":true,"href":"https:\/\/haberulus.net\/index.php?rest_route=\/wp\/v2\/media\/102670"}],"wp:attachment":[{"href":"https:\/\/haberulus.net\/index.php?rest_route=%2Fwp%2Fv2%2Fmedia&parent=102669"}],"wp:term":[{"taxonomy":"category","embeddable":true,"href":"https:\/\/haberulus.net\/index.php?rest_route=%2Fwp%2Fv2%2Fcategories&post=102669"},{"taxonomy":"post_tag","embeddable":true,"href":"https:\/\/haberulus.net\/index.php?rest_route=%2Fwp%2Fv2%2Ftags&post=102669"}],"curies":[{"name":"wp","href":"https:\/\/api.w.org\/{rel}","templated":true}]}}