{"id":102675,"date":"2023-06-21T19:05:03","date_gmt":"2023-06-21T19:05:03","guid":{"rendered":"https:\/\/haberulus.net\/?p=102675"},"modified":"2023-06-21T19:05:03","modified_gmt":"2023-06-21T19:05:03","slug":"kilicdaroglunun-yardimcisi-bulent-kusoglu-imamoglunun-genel-baskan-olmasini-cok-arzu-ederiz","status":"publish","type":"post","link":"https:\/\/haberulus.net\/?p=102675","title":{"rendered":"K\u0131l\u0131\u00e7daro\u011flu&#8217;nun yard\u0131mc\u0131s\u0131 B\u00fclent Ku\u015fo\u011flu: \u0130mamo\u011flu&#8217;nun genel ba\u015fkan olmas\u0131n\u0131 \u00e7ok arzu ederiz"},"content":{"rendered":"<p> <strong>Se\u00e7im<\/strong><\/p>\n<p>Diken&#8217;den Altan Sancar&#8217;a konu\u015fan Ku\u015fo\u011flu&#8217;nun, kendisine y\u00f6neltilen sorulara verdi\u011fi yan\u0131tlar \u015fu \u015fekilde;<\/p>\n<p><strong>&#8211;  <strong>Kemal K\u0131l\u0131\u00e7daro\u011flu<\/strong>&#8216;nun bir kez daha aday g\u00f6sterilece\u011fini dile getirdiniz. Bu konu\u015fulmu\u015f ve kesinle\u015fmi\u015f bir karar m\u0131?<\/strong> <\/p>\n<p>Bu g\u00f6r\u00fc\u015f hem ki\u015fisel g\u00f6r\u00fc\u015f\u00fcm hem de makam olarak g\u00f6r\u00fc\u015f\u00fcm\u00fczd\u00fcr. Bu konu\u015fulmu\u015f bir konu de\u011fil. 14 May\u0131s se\u00e7imlerinin tamamlay\u0131c\u0131s\u0131 olacak ve hemen arkas\u0131ndan yap\u0131lacak olan yerel se\u00e7imler var. Bu yerel se\u00e7imlerin kaybedeni ve kazanan\u0131 14 May\u0131s se\u00e7imleriyle ilgili kesin bir belirlemeyi de tamamlam\u0131\u015f olacak. Yerel se\u00e7imleri kazanan taraf biz olursak, 14 May\u0131s se\u00e7imlerini kazanan Erdo\u011fan&#8217;\u0131 sakatlam\u0131\u015f olaca\u011f\u0131z. \u00c7\u00fcnk\u00fc 14 May\u0131s se\u00e7imlerinden T\u00fcrkiye y\u00fczde 50&#8217;ye y\u00fczde 50 bir sonu\u00e7la \u00e7\u0131kt\u0131. Biz bu se\u00e7imleri kazan\u0131rsak rahat hareket edemeyecek, ama yerel se\u00e7imleri kaybedersek \u00e7ok daha rahat hareket edebilecek, \u00f6n\u00fc bo\u015falacak. Antidemokratik y\u00f6netim \u015feklinin iyice \u00f6n\u00fc a\u00e7\u0131lm\u0131\u015f olacak. Onun i\u00e7in de bu se\u00e7imlerin \u00f6nemli oldu\u011funu kurultay yaparak herkesin partinin, partilinin, delegenin iradesine bu konuyu b\u0131rakarak gitmemiz gerekti\u011fini d\u00fc\u015f\u00fcn\u00fcyoruz. Bu arada genel ba\u015fkana da bir f\u0131rsat verilmesi gerekir.<\/p>\n<p><strong>-Bu s\u00f6zlerinizin arkas\u0131ndas\u0131n\u0131z yani\u2026<\/strong> <\/p>\n<p>Tabii tabii.<\/p>\n<p><img decoding=\"async\" src=\"https:\/\/i.hbrcdn.com\/haber\/2023\/06\/21\/chp-genel-baskan-yardimcisi-kusoglu-imamoglu-nun-16053621_2537_m.jpg\" alt=\"\" title=\"\"><span>CHP Genel Ba\u015fkan Yard\u0131mc\u0131s\u0131 B\u00fclent Ku\u015fo\u011flu.<\/span><\/p>\n<p><strong>-Yani siz yerel se\u00e7imleri, genel se\u00e7imlerin bir r\u00f6van\u015f\u0131 olarak g\u00f6r\u00fcyorsunuz diyebilir miyiz?<\/strong> <\/p>\n<p>R\u00f6van\u015f de\u011fil de tamamlay\u0131c\u0131s\u0131 diyelim. Tamamlay\u0131c\u0131s\u0131 olan \u00e7ok \u00f6nemli bir  <strong>se\u00e7im<\/strong> olacak.<\/p>\n<p><strong>&#8211;  <strong>Kemal K\u0131l\u0131\u00e7daro\u011flu<\/strong>&#8216;Ben aday olmam, delegenin takdiri&#8217; demi\u015fti.<\/strong> <\/p>\n<p>Tabii Kemal bey &#8220;Ben aday olmam&#8221; diyor, &#8220;Biz aday g\u00f6steririz&#8221; diyorum. Partililer olarak tabii\u2026 Biz de &#8220;Bir grup partili de onu aday g\u00f6sterecektir&#8221; diyoruz. Bu da hakk\u0131m\u0131zd\u0131r herhalde.<\/p>\n<p><strong>-Ekrem \u0130mamo\u011flu&#8217;nun \u0130BB&#8217;ye aday g\u00f6sterilmeme ihtimalinin olabilir mi?<\/strong> <\/p>\n<p><strong>-Yani K\u0131l\u0131\u00e7daro\u011flu ile \u0130mamo\u011flu g\u00f6r\u00fc\u015fecek mi?<\/strong> <\/p>\n<p>Bir parti genel ba\u015fkan\u0131yla belediye ba\u015fkan\u0131, belediye ba\u015fkanlar\u0131, il ba\u015fkanlar\u0131 aras\u0131nda her zaman g\u00f6r\u00fc\u015fme olur.<\/p>\n","protected":false},"excerpt":{"rendered":"<p>CHP Genel Ba\u015fkan Yard\u0131mc\u0131s\u0131 B\u00fclent Ku\u015fo\u011flu, se\u00e7im sonras\u0131 &#8220;de\u011fi\u015fim&#8221; ate\u015fini yakan \u0130BB Ba\u015fkan\u0131 Ekrem \u0130mamo\u011flu i\u00e7in &#8220;Genel ba\u015fkan olmas\u0131n\u0131 \u00e7ok arzu ederiz. Ama mahkeme karar\u0131n\u0131, iktidar\u0131n \u0130stanbul&#8217;a y\u00f6nelik, partimize y\u00f6nelik yapt\u0131klar\u0131n\u0131 da ihmal etmeden bu realiteyi g\u00f6rmemiz laz\u0131m. Mahkeme s\u00fcrecinin bitmesini beklemeden bir \u00e7\u00f6z\u00fcm bulmam\u0131z laz\u0131m&#8221; a\u00e7\u0131klamas\u0131nda bulundu.<\/p>\n","protected":false},"author":1,"featured_media":102676,"comment_status":"closed","ping_status":"open","sticky":false,"template":"","format":"standard","meta":{"footnotes":""},"categories":[28],"tags":[271,443,823,442,320],"class_list":["post-102675","post","type-post","status-publish","format-standard","has-post-thumbnail","hentry","category-politika","tag-aday","tag-baskan","tag-gorus","tag-parti","tag-secim"],"_links":{"self":[{"href":"https:\/\/haberulus.net\/index.php?rest_route=\/wp\/v2\/posts\/102675","targetHints":{"allow":["GET"]}}],"collection":[{"href":"https:\/\/haberulus.net\/index.php?rest_route=\/wp\/v2\/posts"}],"about":[{"href":"https:\/\/haberulus.net\/index.php?rest_route=\/wp\/v2\/types\/post"}],"author":[{"embeddable":true,"href":"https:\/\/haberulus.net\/index.php?rest_route=\/wp\/v2\/users\/1"}],"replies":[{"embeddable":true,"href":"https:\/\/haberulus.net\/index.php?rest_route=%2Fwp%2Fv2%2Fcomments&post=102675"}],"version-history":[{"count":1,"href":"https:\/\/haberulus.net\/index.php?rest_route=\/wp\/v2\/posts\/102675\/revisions"}],"predecessor-version":[{"id":102677,"href":"https:\/\/haberulus.net\/index.php?rest_route=\/wp\/v2\/posts\/102675\/revisions\/102677"}],"wp:featuredmedia":[{"embeddable":true,"href":"https:\/\/haberulus.net\/index.php?rest_route=\/wp\/v2\/media\/102676"}],"wp:attachment":[{"href":"https:\/\/haberulus.net\/index.php?rest_route=%2Fwp%2Fv2%2Fmedia&parent=102675"}],"wp:term":[{"taxonomy":"category","embeddable":true,"href":"https:\/\/haberulus.net\/index.php?rest_route=%2Fwp%2Fv2%2Fcategories&post=102675"},{"taxonomy":"post_tag","embeddable":true,"href":"https:\/\/haberulus.net\/index.php?rest_route=%2Fwp%2Fv2%2Ftags&post=102675"}],"curies":[{"name":"wp","href":"https:\/\/api.w.org\/{rel}","templated":true}]}}