{"id":102687,"date":"2023-06-21T19:05:06","date_gmt":"2023-06-21T19:05:06","guid":{"rendered":"https:\/\/haberulus.net\/?p=102687"},"modified":"2023-06-21T19:05:06","modified_gmt":"2023-06-21T19:05:06","slug":"hakan-fidandan-abd-ile-kritik-gorusme","status":"publish","type":"post","link":"https:\/\/haberulus.net\/?p=102687","title":{"rendered":"Hakan Fidan\u2019dan ABD ile kritik g\u00f6r\u00fc\u015fme"},"content":{"rendered":"<p>D\u0131\u015fi\u015fleri Bakan\u0131 Hakan Fidan, \u0130ngiltere\u2019nin ev sahipli\u011finde ba\u015fkent Londra\u2019da d\u00fczenlenen konferans ba\u011flam\u0131nda \u00e7ok say\u0131da mevkida\u015f\u0131yla bir araya geldi.<\/p>\n<p>Fidan, Danimarka D\u0131\u015fi\u015fleri Bakan\u0131 Lars L\u00f6kke Rasmussen, \u0130talya Ba\u015fbakan Yard\u0131mc\u0131s\u0131 ve D\u0131\u015fi\u015fleri Bakan\u0131 Antonio Tajani, Almanya D\u0131\u015fi\u015fleri Bakan\u0131 Annalena Baerbock ve Avusturya D\u0131\u015fi\u015fleri Bakan\u0131 Alexander Schallenberg\u2019la g\u00f6r\u00fc\u015ft\u00fc.<\/p>\n<p>Bakan Fidan ayr\u0131ca, Fransa D\u0131\u015fi\u015fleri Bakan\u0131 Catherine Colonna, ABD D\u0131\u015fi\u015fleri Bakan\u0131 Antony Blinken, \u0130ngiltere D\u0131\u015fi\u015fleri Bakan\u0131 James Cleverly, Kanada Uluslararas\u0131 Kalk\u0131nma Bakan\u0131 Harjit Sajjan, H\u0131rvatistan D\u0131\u015f ve Avrupa \u0130\u015fleri Bakan\u0131 Gordan Grlic Radman ve Ukrayna D\u0131\u015fi\u015fleri Bakan\u0131 Dmytro Kuleba\u2019yla bir araya geldi.<\/p>\n<p>Bu arada, Fransa D\u0131\u015fi\u015fleri Bakan\u0131 Catherine Colonna, Twitter hesab\u0131ndan yapt\u0131\u011f\u0131 a\u00e7\u0131klamada, Londra\u2019daki Ukrayna \u0130yile\u015ftirme Konferans\u0131 kapsam\u0131nda D\u0131\u015fi\u015fleri Bakan\u0131 Hakan Fidan&#8217;la g\u00f6r\u00fc\u015ft\u00fcklerini belirtti.<\/p>\n<p>Colonna, \u201cUkrayna\u2019n\u0131n toprak b\u00fct\u00fcnl\u00fc\u011f\u00fcne sayg\u0131 duyan bir bar\u0131\u015fa verdi\u011fimiz ortak destek, Fransa ve T\u00fcrkiye\u2019nin g\u00fc\u00e7lendirmesi gereken yak\u0131nla\u015fman\u0131n bir simgesi.\u201d ifadesini kulland\u0131.<\/p>\n<p><strong>KONFERANS HAKKINDA<\/strong><\/p>\n<p>\u0130ngiltere ve Ukrayna taraf\u0131ndan ortakla\u015fa d\u00fczenlenen \u201c2023 Ukrayna \u0130yile\u015ftirme Konferans\u0131\u201d, sonuncusu ge\u00e7en y\u0131l 4-5 Temmuz\u2019da \u0130svi\u00e7re\u2019nin i\u015fbirli\u011finde Lugano \u015fehrinde yap\u0131lan y\u0131ll\u0131k etkinliklerin devam\u0131n\u0131 te\u015fkil ediyor.<\/p>\n<p>S\u00f6z konusu konferanslar, Ukrayna\u2019n\u0131n kalk\u0131nmas\u0131na ve sava\u015f sonras\u0131 yeniden in\u015fas\u0131na odaklan\u0131yor.<\/p>\n<p>ABD D\u0131\u015fi\u015fleri Bakan\u0131 Blinken, AB Komisyonu Ba\u015fkan\u0131 Ursula von der Leyen ve Japonya D\u0131\u015fi\u015fleri Bakan\u0131 Haya\u015fi Yo\u015fimasa konferansa kat\u0131lan isimler aras\u0131nda yer al\u0131yor.<\/p>\n<p>Konferansta, T\u00fcrkiye\u2019yi D\u0131\u015fi\u015fleri Bakan\u0131 Hakan Fidan temsil ediyor.<\/p>\n<p>Uluslararas\u0131 finans kurulu\u015flar\u0131, i\u015f d\u00fcnyas\u0131 temsilcileri ile sivil toplum kurulu\u015flar\u0131n\u0131n da yer ald\u0131\u011f\u0131 ve iki g\u00fcn s\u00fcrecek konferansta, Ukrayna\u2019da \u00f6zel finansman\u0131 harekete ge\u00e7irmek i\u00e7in yat\u0131r\u0131m f\u0131rsatlar\u0131 ve risk azaltma mekanizmalar\u0131n\u0131n yan\u0131 s\u0131ra \u00fclkenin be\u015feri sermayesinin iyile\u015ftirilmesine y\u00f6nelik yat\u0131r\u0131mlar da ele al\u0131n\u0131yor. AA<\/p>\n","protected":false},"excerpt":{"rendered":"<p>D\u0131\u015fi\u015fleri Bakan\u0131 Hakan Fidan, \u0130ngiltere&#8217;nin ba\u015fkenti Londra&#8217;da d\u00fczenlenen &#8216;2023 Ukrayna \u0130yile\u015ftirme Konferans\u0131&#8217; kapsam\u0131nda aralar\u0131nda ABD D\u0131\u015fi\u015fleri Bakan\u0131 Antony Blinken&#8217;in de oldu\u011fu \u00e7ok say\u0131da mevkida\u015f\u0131yla bir araya geldi.<\/p>\n","protected":false},"author":1,"featured_media":102688,"comment_status":"closed","ping_status":"open","sticky":false,"template":"","format":"standard","meta":{"footnotes":""},"categories":[24],"tags":[1038,9754,9124,38],"class_list":["post-102687","post","type-post","status-publish","format-standard","has-post-thumbnail","hentry","category-dunya","tag-disisleri-bakani","tag-fidan","tag-konferans","tag-ukrayna"],"_links":{"self":[{"href":"https:\/\/haberulus.net\/index.php?rest_route=\/wp\/v2\/posts\/102687","targetHints":{"allow":["GET"]}}],"collection":[{"href":"https:\/\/haberulus.net\/index.php?rest_route=\/wp\/v2\/posts"}],"about":[{"href":"https:\/\/haberulus.net\/index.php?rest_route=\/wp\/v2\/types\/post"}],"author":[{"embeddable":true,"href":"https:\/\/haberulus.net\/index.php?rest_route=\/wp\/v2\/users\/1"}],"replies":[{"embeddable":true,"href":"https:\/\/haberulus.net\/index.php?rest_route=%2Fwp%2Fv2%2Fcomments&post=102687"}],"version-history":[{"count":1,"href":"https:\/\/haberulus.net\/index.php?rest_route=\/wp\/v2\/posts\/102687\/revisions"}],"predecessor-version":[{"id":102689,"href":"https:\/\/haberulus.net\/index.php?rest_route=\/wp\/v2\/posts\/102687\/revisions\/102689"}],"wp:featuredmedia":[{"embeddable":true,"href":"https:\/\/haberulus.net\/index.php?rest_route=\/wp\/v2\/media\/102688"}],"wp:attachment":[{"href":"https:\/\/haberulus.net\/index.php?rest_route=%2Fwp%2Fv2%2Fmedia&parent=102687"}],"wp:term":[{"taxonomy":"category","embeddable":true,"href":"https:\/\/haberulus.net\/index.php?rest_route=%2Fwp%2Fv2%2Fcategories&post=102687"},{"taxonomy":"post_tag","embeddable":true,"href":"https:\/\/haberulus.net\/index.php?rest_route=%2Fwp%2Fv2%2Ftags&post=102687"}],"curies":[{"name":"wp","href":"https:\/\/api.w.org\/{rel}","templated":true}]}}