{"id":102705,"date":"2023-06-21T20:05:18","date_gmt":"2023-06-21T20:05:18","guid":{"rendered":"https:\/\/haberulus.net\/?p=102705"},"modified":"2023-06-21T20:05:18","modified_gmt":"2023-06-21T20:05:18","slug":"ak-parti-genel-baskan-yardimcisi-dag-genel-af-gibi-bir-gundemimiz-kesinlikle-yok","status":"publish","type":"post","link":"https:\/\/haberulus.net\/?p=102705","title":{"rendered":"AK Parti Genel Ba\u015fkan Yard\u0131mc\u0131s\u0131 Da\u011f: Genel af gibi bir g\u00fcndemimiz kesinlikle yok"},"content":{"rendered":"<p> <strong>Ak Parti<\/strong> Genel Ba\u015fkan Yard\u0131mc\u0131s\u0131 Hamza Da\u011f kat\u0131ld\u0131\u011f\u0131 canl\u0131 yay\u0131nda g\u00fcndemdeki konulara ili\u015fkin y\u00f6neltilen sorulara yan\u0131t verdi. Ge\u00e7ti\u011fimiz g\u00fcnlerde AK Parti Diyarbak\u0131r Milletvekili Galip Ensario\u011flu&#8217;nun g\u00fcndeme getirdi\u011fi &#8220;29 Ekim 2023&#8217;te af gelebilir&#8221; iddias\u0131na da yan\u0131t veren Da\u011f, &#8220;Genel af gibi bir g\u00fcndemimiz kesinlikle yok. Milletvekilimizin bir yere verdi\u011fi beyanatm\u0131\u015f, bizim \u00f6yle bir g\u00fcndemimiz yok&#8221; dedi.<\/p>\n<p><b>&#8220;SE\u00c7\u0130M SONU\u00c7LARI B\u0130Z\u0130M \u0130\u00c7\u0130N MUTLULUK VER\u0130C\u0130&#8221;<\/b><\/p>\n<p> <strong>Se\u00e7im<\/strong> sonu\u00e7lar\u0131yla ilgili konu\u015fan AK Partili Da\u011f, &#8220;Bizim i\u00e7in mutluluk verici. Milletimize te\u015fekk\u00fcr ediyoruz. Meclis ayr\u0131, Cumhurba\u015fkanl\u0131\u011f\u0131 ayr\u0131 gibi tablo \u00e7izenler vard\u0131, muhalefetin kampanya d\u00f6neminde oldu\u011fundan farkl\u0131 g\u00f6sterme gibi durumlar\u0131 oldu. Kendi a\u00e7\u0131m\u0131zdan de\u011ferlendirme yap\u0131yoruz, 2018 ile bug\u00fcn\u00fcn bir de\u011ferlendirmesini yap\u0131yoruz. Bu se\u00e7imde Cumhur \u0130ttifak\u0131 49,5 ald\u0131, ilk turdu. Bu, 4 puanl\u0131k oy Millet \u0130ttifak\u0131&#8217;nda m\u0131 toplanm\u0131\u015f, hay\u0131r. 2018&#8217;den sonra kurulan ve her iki ittifakta da olmayan partilere oylar gitmi\u015f. Biz kendi durumumuzu masaya yat\u0131r\u0131yoruz, yerel se\u00e7imlere haz\u0131rlan\u0131yoruz.<\/p>\n<p><img decoding=\"async\" src=\"https:\/\/i.hbrcdn.com\/haber\/2023\/06\/21\/ak-parti-genel-baskan-yardimcisi-dag-genel-af-16053703_9709_m.jpg\" alt=\"\" title=\"\"><span>AK Parti Genel Ba\u015fkan Yard\u0131mc\u0131s\u0131 Hamza Da\u011f.<\/span><\/p>\n<p><b>&#8220;VATANDA\u015eIMIZ NET B\u0130R \u015eEK\u0130LDE \u0130RADES\u0130N\u0130 KOYDU&#8221;<\/b><\/p>\n<p>Muhalefet cephesi kendi se\u00e7menini a\u00e7\u0131k bir \u015fekilde kand\u0131rd\u0131. \u00dcmit verip asl\u0131nda bu noktada bir g\u00fc\u00e7 ortaya koymamas\u0131na ra\u011fmen koyuyormu\u015f gibi g\u00f6r\u00fcnd\u00fc\u011f\u00fcn\u00fc g\u00f6r\u00fcyoruz. DEVA, Saadet de\u011fil belki ama CHP se\u00e7meni b\u00fcy\u00fck bir sorgulama i\u00e7inde. Vatanda\u015f\u0131m\u0131z\u0131n net iradesini koydu\u011fu, bizim de sorumlulu\u011fumuzu art\u0131ran bir s\u00fcre\u00e7. 21 y\u0131l sonra milletimiz bir 5 y\u0131l daha verdi, 6 \u015eubat depreminden sonra bu \u015fans\u0131 verdi, yaralar\u0131n sar\u0131lmas\u0131 konusunda bize g\u00fcvendi. Deprem b\u00f6lgesindeki vatanda\u015flar\u0131m\u0131z \u00fcst d\u00fczey bir irade ortaya koydu&#8221; ifadelerini kulland\u0131.<\/p>\n<p><b>&#8220;ADIM ADIM \u00c7ALI\u015eARAK YEREL SE\u00c7\u0130MLERE HAZIRLANACA\u011eIZ&#8221;<\/b><\/p>\n<p>AK Parti&#8217;nin 2024&#8217;te yap\u0131lacak yerel se\u00e7imlere haz\u0131r olup olmad\u0131\u011f\u0131na ili\u015fkin soruya da yan\u0131t veren Da\u011f, &#8220;Her se\u00e7ime haz\u0131r\u0131z. 28 May\u0131s&#8217;ta Cumhurba\u015fkan\u0131m\u0131z, otob\u00fcs \u00fczerinden yerel se\u00e7ime haz\u0131rlan\u0131n dedi. Bu, b\u00fcy\u00fck bir liderlik. O g\u00fcn, ben genel merkezdeydim, bir arkada\u015f\u0131m\u0131zla  <strong>se\u00e7im<\/strong> sonu\u00e7lar\u0131 belli olunca bir iki konuda talimat\u0131n\u0131 almam\u0131z laz\u0131md\u0131. Bize bile bunu verdi. B\u00fcy\u00fck bir liderimiz var, kendisi de yorulmuyor. Rehavet yok, zafer sarho\u015flu\u011fu yok. MYK&#8217;da strateji ekibi de belirlendi. Toplant\u0131 yap\u0131ld\u0131, ad\u0131m ad\u0131m ve il il \u00e7al\u0131\u015farak bu se\u00e7imlere haz\u0131rlanaca\u011f\u0131z. Ankara, \u0130stanbul, \u0130zmir diye bak\u0131nca, milletimiz \u0130stanbul&#8217;da part time \u00e7al\u0131\u015fan, \u0130zmir&#8217;de \u015fovmen, Ankara&#8217;da da i\u015fi g\u00fcc\u00fc reklam olan belediye ba\u015fkan\u0131ndan kurtulacak&#8221; dedi.<\/p>\n","protected":false},"excerpt":{"rendered":"<p>AK Parti Diyarbak\u0131r Milletvekili Galip Ensario\u011flu&#8217;nun ge\u00e7ti\u011fimiz g\u00fcnlerde yapt\u0131\u011f\u0131 &#8220;29 Ekim 2023&#8217;te af gelebilir&#8221; \u00e7\u0131k\u0131\u015f\u0131 kamuoyunda geni\u015f yank\u0131 uyand\u0131r\u0131rken, iddialara yan\u0131t AK Parti Genel Ba\u015fkan Yard\u0131mc\u0131s\u0131 Hamza Da\u011f&#8217;dan geldi. Da\u011f kat\u0131ld\u0131\u011f\u0131 canl\u0131 yay\u0131nda &#8220;Genel af gibi bir g\u00fcndemimiz kesinlikle yok&#8221; a\u00e7\u0131klamas\u0131nda bulundu.<\/p>\n","protected":false},"author":1,"featured_media":102706,"comment_status":"closed","ping_status":"open","sticky":false,"template":"","format":"standard","meta":{"footnotes":""},"categories":[28],"tags":[2826,1597,484,320,6401],"class_list":["post-102705","post","type-post","status-publish","format-standard","has-post-thumbnail","hentry","category-politika","tag-dag","tag-hazir","tag-millet","tag-secim","tag-yere"],"_links":{"self":[{"href":"https:\/\/haberulus.net\/index.php?rest_route=\/wp\/v2\/posts\/102705","targetHints":{"allow":["GET"]}}],"collection":[{"href":"https:\/\/haberulus.net\/index.php?rest_route=\/wp\/v2\/posts"}],"about":[{"href":"https:\/\/haberulus.net\/index.php?rest_route=\/wp\/v2\/types\/post"}],"author":[{"embeddable":true,"href":"https:\/\/haberulus.net\/index.php?rest_route=\/wp\/v2\/users\/1"}],"replies":[{"embeddable":true,"href":"https:\/\/haberulus.net\/index.php?rest_route=%2Fwp%2Fv2%2Fcomments&post=102705"}],"version-history":[{"count":1,"href":"https:\/\/haberulus.net\/index.php?rest_route=\/wp\/v2\/posts\/102705\/revisions"}],"predecessor-version":[{"id":102707,"href":"https:\/\/haberulus.net\/index.php?rest_route=\/wp\/v2\/posts\/102705\/revisions\/102707"}],"wp:featuredmedia":[{"embeddable":true,"href":"https:\/\/haberulus.net\/index.php?rest_route=\/wp\/v2\/media\/102706"}],"wp:attachment":[{"href":"https:\/\/haberulus.net\/index.php?rest_route=%2Fwp%2Fv2%2Fmedia&parent=102705"}],"wp:term":[{"taxonomy":"category","embeddable":true,"href":"https:\/\/haberulus.net\/index.php?rest_route=%2Fwp%2Fv2%2Fcategories&post=102705"},{"taxonomy":"post_tag","embeddable":true,"href":"https:\/\/haberulus.net\/index.php?rest_route=%2Fwp%2Fv2%2Ftags&post=102705"}],"curies":[{"name":"wp","href":"https:\/\/api.w.org\/{rel}","templated":true}]}}