{"id":102822,"date":"2023-06-22T06:19:26","date_gmt":"2023-06-22T06:19:26","guid":{"rendered":"https:\/\/haberulus.net\/?p=102822"},"modified":"2023-06-22T06:19:26","modified_gmt":"2023-06-22T06:19:26","slug":"kurtulmustan-kilicdaroglunun-can-atalay-cagrisina-yanit-ben-onu-oradan-nasil-cikaracagim","status":"publish","type":"post","link":"https:\/\/haberulus.net\/?p=102822","title":{"rendered":"Kurtulmu\u015f&#8217;tan K\u0131l\u0131\u00e7daro\u011flu&#8217;nun Can Atalay \u00e7a\u011fr\u0131s\u0131na yan\u0131t: Ben onu oradan nas\u0131l \u00e7\u0131karaca\u011f\u0131m?"},"content":{"rendered":"<p>T\u00fcrkiye \u0130\u015f\u00e7i Partisi&#8217;nden (T\u0130P) Hatay Milletvekili se\u00e7ilen Can Atalay i\u00e7in CHP Genel Ba\u015fkan\u0131 Kemal K\u0131l\u0131\u00e7daro\u011flu ge\u00e7ti\u011fimiz g\u00fcnlerde TBMM Ba\u015fkan\u0131 Numan Kurtulmu\u015f&#8217;u i\u015faret ederek &#8220;As\u0131l sorumlu sensin. Atalay&#8217;\u0131 oradan \u00e7\u0131karacaks\u0131n ve gelecek, yeminini edecek&#8221; ifadelerini kullanm\u0131\u015ft\u0131. Kat\u0131ld\u0131\u011f\u0131 canl\u0131 yay\u0131nda K\u0131l\u0131\u00e7daro\u011flu&#8217;na &#8220;Ben onu oradan nas\u0131l \u00e7\u0131karaca\u011f\u0131m? TBMM Ba\u015fkan\u0131 bir yaz\u0131 m\u0131 yazacak, bir karar m\u0131 verecek mahkeme ad\u0131na? Burada karar\u0131n verilmesi mahkemenin sorumlulu\u011fundad\u0131r&#8221; s\u00f6zleriyle yan\u0131t verdi.<\/p>\n<p><b>&#8220;KARAR VERECEK OLAN YARGITAY&#8217;IN \u0130LG\u0130L\u0130 CEZA DA\u0130RES\u0130D\u0130R&#8221;<\/b><\/p>\n<p>TRT  <strong>Haber<\/strong> canl\u0131 yay\u0131n\u0131nda sorular\u0131 yan\u0131tlayan Kurtulmu\u015f, CHP Genel Ba\u015fkan\u0131 Kemal K\u0131l\u0131\u00e7daro\u011flu&#8217;nun &#8220;Numan Kurtulmu\u015f as\u0131l sorumlu sensin. Atalay&#8217;\u0131 oradan \u00e7\u0131karacaks\u0131n ve gelecek, yeminini edecek&#8221; s\u00f6zlerine \u015f\u00f6yle yan\u0131t verdi; &#8220;Ben onu oradan nas\u0131l \u00e7\u0131karaca\u011f\u0131m? TBMM Ba\u015fkan\u0131 bir yaz\u0131 m\u0131 yazacak, bir karar m\u0131 verecek mahkeme ad\u0131na? Burada karar\u0131n verilmesi mahkemenin sorumlulu\u011fundad\u0131r. Burada siyaset\u00e7iler olarak s\u00f6yleyece\u011fimiz \u015fey \u015fudur; bir an evvel mahkemelerin karar\u0131n\u0131 vermesi. Yarg\u0131n\u0131n gecikmi\u015f olmas\u0131 bizatihi adaleti ortadan kald\u0131ran bir husustur. Can Atalay konusunda karar verecek olan Yarg\u0131tay&#8217;\u0131n ilgili ceza dairesidir. Siyaseti de TBMM&#8217;yi de rahatlatacak olan, tutukluluk haliyle ilgili karar\u0131n mahkeme taraf\u0131ndan verilmesidir. Numan Kurtulmu\u015f&#8217;un tutuklu bulunan bir ki\u015fi hakk\u0131nda fikir beyan etme hakk\u0131 olabilir ama oradan onu \u00e7\u0131kar\u0131p getirmek gibi bir sorumlulu\u011fu da yoktur, b\u00f6yle bir g\u00fcc\u00fc de yoktur.&#8221;<\/p>\n<p><b>&#8220;KOM\u0130SYON \u00dcYEL\u0130\u011e\u0130NE SE\u00c7\u0130LD\u0130&#8221;<\/b><\/p>\n<p>TBMM&#8217;nin Atalay ile ilgili tutumunu ortaya koydu\u011funu; yemin s\u0131ras\u0131nda isminin ilan edildi\u011fini, \u00f6zl\u00fck haklar\u0131n\u0131n, maa\u015f\u0131n\u0131n ve 3 dan\u0131\u015fman\u0131n\u0131n verilmesiyle ilgili s\u00fcre\u00e7lerin ba\u015flat\u0131ld\u0131\u011f\u0131n\u0131 anlatan Kurtulmu\u015f, ayr\u0131ca Atalay&#8217;\u0131n \u0130nsan Haklar\u0131n\u0131 \u0130nceleme Komisyonu \u00fcyeli\u011fine se\u00e7ildi\u011finin alt\u0131n\u0131 \u00e7izdi.<\/p>\n<p><img decoding=\"async\" src=\"https:\/\/i.hbrcdn.com\/haber\/2023\/06\/22\/kurtulmus-tan-kilicdaroglu-na-yanit-can-atalay-16054047_9530_m.jpg\" alt=\"\" title=\"\"><span>T\u0130P Hatay Milletvekili Can Atalay.<\/span><\/p>\n<p><b>&#8220;\u00c7OK SESL\u0130L\u0130K T\u00dcRK\u0130YE DEMOKRAS\u0130S\u0130NE B\u00dcY\u00dcK KATKI SA\u011eLAYACAK&#8221;<\/b><\/p>\n<p>TBMM Ba\u015fkan\u0131 Kurtulmu\u015f, yeni bir anayasa talebi kadar Meclisin daha etkin, verimli ve zaman zaman daha h\u0131zl\u0131 ve kaliteli yasama faaliyetlerini s\u00fcrd\u00fcrebilmesi i\u00e7in \u0130\u00e7t\u00fcz\u00fckte baz\u0131 revizyonlar\u0131n yap\u0131lmas\u0131n\u0131n \u015fart oldu\u011funu da belirtti. Mevcut parlamentonun \u00e7ok sesli bir parlamento oldu\u011funa i\u015faret eden Kurtulmu\u015f, &#8220;\u0130ktidar ve muhalefet kanad\u0131ndaki arkada\u015flar\u0131m\u0131z bir ho\u015fg\u00f6r\u00fc i\u00e7erisinde ama kar\u015f\u0131l\u0131kl\u0131 s\u00f6z haklar\u0131n\u0131 da koruyarak bu s\u00fcreci y\u00fcr\u00fctebilirlerse bu \u00e7ok seslili\u011fin T\u00fcrkiye demokrasisine b\u00fcy\u00fck katk\u0131 sa\u011flayaca\u011f\u0131n\u0131 d\u00fc\u015f\u00fcn\u00fcyorum. Asl\u0131nda bu kadar muhalefet partisinin var olmas\u0131n\u0131n, e\u011fer s\u00f6zlerini, seslerini do\u011fru bir \u015fekilde ifade etme imkanlar\u0131 bulurlar ve parlamento \u00e7al\u0131\u015fmalar\u0131na katk\u0131 sa\u011flarlarsa h\u00fck\u00fcmete de \u00f6nemli bir g\u00fc\u00e7 kataca\u011f\u0131n\u0131, y\u00fcr\u00fctme taraf\u0131na etki edece\u011fini d\u00fc\u015f\u00fcn\u00fcyorum.&#8221; ifadelerini kulland\u0131.<\/p>\n<p><b>&#8220;YEN\u0130 B\u0130R SAFHA&#8221;<\/b><\/p>\n<p>T\u00fcrkiye&#8217;nin yeni bir safhan\u0131n e\u015fi\u011fine girdi\u011fini s\u00f6yleyen Kurtulmu\u015f, s\u00f6z\u00fc g\u00fc\u00e7l\u00fc, g\u00fcc\u00fc tesirli bir T\u00fcrkiye&#8217;yi kurmak i\u00e7in b\u00fct\u00fcn kurum ve kurulu\u015flarla bir m\u00fccadele azmi i\u00e7erisinde olundu\u011funu kaydetti. \u00dclkenin \u00f6n\u00fcnde yeni hedefler bulundu\u011funu; uluslararas\u0131 alanda gelmek istedikleri noktalar oldu\u011funu bildiren Kurtulmu\u015f, &#8220;Hayal dahi edemeyece\u011fimiz konular var. Ama daha yap\u0131lacak \u00e7ok i\u015f var. E\u011fer &#8216;bunlar bitti, ger\u00e7ekle\u015ftirdik&#8217; dersek d\u00fc\u015feriz. Yani bisikletin pedal\u0131n\u0131 \u00e7ok h\u0131zl\u0131 \u015fekilde \u00e7evirmek zorunda oldu\u011fumuz bir s\u00fcre\u00e7 var. B\u00fct\u00fcn olumsuz \u015fartlara ra\u011fmen T\u00fcrkiye&#8217;nin \u00f6n\u00fcne \u00e7\u0131km\u0131\u015f olan \u00e7ok b\u00fcy\u00fck tarihi f\u0131rsatlar var.&#8221; dedi.<\/p>\n<p><b>KADIN M\u0130LLETVEK\u0130L\u0130 SAYISI<\/b><\/p>\n<p>Meclis Ba\u015fkan\u0131 Kurtulmu\u015f, parlamentoda bu d\u00f6nem 119 kad\u0131n milletvekilinin yer ald\u0131\u011f\u0131na dikkati \u00e7ekerek, \u00f6nceki d\u00f6nemlere g\u00f6re kad\u0131n milletvekili say\u0131s\u0131n\u0131n artt\u0131\u011f\u0131n\u0131 ancak yeterli olmad\u0131\u011f\u0131n\u0131 ifade etti. Meclisteki baz\u0131 komisyonlar\u0131n, daha iyi \u00e7al\u0131\u015fabilmesi ve yeni T\u00fcrkiye&#8217;nin ihtiya\u00e7lar\u0131na g\u00f6re tan\u0131mlanmas\u0131 i\u00e7in b\u00f6l\u00fcnebilece\u011fini belirten Kurtulmu\u015f, &#8220;Bunlar konu\u015fulur. Hi\u00e7birisi de\u011fi\u015fmez \u015feyler de\u011fildir. Parlamentoda milletvekili say\u0131s\u0131 da artt\u0131\u011f\u0131 i\u00e7in komisyonlar\u0131n say\u0131lar\u0131 belki tekrar d\u00fczenlenebilir. Burada ilave komisyonlar\u0131n kurulma ihtiyac\u0131 a\u00e7\u0131k g\u00f6r\u00fcn\u00fcyor. \u00dcmit ederim ki Meclisteki siyasi partilerimiz bu ihtiyac\u0131 hissederler, otururlar, konu\u015furlar ve belli bir uzla\u015fmayla parlamentoda yeni komisyonlar\u0131n tahsis edilmesi de m\u00fcmk\u00fcn olur&#8221; diye konu\u015ftu.<\/p>\n","protected":false},"excerpt":{"rendered":"<p>TBMM Ba\u015fkan\u0131 Numan Kurtulmu\u015f, CHP lideri K\u0131l\u0131\u00e7daro\u011flu&#8217;nun milletvekili se\u00e7ilmesine ra\u011fmen cezaevinden tahliye edilmeyen Can Atalay i\u00e7in yapt\u0131\u011f\u0131 &#8220;As\u0131l sorumlu sensin. Atalay&#8217;\u0131 oradan \u00e7\u0131karacaks\u0131n&#8221; \u00e7a\u011fr\u0131s\u0131na canl\u0131 yay\u0131nda yan\u0131t verdi. Kurtulmu\u015f, &#8220;Ben onu oradan nas\u0131l \u00e7\u0131karaca\u011f\u0131m? TBMM Ba\u015fkan\u0131 bir yaz\u0131 m\u0131 yazacak, bir karar m\u0131 verecek mahkeme ad\u0131na? Burada karar\u0131n verilmesi mahkemenin sorumlulu\u011fundad\u0131r&#8221; ifadelerini kulland\u0131.<\/p>\n","protected":false},"author":1,"featured_media":102823,"comment_status":"closed","ping_status":"open","sticky":false,"template":"","format":"standard","meta":{"footnotes":""},"categories":[28],"tags":[4819,40,580,9297,15],"class_list":["post-102822","post","type-post","status-publish","format-standard","has-post-thumbnail","hentry","category-politika","tag-atalay","tag-baskani","tag-karar","tag-kurtulmus","tag-turkiye"],"_links":{"self":[{"href":"https:\/\/haberulus.net\/index.php?rest_route=\/wp\/v2\/posts\/102822","targetHints":{"allow":["GET"]}}],"collection":[{"href":"https:\/\/haberulus.net\/index.php?rest_route=\/wp\/v2\/posts"}],"about":[{"href":"https:\/\/haberulus.net\/index.php?rest_route=\/wp\/v2\/types\/post"}],"author":[{"embeddable":true,"href":"https:\/\/haberulus.net\/index.php?rest_route=\/wp\/v2\/users\/1"}],"replies":[{"embeddable":true,"href":"https:\/\/haberulus.net\/index.php?rest_route=%2Fwp%2Fv2%2Fcomments&post=102822"}],"version-history":[{"count":1,"href":"https:\/\/haberulus.net\/index.php?rest_route=\/wp\/v2\/posts\/102822\/revisions"}],"predecessor-version":[{"id":102824,"href":"https:\/\/haberulus.net\/index.php?rest_route=\/wp\/v2\/posts\/102822\/revisions\/102824"}],"wp:featuredmedia":[{"embeddable":true,"href":"https:\/\/haberulus.net\/index.php?rest_route=\/wp\/v2\/media\/102823"}],"wp:attachment":[{"href":"https:\/\/haberulus.net\/index.php?rest_route=%2Fwp%2Fv2%2Fmedia&parent=102822"}],"wp:term":[{"taxonomy":"category","embeddable":true,"href":"https:\/\/haberulus.net\/index.php?rest_route=%2Fwp%2Fv2%2Fcategories&post=102822"},{"taxonomy":"post_tag","embeddable":true,"href":"https:\/\/haberulus.net\/index.php?rest_route=%2Fwp%2Fv2%2Ftags&post=102822"}],"curies":[{"name":"wp","href":"https:\/\/api.w.org\/{rel}","templated":true}]}}