{"id":102840,"date":"2023-06-22T06:35:05","date_gmt":"2023-06-22T06:35:05","guid":{"rendered":"https:\/\/haberulus.net\/?p=102840"},"modified":"2023-06-22T06:35:05","modified_gmt":"2023-06-22T06:35:05","slug":"ali-koc-ve-arda-guler-zirvesinin-detaylari-ucretine-rekor-zam-serbest-kalma-maddesi","status":"publish","type":"post","link":"https:\/\/haberulus.net\/?p=102840","title":{"rendered":"Ali Ko\u00e7 ve Arda G\u00fcler zirvesinin detaylar\u0131\u2026 \u00dccretine rekor zam, serbest kalma maddesi\u2026"},"content":{"rendered":"<p>Fenerbah\u00e7e\u2019de teknik adam bilmecesi kadar merak edilen bir di\u011fer konu da Arda G\u00fcler&#8217;in gelece\u011fi\u2026<\/p>\n<p>Ba\u015fkan Ali Ko\u00e7 ile Arda G\u00fcler ve babas\u0131 \u00dcmit G\u00fcler&#8217;in bir araya geldi\u011fi d\u00fcnk\u00fc g\u00f6r\u00fc\u015fme \u00fc\u00e7 saat s\u00fcrd\u00fc. Kul\u00fcp binas\u0131ndaki toplant\u0131 sonras\u0131, Arda&#8217;n\u0131n ayr\u0131l\u0131rken ne\u015feli oldu\u011fu \u00f6\u011frenildi. G\u00f6r\u00fc\u015fmenin detaylar\u0131 hakk\u0131nda a\u00e7\u0131klama yap\u0131lmasa da edinilen bilgilere g\u00f6re Ko\u00e7, Arda&#8217;n\u0131n bir sezon daha Fenerbah\u00e7e&#8217;de kalmas\u0131 y\u00f6n\u00fcnde g\u00f6r\u00fc\u015f\u00fcn\u00fc iletti.<\/p>\n<p><b>\u2018CAM\u0130A SEN\u0130 \u0130ST\u0130YOR\u2019<\/b><\/p>\n<p>Ko\u00e7, son d\u00f6nemde T\u00fcrkiye&#8217;den Avrupa&#8217;ya transfer yapan gen\u00e7 T\u00fcrk futbolcular\u0131n ya\u015fad\u0131\u011f\u0131 uyum sorununu hat\u0131rlatt\u0131.<\/p>\n<p>Emirhan \u0130lkhan ile Serdar Saat\u00e7\u0131 gibi isimlerin neredeyse kayboldu\u011funu ifade eden Ko\u00e7, Arda&#8217;ya, gelecek y\u0131l Fenerbah\u00e7e&#8217;nin ana par\u00e7as\u0131 olaca\u011f\u0131n\u0131 ve \u00e7ok daha fazla s\u00fcre alarak haz\u0131r bir \u015fekilde Avrupa&#8217;ya gidebilece\u011fini anlatt\u0131. Ba\u015fkan, \u201cFenerbah\u00e7e camias\u0131 1 y\u0131l daha kalman\u0131 ve \u015fampiyon unvan\u0131yla gitmeni istiyor\u201d dedi.<\/p>\n<p><img decoding=\"async\" src=\"https:\/\/i01.sozcucdn.com\/wp-content\/uploads\/2023\/06\/22\/arda-guler-1.jpeg\" alt=\"\" title=\"\"><\/p>\n<p><b>MADDE KALDIRILACAK<\/b><\/p>\n<p>17.5 milyon Euro&#8217;ya serbest kal\u0131r maddesi, yeni haz\u0131rlanacak s\u00f6zle\u015fmede yer almayacak. Ali Ko\u00e7, bu maddenin Avrupa kul\u00fcplerince istismar edildi\u011fini ve Fenerbah\u00e7e&#8217;nin pazarl\u0131klarda elini zay\u0131flatt\u0131\u011f\u0131n\u0131 s\u00f6yledi.<\/p>\n<p><b>\u00dcCRET\u0130NE REKOR ZAM<\/b><\/p>\n<p>Arda G\u00fcler kalmay\u0131 kabul ederse, gelecek y\u0131l tak\u0131m\u0131n en \u00e7ok kazanan yerli futbolcusu durumuna gelece\u011fi bir kontrat imzalayacak. Arda&#8217;ya \u015fampiyonluk halinde ekstra bir \u2018bonus&#8217; da \u00f6denecek.<\/p>\n<p><img decoding=\"async\" src=\"https:\/\/i01.sozcucdn.com\/wp-content\/uploads\/2023\/06\/22\/arda-guler-1.jpg\" alt=\"\" title=\"\"><\/p>\n<p><b>\u00d6ZEL ANTREN\u00d6R<\/b><\/p>\n<p>Ko\u00e7, Arda G\u00fcler&#8217;in Avrupa&#8217;da ge\u00e7ici de\u011fil kal\u0131c\u0131 olmas\u0131n\u0131 istiyor. 18&#8217;lik yetene\u011fe, \u00f6zellikle fiziksel a\u00e7\u0131dan haz\u0131r duruma gelmesi ad\u0131na d\u00fcnyaca \u00fcnl\u00fc yeni bir antren\u00f6r getirilecek. Arda i\u00e7in \u00f6zel \u00e7al\u0131\u015fma programlar\u0131 haz\u0131rlanacak.<\/p>\n<p><b>REAL VE M\u0130LAN \u0130STED\u0130<\/b><\/p>\n<p>AS gazetesi, Real Madrid&#8217;in Arda G\u00fcler i\u00e7in transfer sava\u015f\u0131na kat\u0131ld\u0131\u011f\u0131n\u0131 duyurdu. Arda&#8217;n\u0131n durumunun ara\u015ft\u0131r\u0131ld\u0131\u011f\u0131 vurguland\u0131. La Gazetta dello Sport&#8217;taki haberde ise Milan&#8217;\u0131n serbest kalma bedelini \u00f6demeye haz\u0131r oldu\u011fu belirtildi.<\/p>\n<p><img decoding=\"async\" src=\"https:\/\/i01.sozcucdn.com\/wp-content\/uploads\/2023\/06\/22\/arda-guler-2.jpg\" alt=\"\" title=\"\"><\/p>\n","protected":false},"excerpt":{"rendered":"<p>Fenerbah\u00e7e&#8217;de Ali Ko\u00e7 ile G\u00fcler ailesinin b\u00fcy\u00fck zirvesi ger\u00e7ekle\u015fti. Arda G\u00fcler&#8217;e, \u2018\u015eampiyon yap \u00f6yle git\u2019 mesaj\u0131 verildi; Avrupa\u2019ya daha haz\u0131r bir \u015fekilde gelecek sezon transfer olma tavsiyesinde bulunuldu.<\/p>\n","protected":false},"author":1,"featured_media":102841,"comment_status":"closed","ping_status":"open","sticky":false,"template":"","format":"standard","meta":{"footnotes":""},"categories":[31],"tags":[1226,8954,1597,5177],"class_list":["post-102840","post","type-post","status-publish","format-standard","has-post-thumbnail","hentry","category-spor","tag-arda","tag-arda-guler","tag-hazir","tag-koc"],"_links":{"self":[{"href":"https:\/\/haberulus.net\/index.php?rest_route=\/wp\/v2\/posts\/102840","targetHints":{"allow":["GET"]}}],"collection":[{"href":"https:\/\/haberulus.net\/index.php?rest_route=\/wp\/v2\/posts"}],"about":[{"href":"https:\/\/haberulus.net\/index.php?rest_route=\/wp\/v2\/types\/post"}],"author":[{"embeddable":true,"href":"https:\/\/haberulus.net\/index.php?rest_route=\/wp\/v2\/users\/1"}],"replies":[{"embeddable":true,"href":"https:\/\/haberulus.net\/index.php?rest_route=%2Fwp%2Fv2%2Fcomments&post=102840"}],"version-history":[{"count":1,"href":"https:\/\/haberulus.net\/index.php?rest_route=\/wp\/v2\/posts\/102840\/revisions"}],"predecessor-version":[{"id":102842,"href":"https:\/\/haberulus.net\/index.php?rest_route=\/wp\/v2\/posts\/102840\/revisions\/102842"}],"wp:featuredmedia":[{"embeddable":true,"href":"https:\/\/haberulus.net\/index.php?rest_route=\/wp\/v2\/media\/102841"}],"wp:attachment":[{"href":"https:\/\/haberulus.net\/index.php?rest_route=%2Fwp%2Fv2%2Fmedia&parent=102840"}],"wp:term":[{"taxonomy":"category","embeddable":true,"href":"https:\/\/haberulus.net\/index.php?rest_route=%2Fwp%2Fv2%2Fcategories&post=102840"},{"taxonomy":"post_tag","embeddable":true,"href":"https:\/\/haberulus.net\/index.php?rest_route=%2Fwp%2Fv2%2Ftags&post=102840"}],"curies":[{"name":"wp","href":"https:\/\/api.w.org\/{rel}","templated":true}]}}