{"id":102990,"date":"2023-06-22T09:21:10","date_gmt":"2023-06-22T09:21:10","guid":{"rendered":"https:\/\/haberulus.net\/?p=102990"},"modified":"2023-06-22T09:21:10","modified_gmt":"2023-06-22T09:21:10","slug":"sarayburnu-parkinda-dunya-yoga-gunu-kutlandi","status":"publish","type":"post","link":"https:\/\/haberulus.net\/?p=102990","title":{"rendered":"Sarayburnu Park\u0131\u2019nda D\u00fcnya Yoga G\u00fcn\u00fc kutland\u0131"},"content":{"rendered":"<p>Birle\u015fmi\u015f Milletler 2014 y\u0131l\u0131nda T\u00fcrkiye\u2019nin de i\u00e7inde bulundu\u011fu 177 \u00fclkenin katk\u0131lar\u0131yla 21 Haziran g\u00fcn\u00fcn\u00fc Uluslararas\u0131 D\u00fcnya Yoga G\u00fcn\u00fc olarak kabul etti. Bu kapsamda Hindistan \u0130stanbul Ba\u015fkonsoloslu\u011fu, \u0130stanbul B\u00fcy\u00fck\u015fehir Belediyesi (\u0130BB) ve Spor \u0130stanbul i\u015fbirli\u011fiyle 9\u2019uncu Uluslararas\u0131 Yoga G\u00fcn\u00fc d\u00fczenlendi.<br \/><img decoding=\"async\" src=\"https:\/\/i01.sozcucdn.com\/wp-content\/uploads\/2023\/06\/22\/yoga2.1_23240683.jpg\" alt=\"\" title=\"\"><\/p>\n<p>\u0130stanbul manzaras\u0131 e\u015fli\u011finde Sarayburnu Park\u0131\u2019nda ger\u00e7ekle\u015ftirilen g\u00fcnde, sporseverler ve yoga merakl\u0131lar\u0131 bir araya gelme \u015fans\u0131 buldu. Profesyonel e\u011fitmenlerin yoga hareketlerini uygulamal\u0131 olarak g\u00f6sterdi\u011fi etkinli\u011fe gencinden ya\u015fl\u0131s\u0131na her ya\u015ftan kat\u0131l\u0131m oldu. Herkesin yoga yapt\u0131\u011f\u0131 alan, renkli g\u00f6r\u00fcnt\u00fclere sahne oldu.<\/p>\n<p><img decoding=\"async\" src=\"https:\/\/i01.sozcucdn.com\/wp-content\/uploads\/2023\/06\/22\/yoga3.1_23240682.jpg\" alt=\"\" title=\"\"><\/p>\n<p>Etkinli\u011fe kat\u0131lan Hindistan \u0130stanbul Ba\u015fkonsolosu Sudhi Choudhary, \u201cYoga 5 binden fazla y\u0131l \u00f6nce Hindistan\u2019da ortaya \u00e7\u0131kt\u0131 ve o zamandan beri onu d\u00fcnyayla payla\u015f\u0131yoruz. \u015eu anda T\u00fcrkiye dahil d\u00fcnyada milyonlarca yoga yapan insan var. 2015 y\u0131l\u0131ndan beri Uluslararas\u0131 Yoga G\u00fcn\u00fc, yaz\u0131n ba\u015flang\u0131c\u0131na da denk gelen 21 Haziran\u2019da kutlan\u0131yor. Ben de d\u00fczenli olarak yoga yapanlardan\u0131m. Yoga beni fit tutuyor ve g\u00fcnl\u00fck streslerle ba\u015f etmemi sa\u011fl\u0131yor. Bu sebeple biz, insanlar\u0131 fiziksel, zihinsel ve ruhsal sa\u011fl\u0131k sa\u011flayan bu kutlamaya kat\u0131lmaya davet ediyoruz\u201d dedi.<\/p>\n<p><img decoding=\"async\" src=\"https:\/\/i01.sozcucdn.com\/wp-content\/uploads\/2023\/06\/22\/yoga5.1_23240680.jpg\" alt=\"\" title=\"\"><\/p>\n<p>Etkinlik, kat\u0131lanlara yoga kitab\u0131 hediye edilmesi ve Hindistan\u2019a \u00f6zel yemeklerin ikram edilmesiyle sona erdi. (AA)<\/p>\n","protected":false},"excerpt":{"rendered":"<p>\u0130stanbul&#8217;da Sarayburnu Park\u0131&#8217;nda 21 Haziran D\u00fcnya Yoga G\u00fcn\u00fc&#8217;ne \u00f6zel 9&#8217;uncu Uluslararas\u0131 Yoga G\u00fcn\u00fc d\u00fczenlendi. Renkli g\u00f6r\u00fcnt\u00fclere sahne olan etkinli\u011fe her ya\u015ftan kat\u0131l\u0131m oldu.<\/p>\n","protected":false},"author":1,"featured_media":102991,"comment_status":"closed","ping_status":"open","sticky":false,"template":"","format":"standard","meta":{"footnotes":""},"categories":[33],"tags":[96,2943],"class_list":["post-102990","post","type-post","status-publish","format-standard","has-post-thumbnail","hentry","category-yasam","tag-istanbul","tag-yoga"],"_links":{"self":[{"href":"https:\/\/haberulus.net\/index.php?rest_route=\/wp\/v2\/posts\/102990","targetHints":{"allow":["GET"]}}],"collection":[{"href":"https:\/\/haberulus.net\/index.php?rest_route=\/wp\/v2\/posts"}],"about":[{"href":"https:\/\/haberulus.net\/index.php?rest_route=\/wp\/v2\/types\/post"}],"author":[{"embeddable":true,"href":"https:\/\/haberulus.net\/index.php?rest_route=\/wp\/v2\/users\/1"}],"replies":[{"embeddable":true,"href":"https:\/\/haberulus.net\/index.php?rest_route=%2Fwp%2Fv2%2Fcomments&post=102990"}],"version-history":[{"count":1,"href":"https:\/\/haberulus.net\/index.php?rest_route=\/wp\/v2\/posts\/102990\/revisions"}],"predecessor-version":[{"id":102992,"href":"https:\/\/haberulus.net\/index.php?rest_route=\/wp\/v2\/posts\/102990\/revisions\/102992"}],"wp:featuredmedia":[{"embeddable":true,"href":"https:\/\/haberulus.net\/index.php?rest_route=\/wp\/v2\/media\/102991"}],"wp:attachment":[{"href":"https:\/\/haberulus.net\/index.php?rest_route=%2Fwp%2Fv2%2Fmedia&parent=102990"}],"wp:term":[{"taxonomy":"category","embeddable":true,"href":"https:\/\/haberulus.net\/index.php?rest_route=%2Fwp%2Fv2%2Fcategories&post=102990"},{"taxonomy":"post_tag","embeddable":true,"href":"https:\/\/haberulus.net\/index.php?rest_route=%2Fwp%2Fv2%2Ftags&post=102990"}],"curies":[{"name":"wp","href":"https:\/\/api.w.org\/{rel}","templated":true}]}}