{"id":103032,"date":"2023-06-22T10:05:06","date_gmt":"2023-06-22T10:05:06","guid":{"rendered":"https:\/\/haberulus.net\/?p=103032"},"modified":"2023-06-22T10:05:06","modified_gmt":"2023-06-22T10:05:06","slug":"hobi-olarak-basladi-kendi-markasini-yaratti","status":"publish","type":"post","link":"https:\/\/haberulus.net\/?p=103032","title":{"rendered":"Hobi olarak ba\u015flad\u0131, kendi markas\u0131n\u0131 yaratt\u0131"},"content":{"rendered":"<p>Covid-19 s\u00fcrecinde merak duydu\u011fu lavanta \u00fczerine \u00e7e\u015fitli ara\u015ft\u0131rmalar yapan 28 ya\u015f\u0131ndaki K\u00fcbra Nur Mercimek, e\u015finin de deste\u011fiyle 2 y\u0131l \u00f6nce 10 d\u00f6n\u00fcm alanda lavanta bah\u00e7esi olu\u015fturdu.<\/p>\n<p>\u0130ki \u00e7ocuk annesi Mercimek, lavantadan elde etti\u011fi ya\u011f, do\u011fal sabun ve keseleri kendi markas\u0131yla internet \u00fczerinden T\u00fcrkiye\u2019nin farkl\u0131 illerine pazarlamaya ba\u015flad\u0131.<\/p>\n<p>Lavanta bah\u00e7esini b\u00fcy\u00fctmeyi hedefleyen Mercimek, ayn\u0131 zamanda bah\u00e7esini foto\u011fraf severler ve misafirler i\u00e7in do\u011fal st\u00fcdyo yapmay\u0131 planl\u0131yor.<\/p>\n<p><img decoding=\"async\" src=\"https:\/\/i01.sozcucdn.com\/wp-content\/uploads\/2023\/06\/22\/l1.jpeg\" alt=\"\" title=\"\"><\/p>\n<p>K\u00fcbra Nur Mercimek, lavanta \u00fczerine salg\u0131n s\u00fcrecinde ara\u015ft\u0131rma yapt\u0131\u011f\u0131n\u0131, e\u015finin de deste\u011fiyle bu i\u015fe ba\u015flad\u0131klar\u0131n\u0131 s\u00f6yledi.<\/p>\n<p>2 y\u0131ld\u0131r lavanta yeti\u015ftiricili\u011fi yapt\u0131\u011f\u0131n\u0131 anlatan Mercimek, elde etti\u011fi lavanta ya\u011f\u0131, sabun ve keseleri patentini ald\u0131klar\u0131 kendi markas\u0131yla pazarlad\u0131klar\u0131n\u0131 belirtti.<\/p>\n<p>Sosyal medya hesaplar\u0131 ve \u00e7evresindekilerin arac\u0131l\u0131\u011f\u0131yla \u00fcr\u00fcnlerini satt\u0131klar\u0131n\u0131 dile getiren Mercimek, \u201c\u015eu ana kadar kullananlardan olumsuz bir yan\u0131t almad\u0131k. Kullananlar gayet memnun. Sat\u0131\u015flar\u0131m\u0131z da g\u00fczel gidiyor\u201d dedi.<\/p>\n<p>Lavanta bah\u00e7esini daha da b\u00fcy\u00fctmeyi hedeflediklerini ifade eden Mercimek, \u201cBir kad\u0131n olarak yapmak zor, e\u015fimin deste\u011fi olmadan bu i\u015fi zor yapard\u0131m. Severek yap\u0131yoruz. Topra\u011f\u0131, lavanta ile u\u011fra\u015fmay\u0131 seviyorum. Merak \u00fczerine hobi olarak ba\u015flad\u0131m. \u0130n\u015fallah farkl\u0131 boyutlara gidece\u011fiz\u201d diye konu\u015ftu.<\/p>\n<p><img decoding=\"async\" src=\"https:\/\/i01.sozcucdn.com\/wp-content\/uploads\/2023\/06\/22\/l2.jpeg\" alt=\"\" title=\"\"><\/p>\n<p>K\u00fcbra Nur\u2019un e\u015fi Selim Mercimek de lavanta i\u015fini ilerleyen d\u00f6nemde farkl\u0131 konseptlerde geli\u015ftirmeyi planlad\u0131klar\u0131n\u0131 ifade etti. Mercimek, lavanta bah\u00e7esine ar\u0131 kovan\u0131 b\u0131rakarak orijinal lavanta bal\u0131 da \u00fcreteceklerini dile getirdi.<\/p>\n<p>\u0130lk hasatlar\u0131nda 5 litre ya\u011f elde ettiklerini aktaran Mercimek, \u015f\u00f6yle konu\u015ftu:<\/p>\n<p>\u201cPiyasaya girmemiz i\u00e7in yeterli miktar bir ya\u011f oran\u0131 de\u011fildi. Elimizdeki ya\u011f\u0131 nas\u0131l de\u011ferlendiririz diye d\u00fc\u015f\u00fcn\u00fcrken \u2018Han\u0131meli lavanta\u2019 olu\u015ftu. Onunla beraber 10 ve 20 cc \u015feklinde \u015fi\u015feleme yapt\u0131k. Orijinal, do\u011fal lavanta ya\u011f\u0131 \u015fi\u015feledik. Onunla beraber zeytinya\u011fl\u0131 do\u011fal lavanta sabunu \u00fcretmeye ba\u015flad\u0131k. Karadeniz, \u0130\u00e7 Anadolu b\u00f6lgelerinden, \u0130stanbul\u2019dan yo\u011fun olarak talep almaktay\u0131z.\u201d<\/p>\n<p><img decoding=\"async\" src=\"https:\/\/i01.sozcucdn.com\/wp-content\/uploads\/2023\/06\/22\/l3.jpeg\" alt=\"\" title=\"\"><\/p>\n<p>\u0130lk etapta 750 kilogram sabun \u00fcrettiklerine dikkati \u00e7eken Mercimek, bu y\u0131l 2 ton sabun yapmay\u0131 hedeflediklerini, lavanta kolonyas\u0131 i\u00e7in de ara\u015ft\u0131rma yapt\u0131klar\u0131n\u0131 s\u00f6zlerine ekledi. (AA)<\/p>\n","protected":false},"excerpt":{"rendered":"<p>Kilisli kad\u0131n giri\u015fimci K\u00fcbra Nur Mercimek, hobi olarak ba\u015flad\u0131\u011f\u0131 lavantadan elde etti\u011fi \u00fcr\u00fcnleri kendi markas\u0131yla pazarlayarak ailesine gelir sa\u011fl\u0131yor.<\/p>\n","protected":false},"author":1,"featured_media":103033,"comment_status":"closed","ping_status":"open","sticky":false,"template":"","format":"standard","meta":{"footnotes":""},"categories":[33],"tags":[12730,465,12729,11792,875],"class_list":["post-103032","post","type-post","status-publish","format-standard","has-post-thumbnail","hentry","category-yasam","tag-bahcesi","tag-lavanta","tag-mercimek","tag-sabun","tag-yag"],"_links":{"self":[{"href":"https:\/\/haberulus.net\/index.php?rest_route=\/wp\/v2\/posts\/103032","targetHints":{"allow":["GET"]}}],"collection":[{"href":"https:\/\/haberulus.net\/index.php?rest_route=\/wp\/v2\/posts"}],"about":[{"href":"https:\/\/haberulus.net\/index.php?rest_route=\/wp\/v2\/types\/post"}],"author":[{"embeddable":true,"href":"https:\/\/haberulus.net\/index.php?rest_route=\/wp\/v2\/users\/1"}],"replies":[{"embeddable":true,"href":"https:\/\/haberulus.net\/index.php?rest_route=%2Fwp%2Fv2%2Fcomments&post=103032"}],"version-history":[{"count":1,"href":"https:\/\/haberulus.net\/index.php?rest_route=\/wp\/v2\/posts\/103032\/revisions"}],"predecessor-version":[{"id":103034,"href":"https:\/\/haberulus.net\/index.php?rest_route=\/wp\/v2\/posts\/103032\/revisions\/103034"}],"wp:featuredmedia":[{"embeddable":true,"href":"https:\/\/haberulus.net\/index.php?rest_route=\/wp\/v2\/media\/103033"}],"wp:attachment":[{"href":"https:\/\/haberulus.net\/index.php?rest_route=%2Fwp%2Fv2%2Fmedia&parent=103032"}],"wp:term":[{"taxonomy":"category","embeddable":true,"href":"https:\/\/haberulus.net\/index.php?rest_route=%2Fwp%2Fv2%2Fcategories&post=103032"},{"taxonomy":"post_tag","embeddable":true,"href":"https:\/\/haberulus.net\/index.php?rest_route=%2Fwp%2Fv2%2Ftags&post=103032"}],"curies":[{"name":"wp","href":"https:\/\/api.w.org\/{rel}","templated":true}]}}