{"id":103191,"date":"2023-06-22T12:51:06","date_gmt":"2023-06-22T12:51:06","guid":{"rendered":"https:\/\/haberulus.net\/?p=103191"},"modified":"2023-06-22T12:51:06","modified_gmt":"2023-06-22T12:51:06","slug":"senol-gunes-ben-maasimi-euro-olarak-almadim","status":"publish","type":"post","link":"https:\/\/haberulus.net\/?p=103191","title":{"rendered":"\u015eenol G\u00fcne\u015f: Ben maa\u015f\u0131m\u0131 Euro olarak almad\u0131m!"},"content":{"rendered":"<p>Be\u015fikta\u015f Teknik Direkt\u00f6r\u00fc \u015eenol, T\u00fcrkiye Futbol Federasyonu (TFF) Ola\u011fan Se\u00e7imli Genel Kurulu\u2019nda konu\u015fma yapt\u0131. Daha \u00f6nce A Milli Futbol Tak\u0131m\u0131\u2019n\u0131 \u00e7al\u0131\u015ft\u0131rd\u0131\u011f\u0131 d\u00f6nemde TFF \u00e7al\u0131\u015fan\u0131 oldu\u011fu i\u00e7in konu\u015famad\u0131\u011f\u0131n\u0131 ama susmak yerine konu\u015fman\u0131n daha faydal\u0131 oldu\u011funu ifade eden \u015eenol G\u00fcne\u015f, \u201cSadece Adana Demirspor ma\u00e7\u0131ndan sonra konu\u015ftum. \u2018Hukuk d\u0131\u015f\u0131 ve mant\u0131k d\u0131\u015f\u0131\u2019 dedim, ceza kuruluna gittim. Bu benimle ilgili de\u011fil. Kurallar bilinmeli ve \u00f6yle karar al\u0131nmal\u0131. Ceza kuruluna gitmi\u015fsen ceza almal\u0131y\u0131m.\u00a0Pandemi d\u00f6neminde ma\u00e7lar iptal olsun dendi, ola\u011fan\u00fcst\u00fc bir karar al\u0131nd\u0131. An\u0131nda bir karar verildi. Y\u00f6netimlerin karar\u0131 bu anlarda \u00f6nemli. Bir de d\u00fc\u015fme olay\u0131 kald\u0131r\u0131ld\u0131. S\u0131k\u0131\u015ft\u0131r\u0131lm\u0131\u015f bir lig oldu ama \u015fikayet\u00a0etmedim.\u00a0Milli Tak\u0131m\u2019da Sivas\u2019a ma\u00e7 ald\u0131k.\u00a0Bir karar ald\u0131k ama yanl\u0131\u015f oldu, \u00e7\u00fcnk\u00fc seyirci yok. Pandemiden dolay\u0131 kimse gelemedi.\u201d<\/p>\n<p><b>\u201dEMN\u0130YET \u015eER\u0130D\u0130N\u0130Z \u0130HLAL ETMEYE KALKARSANIZ\u2026\u201d<\/b><\/p>\n<p>\u201dBen taraftarla Anadolu\u2019da bulu\u015fmak i\u00e7in gittim. Ben oraya taraftarla bulu\u015fmaya gitmi\u015ftim. Altyap\u0131 konu\u015fuyorsunuz ama \u00e7ocuklar okuyor.\u00a0E\u011fitim izin vermiyor.\u00a0Milli E\u011fitim Bakanl\u0131\u011f\u0131 olmadan bu i\u015f olmaz. Depremden sonra ayn\u0131 b\u00f6lgeden baz\u0131 tak\u0131m devam etti, baz\u0131 tak\u0131m \u00e7ekildi. Bu da kural\u0131 tart\u0131\u015fmaya a\u00e7ar. O zaman al\u0131n tak\u0131mlar\u0131 \u0130stanbul\u2019a.\u00a0\u015eimdi ge\u00e7mi\u015f konu, konu\u015fuyoruz. Tak\u0131mlardan transferler yap\u0131ld\u0131, biz de ald\u0131k. A\u015fa\u011f\u0131daki tak\u0131mlara bak\u0131n. Rekabeti \u00f6ld\u00fcrd\u00fck. Su\u00e7lama i\u00e7in demiyorum. Ola\u011fan\u00fcst\u00fc durum oldu\u011funda, sizin keyfinize kalamaz. Herkes kurallar\u0131 bilmeli. Emniyet \u015feridini ihlal etmeye ba\u015flarsan\u0131z herkes ihlal etmeye ba\u015flar. Y\u00f6neticiyle oyuncu kavgal\u0131. Soruyorum, b\u00fct\u00fcn kul\u00fcplerde ayn\u0131 sorunlar var. Yabanc\u0131 futbolcular\u0131n Euro, yerli oyuncular\u0131n TL \u00fczerinden para almas\u0131; tak\u0131m\u0131n dengeleri alt-\u00fcst ediyor. Antren\u00f6r ve oyuncular\u0131n vergilerini kendilerinin vermesi laz\u0131m. Sorumluluk olsun diye. Benim gen\u00e7li\u011fimde, e\u011fitim, tesis, organizasyon, imkan yoktu, kimse futbolcu olmak istemiyordu, bug\u00fcn herkes olmak istiyor ama futbolun unsurlar\u0131 d\u0131\u015f\u0131nda kald\u0131. \u015eu an futbolun sahibi futbolla ilgisi olmayanlar olmaya ba\u015flad\u0131. O trib\u00fcnlere eski futbolcular\u0131 da, eski antren\u00f6rleri de eski y\u00f6neticileri de getirtmeye \u00e7al\u0131\u015f\u0131n, 65 ya\u015f\u0131n\u0131 da kald\u0131r\u0131n. Kul\u00fcp ba\u015fkan\u0131 yerli oyuncuya gel iyile\u015ftirme yapal\u0131m diyor veya Euro alana gel azaltal\u0131m diyor\u201d diye konu\u015ftu.<\/p>\n<p><b>\u201cHEP PARAM KONU\u015eULDU\u201d<br \/><img decoding=\"async\" src=\"https:\/\/i01.sozcucdn.com\/wp-content\/uploads\/2023\/06\/22\/senl1_23242104-660x440.jpg\" alt=\"\" title=\"\"><br \/><\/b><\/p>\n<p>8+3\u2019\u00fc kural\u0131n\u0131 kendisinin getirmedi\u011fini vurgulayan G\u00fcne\u015f, \u201cE\u011fer benim olsayd\u0131, bug\u00fcnk\u00fc y\u00f6netim de devam etmezdi zaten o zaman. Ben de kar\u015f\u0131y\u0131m ama o g\u00fcn karar \u00e7\u0131kt\u0131. O g\u00fcn sezon ba\u015f\u0131nda yap\u0131lan lig ba\u015flama planlamas\u0131 da yanl\u0131\u015ft\u0131. Ben maa\u015f\u0131m\u0131 Euro almad\u0131m, hi\u00e7bir zaman s\u00f6ylenen rakamlar al\u0131nmad\u0131. Son Sivas\u2019ta olan ma\u00e7 d\u00f6neminde, uluslar ligi d\u00f6neminde hep param konu\u015fuldu, itibars\u0131zla\u015ft\u0131r\u0131lmaya getirildim. Ba\u015fkan da s\u00f6yledi; adaletli, ahlakl\u0131 olmas\u0131n\u0131 hepimiz istiyoruz ama uygulamada hata yap\u0131yoruz. \u0130yi niyetli olal\u0131m ama kurallara ba\u011fl\u0131 i\u015f yapal\u0131m. Bir yabanc\u0131 oyuncu yerli oynayabiliyorsa, ben de bir yerli oyuncuyu yabanc\u0131 yapabilmeliyim, onun bir yolu olmas\u0131 laz\u0131m. Ayn\u0131 gemideyiz ortak ak\u0131llara ihtiyac\u0131m\u0131z var ama g\u00fcvenece\u011fimiz bir kurum olsun. Sevgi tabii olacak ama kurallar\u0131n daha ac\u0131mas\u0131z olmas\u0131 laz\u0131m. Bizden \u00e7\u0131kan altyap\u0131dan oyuncular var ama yetmez. Bah\u00e7ede \u00e7i\u00e7ek yeti\u015ftirece\u011fiz, daha fazla oyuncu yeti\u015ftirece\u011fiz. Arda G\u00fcler\u2019i herkes konu\u015fuyor. Arda \u00f6nemli bir oyuncu ama onu getiren kul\u00fcp veya ba\u015fkan neyse ba\u015far\u0131l\u0131 olan o. Bu tip oyuncular\u0131 getirecek bir sistem. Bug\u00fcn bir tane Messi\u2019yi bir tane Ronaldo\u2019yu hi\u00e7bir antren\u00f6r \u00e7\u0131karamaz tek ba\u015f\u0131na\u201d dedi.<\/p>\n","protected":false},"excerpt":{"rendered":"<p>Be\u015fikta\u015f Teknik Direkt\u00f6r\u00fc \u015eenol G\u00fcne\u015f, T\u00fcrkiye Futbol Federasyonu (TFF) Ola\u011fan Se\u00e7imli Genel Kurulu&#8217;nda a\u00e7\u0131klamalarda bulundu. G\u00fcne\u015f, Milli Tak\u0131m&#8217;\u0131n ba\u015f\u0131nda oldu\u011fu d\u00f6nem ile ilgili, &#8221;Ben maa\u015f\u0131m\u0131 Euro ile almad\u0131m, hi\u00e7bir zaman s\u00f6ylenen rakamlar al\u0131nmad\u0131. Hep param konu\u015fuldu, itibars\u0131zla\u015ft\u0131r\u0131lmaya getirildim&#8221; dedi.<\/p>\n","protected":false},"author":1,"featured_media":103192,"comment_status":"closed","ping_status":"open","sticky":false,"template":"","format":"standard","meta":{"footnotes":""},"categories":[31],"tags":[788,580,197,192],"class_list":["post-103191","post","type-post","status-publish","format-standard","has-post-thumbnail","hentry","category-spor","tag-futbol","tag-karar","tag-oyuncu","tag-takim"],"_links":{"self":[{"href":"https:\/\/haberulus.net\/index.php?rest_route=\/wp\/v2\/posts\/103191","targetHints":{"allow":["GET"]}}],"collection":[{"href":"https:\/\/haberulus.net\/index.php?rest_route=\/wp\/v2\/posts"}],"about":[{"href":"https:\/\/haberulus.net\/index.php?rest_route=\/wp\/v2\/types\/post"}],"author":[{"embeddable":true,"href":"https:\/\/haberulus.net\/index.php?rest_route=\/wp\/v2\/users\/1"}],"replies":[{"embeddable":true,"href":"https:\/\/haberulus.net\/index.php?rest_route=%2Fwp%2Fv2%2Fcomments&post=103191"}],"version-history":[{"count":1,"href":"https:\/\/haberulus.net\/index.php?rest_route=\/wp\/v2\/posts\/103191\/revisions"}],"predecessor-version":[{"id":103193,"href":"https:\/\/haberulus.net\/index.php?rest_route=\/wp\/v2\/posts\/103191\/revisions\/103193"}],"wp:featuredmedia":[{"embeddable":true,"href":"https:\/\/haberulus.net\/index.php?rest_route=\/wp\/v2\/media\/103192"}],"wp:attachment":[{"href":"https:\/\/haberulus.net\/index.php?rest_route=%2Fwp%2Fv2%2Fmedia&parent=103191"}],"wp:term":[{"taxonomy":"category","embeddable":true,"href":"https:\/\/haberulus.net\/index.php?rest_route=%2Fwp%2Fv2%2Fcategories&post=103191"},{"taxonomy":"post_tag","embeddable":true,"href":"https:\/\/haberulus.net\/index.php?rest_route=%2Fwp%2Fv2%2Ftags&post=103191"}],"curies":[{"name":"wp","href":"https:\/\/api.w.org\/{rel}","templated":true}]}}