{"id":103245,"date":"2023-06-22T13:51:05","date_gmt":"2023-06-22T13:51:05","guid":{"rendered":"https:\/\/haberulus.net\/?p=103245"},"modified":"2023-06-22T13:51:05","modified_gmt":"2023-06-22T13:51:05","slug":"kaddafinin-aclik-grevindeki-oglu-hastaneye-kaldirildi","status":"publish","type":"post","link":"https:\/\/haberulus.net\/?p=103245","title":{"rendered":"Kaddafi\u2019nin a\u00e7l\u0131k grevindeki o\u011flu hastaneye kald\u0131r\u0131ld\u0131"},"content":{"rendered":"<p>Eski Libya lideri Muammer Kaddafi&#8217;nin 8 y\u0131ld\u0131r L\u00fcbnan&#8217;da tutuklu bulunan ortanca o\u011flu Hannibal Kaddafi hastaneye kald\u0131r\u0131ld\u0131.<\/p>\n<p>Hannibal Kaddafi&#8217;nin kuzeni Ahmed Bumenyar Kaddafi, a\u00e7l\u0131k grevindeki Hannibal&#8217;\u0131n L\u00fcbnan&#8217;\u0131n ba\u015fkenti Beyrut&#8217;taki Hotel Dieu Hastanesi&#8217;nin acil b\u00f6l\u00fcm\u00fcne kald\u0131r\u0131ld\u0131\u011f\u0131n\u0131 s\u00f6yledi.<\/p>\n<p>L\u00fcbnanl\u0131 \u015eii din adam\u0131 Musa es-Sadr ve beraberindeki 2 ki\u015finin 1978\u2019de Libya\u2019da kaybolmas\u0131na ili\u015fkin dava kapsam\u0131nda 8 y\u0131ld\u0131r L\u00fcbnan\u2019da tutulan Hannibal Kaddafi&#8217;nin a\u00e7l\u0131k grevini s\u00fcrd\u00fcrmekte kararl\u0131 oldu\u011funu ifade eden Bumenyar Kaddafi, \u201cHannibal&#8217;a y\u00f6neltilmi\u015f bir su\u00e7lama bulunmuyor. Olay meydana geldi\u011finde zaten \u00fc\u00e7 ya\u015f\u0131ndayd\u0131\u201d dedi.<\/p>\n<p>Libya\u2019n\u0131n \u015eam B\u00fcy\u00fckel\u00e7isi Muhammed \u015eaban, Hannibal Kaddafi&#8217;nin 3 Haziran\u2019da a\u00e7l\u0131k grevine ba\u015flad\u0131\u011f\u0131n\u0131 duyurmu\u015ftu.<\/p>\n<p><strong>BABA KADDAF\u0130 ARAP BAHARI\u2019NDA DEVR\u0130LM\u0130\u015eT\u0130<\/strong><\/p>\n<p>Hannibal Kaddafi, Aral\u0131k 2015\u2019te Suriye\u2019den d\u00f6nerken L\u00fcbnan\u2019\u0131n Beka Vadisi\u2019nde silahl\u0131 gruplar taraf\u0131ndan ka\u00e7\u0131r\u0131ld\u0131 ve sonra serbest b\u0131rak\u0131ld\u0131.<\/p>\n<p>Libya\u2019da 1978\u2019de kaybolan \u015eii \u0130mam Sadr\u2019\u0131n ak\u0131betini ara\u015ft\u0131ran L\u00fcbnanl\u0131 yetkili makamlar, olayla ilgili bilgi sahibi oldu\u011funu d\u00fc\u015f\u00fcnerek Hannibal\u2019i tutuklad\u0131 ve Beyrut\u2019ta sorgulad\u0131. Sadr&#8217;\u0131n ortadan kayboldu\u011fu 1978\u2019de hen\u00fcz 3 ya\u015f\u0131nda olan Hannibal, L\u00fcbnanl\u0131 yetkililer taraf\u0131ndan Sadr olay\u0131n\u0131n netle\u015fmesi konusunda potansiyel bir anahtar olarak g\u00f6r\u00fclmeye devam ediyor ve halen L\u00fcbnan\u2019da hapishanede tutuluyor.<\/p>\n<p>Hannibal Kaddafi, Muammer Kaddafi\u2019nin kar\u0131s\u0131 Safiye, o\u011flu Muhammed ve k\u0131z\u0131 Ay\u015fe gibi Kaddafi ailesinin kom\u015fu \u00fclke Cezayir\u2019e ka\u00e7may\u0131 ba\u015faran isimlerinden.<\/p>\n<p>Hannibal Kaddafi, L\u00fcbnanl\u0131 eski fotomodel Elin Sekaf ile evli. Bir erkek ve k\u0131z \u00e7ocuk sahibi \u00e7iftin evlili\u011fi, Kaddafi y\u00f6netiminin \u201cArap Bahar\u0131\u201d ile devrilmesine kadar gizli kalm\u0131\u015ft\u0131. (AA)<\/p>\n","protected":false},"excerpt":{"rendered":"<p>Libya&#8217;n\u0131n eski lideri Kaddafi\u2019nin o\u011flu Hannibal Kaddafi, tutuklu bulundu\u011fu L\u00fcbnan\u2019da hastaneye kald\u0131r\u0131ld\u0131.<\/p>\n","protected":false},"author":1,"featured_media":103246,"comment_status":"closed","ping_status":"open","sticky":false,"template":"","format":"standard","meta":{"footnotes":""},"categories":[24],"tags":[12747,12746],"class_list":["post-103245","post","type-post","status-publish","format-standard","has-post-thumbnail","hentry","category-dunya","tag-hannibal-kaddafi","tag-kaddafi"],"_links":{"self":[{"href":"https:\/\/haberulus.net\/index.php?rest_route=\/wp\/v2\/posts\/103245","targetHints":{"allow":["GET"]}}],"collection":[{"href":"https:\/\/haberulus.net\/index.php?rest_route=\/wp\/v2\/posts"}],"about":[{"href":"https:\/\/haberulus.net\/index.php?rest_route=\/wp\/v2\/types\/post"}],"author":[{"embeddable":true,"href":"https:\/\/haberulus.net\/index.php?rest_route=\/wp\/v2\/users\/1"}],"replies":[{"embeddable":true,"href":"https:\/\/haberulus.net\/index.php?rest_route=%2Fwp%2Fv2%2Fcomments&post=103245"}],"version-history":[{"count":1,"href":"https:\/\/haberulus.net\/index.php?rest_route=\/wp\/v2\/posts\/103245\/revisions"}],"predecessor-version":[{"id":103247,"href":"https:\/\/haberulus.net\/index.php?rest_route=\/wp\/v2\/posts\/103245\/revisions\/103247"}],"wp:featuredmedia":[{"embeddable":true,"href":"https:\/\/haberulus.net\/index.php?rest_route=\/wp\/v2\/media\/103246"}],"wp:attachment":[{"href":"https:\/\/haberulus.net\/index.php?rest_route=%2Fwp%2Fv2%2Fmedia&parent=103245"}],"wp:term":[{"taxonomy":"category","embeddable":true,"href":"https:\/\/haberulus.net\/index.php?rest_route=%2Fwp%2Fv2%2Fcategories&post=103245"},{"taxonomy":"post_tag","embeddable":true,"href":"https:\/\/haberulus.net\/index.php?rest_route=%2Fwp%2Fv2%2Ftags&post=103245"}],"curies":[{"name":"wp","href":"https:\/\/api.w.org\/{rel}","templated":true}]}}