{"id":103422,"date":"2023-06-22T17:51:04","date_gmt":"2023-06-22T17:51:04","guid":{"rendered":"https:\/\/haberulus.net\/?p=103422"},"modified":"2023-06-22T17:51:04","modified_gmt":"2023-06-22T17:51:04","slug":"tobbdan-faiz-degerlendirmesi","status":"publish","type":"post","link":"https:\/\/haberulus.net\/?p=103422","title":{"rendered":"TOBB\u2019dan faiz de\u011ferlendirmesi"},"content":{"rendered":"<p>Hisarc\u0131kl\u0131o\u011flu, Twitter hesab\u0131ndan, TCMB Para Politikas\u0131 Kurulu\u2019nun (PPK), politika faizini 650 baz puan art\u0131rarak y\u00fczde 15\u2019e \u00e7\u0131karmas\u0131na ili\u015fkin payla\u015f\u0131m yapt\u0131.<\/p>\n<p>TCMB\u2019nin, para politikas\u0131n\u0131 g\u00fcn\u00fcn \u015fartlar\u0131na g\u00f6re revize ederek, politika faizini \u00f6l\u00e7\u00fcl\u00fc bir \u015fekilde art\u0131rma yoluna gitti\u011fine i\u015faret eden Hisarc\u0131kl\u0131o\u011flu, \u015funlar\u0131 kaydetti:<\/p>\n<p><strong>\u201c\u00dcRETMEYE DEVAM EDECE\u011e\u0130Z\u201d<\/strong><\/p>\n<p>*Bug\u00fcn a\u00e7\u0131klanan faiz karar\u0131n\u0131n, reel sekt\u00f6r\u00fcn ihtiya\u00e7lar\u0131n\u0131 da g\u00f6zeten, fiyat istikrar\u0131na odakl\u0131 b\u00fct\u00fcnc\u00fcl para ve maliye politikalar\u0131 ile desteklenmesi, s\u00fcrd\u00fcr\u00fclebilir yat\u0131r\u0131m ve \u00fcretim ortam\u0131 i\u00e7in kritik \u00f6nemdedir.<\/p>\n<p>*Bunlara ilave olarak yat\u0131r\u0131m ortam\u0131n\u0131n yap\u0131sal politikalarla desteklenmesi, finansmana eri\u015fim imkanlar\u0131n\u0131n \u00e7e\u015fitlendirilmesi ve \u00f6ng\u00f6r\u00fclebilirli\u011fin art\u0131r\u0131lmas\u0131, yeni d\u00f6nemde ekonomi y\u00f6netiminden temel beklentilerimizdir.<\/p>\n<p>*Bu konularda ilgili kurumlar\u0131m\u0131zla e\u015f g\u00fcd\u00fcm i\u00e7inde \u00e7al\u0131\u015fmaya ve \u00fcretmeye devam edece\u011fiz.<\/p>\n","protected":false},"excerpt":{"rendered":"<p>T\u00fcrkiye Odalar ve Borsalar Birli\u011fi (TOBB) Ba\u015fkan\u0131 Rifat Hisarc\u0131kl\u0131o\u011flu, faiz karar\u0131n\u0131n, yat\u0131r\u0131m ve \u00fcretim ortam\u0131 i\u00e7in kritik \u00f6nemde oldu\u011funu belirtti.<\/p>\n","protected":false},"author":1,"featured_media":103423,"comment_status":"closed","ping_status":"open","sticky":false,"template":"","format":"standard","meta":{"footnotes":""},"categories":[25],"tags":[2121],"class_list":["post-103422","post","type-post","status-publish","format-standard","has-post-thumbnail","hentry","category-ekonomi","tag-politika"],"_links":{"self":[{"href":"https:\/\/haberulus.net\/index.php?rest_route=\/wp\/v2\/posts\/103422","targetHints":{"allow":["GET"]}}],"collection":[{"href":"https:\/\/haberulus.net\/index.php?rest_route=\/wp\/v2\/posts"}],"about":[{"href":"https:\/\/haberulus.net\/index.php?rest_route=\/wp\/v2\/types\/post"}],"author":[{"embeddable":true,"href":"https:\/\/haberulus.net\/index.php?rest_route=\/wp\/v2\/users\/1"}],"replies":[{"embeddable":true,"href":"https:\/\/haberulus.net\/index.php?rest_route=%2Fwp%2Fv2%2Fcomments&post=103422"}],"version-history":[{"count":1,"href":"https:\/\/haberulus.net\/index.php?rest_route=\/wp\/v2\/posts\/103422\/revisions"}],"predecessor-version":[{"id":103424,"href":"https:\/\/haberulus.net\/index.php?rest_route=\/wp\/v2\/posts\/103422\/revisions\/103424"}],"wp:featuredmedia":[{"embeddable":true,"href":"https:\/\/haberulus.net\/index.php?rest_route=\/wp\/v2\/media\/103423"}],"wp:attachment":[{"href":"https:\/\/haberulus.net\/index.php?rest_route=%2Fwp%2Fv2%2Fmedia&parent=103422"}],"wp:term":[{"taxonomy":"category","embeddable":true,"href":"https:\/\/haberulus.net\/index.php?rest_route=%2Fwp%2Fv2%2Fcategories&post=103422"},{"taxonomy":"post_tag","embeddable":true,"href":"https:\/\/haberulus.net\/index.php?rest_route=%2Fwp%2Fv2%2Ftags&post=103422"}],"curies":[{"name":"wp","href":"https:\/\/api.w.org\/{rel}","templated":true}]}}