{"id":103455,"date":"2023-06-22T19:49:19","date_gmt":"2023-06-22T19:49:19","guid":{"rendered":"https:\/\/haberulus.net\/?p=103455"},"modified":"2023-06-22T19:49:19","modified_gmt":"2023-06-22T19:49:19","slug":"tanju-ozcandan-aksenerin-6li-masadan-kalkmasiyla-ilgili-bomba-iddia-mansur-yavasin-oyununa-geldi","status":"publish","type":"post","link":"https:\/\/haberulus.net\/?p=103455","title":{"rendered":"Tanju \u00d6zcan&#8217;dan Ak\u015fener&#8217;in 6&#8217;l\u0131 Masa&#8217;dan kalkmas\u0131yla ilgili bomba iddia: Mansur Yava\u015f&#8217;\u0131n oyununa geldi"},"content":{"rendered":"<p>Son d\u00f6nemde K\u0131l\u0131\u00e7daro\u011flu&#8217;na yapt\u0131\u011f\u0131 ele\u015ftiriler sonras\u0131 CHP&#8217;den kesin ihrac\u0131 istenen Tanju \u00d6zcan, Tv100 canl\u0131 yay\u0131n\u0131na kat\u0131ld\u0131. Burada g\u00fcndeme dair \u00f6nemli a\u00e7\u0131klamalar yapan \u00d6zcan, \u0130Y\u0130 Parti lideri  <strong>Meral Ak\u015fener<\/strong>&#8216;in  <strong>se\u00e7im<\/strong> \u00f6ncesi 6&#8217;l\u0131 Masa&#8217;dan kalmas\u0131yla ilgili bomba bir iddia ortaya att\u0131. Ak\u015fener&#8217;in Mansur Yava\u015f&#8217;\u0131n oyununa geldi\u011fini s\u00f6yleyen \u00d6zcan, &#8220;Yava\u015f \u00f6nce adayl\u0131k teklifini kabul etti, sonra vazge\u00e7ti&#8221; ifadelerini kulland\u0131.<\/p>\n<p><b>&#8220;MERAL HANIM S\u0130YAS\u0130 KAZIK YED\u0130&#8221; <\/b><\/p>\n<p>Ak\u015fener&#8217;in 6&#8217;l\u0131 Masa&#8217;dan kalmas\u0131yla ilgili \u00e7arp\u0131c\u0131 ifadeler kullanana \u00d6zcan, &#8220;Meral han\u0131m\u0131n orada yedi\u011fi siyasi bir kaz\u0131k var. Ben biliyorum bunu. Meral han\u0131m Mansur beyin oyununa geldi.&#8221; dedi. <\/p>\n<p><b>&#8220;YAVA\u015e \u00d6NCE ADAYLIK TEKL\u0130F\u0130N\u0130 KABUL ETT\u0130&#8221; <\/b><\/p>\n<p>\u00d6zcan s\u00f6zlerini \u015f\u00f6yle s\u00fcrd\u00fcrd\u00fc: &#8220;Meral han\u0131m gibi tecr\u00fcbeli bir siyaset\u00e7i sizce birileriyle g\u00f6r\u00fc\u015fmeden kalkar m\u0131 masadan? Mansur Yava\u015f, \u00f6nce adayl\u0131k teklifini kabul etti. Meral Ak\u015fener de \u00e7\u0131kt\u0131 &#8216;Masadan kalk\u0131yorum kendim y\u00fcr\u00fcyece\u011fim&#8217; dedi. Olay\u0131n \u00f6z\u00fc bu.<\/p>\n<p><b>&#8220;EN GE\u00c7 SAATTE &#8216;YANINDAYIZ&#8217; TWEET\u0130 ATAN YAVA\u015eTI&#8221; <\/b><\/p>\n<p>Sonra en ge\u00e7 saatte yan\u0131nday\u0131z tweetini atan say\u0131n Mansur Yava\u015ft\u0131. Ben hayat\u0131m boyunca do\u011frular\u0131 konu\u015ftu\u011fum i\u00e7in k\u0131sa vadede ba\u015f\u0131m derde giriyor, uzun vadede kazan\u0131yorum&#8221;<\/p>\n<p><b>NE OLMU\u015eTU?<\/b><\/p>\n<p>Meral Ak\u015fener, se\u00e7im \u00f6ncesi Kemal K\u0131l\u0131\u00e7daro\u011flu&#8217;nun adayl\u0131\u011f\u0131n\u0131n dayat\u0131ld\u0131\u011f\u0131n\u0131 belirterek 6&#8217;l\u0131 Masa&#8217;da kalkm\u0131\u015ft\u0131. \u0130BB Ba\u015fkan\u0131 Ekrem \u0130mamo\u011flu ve ABB Ba\u015fkan\u0131 Mansur Yava\u015f&#8217;a adayl\u0131k \u00e7a\u011fr\u0131s\u0131 yapan Ak\u015fener, kar\u015f\u0131l\u0131k bulamam\u0131\u015f ve Yava\u015f ile \u0130mamo\u011flu&#8217;nu cumhurba\u015fkan\u0131 yard\u0131mc\u0131s\u0131 olarak \u00f6nererek masaya geri d\u00f6nm\u00fc\u015ft\u00fc. <\/p>\n","protected":false},"excerpt":{"rendered":"<p>CHP&#8217;den ihrac\u0131 istenen Tanju \u00d6zcan, kat\u0131ld\u0131\u011f\u0131 canl\u0131 yay\u0131nda \u00e7ok konu\u015fulacak bir iddia ortaya att\u0131. Se\u00e7im \u00f6ncesi 6&#8217;l\u0131 Masa&#8217;dan kalk\u0131p tekrar oturan Meral Ak\u015fener&#8217;in Mansur Yava\u015f&#8217;\u0131n oyununa geldi\u011fini s\u00f6yleyen \u00d6zcan, &#8220;Meral han\u0131m\u0131n orada yedi\u011fi siyasi bir kaz\u0131k var. Ben biliyorum bunu. Meral han\u0131m Mansur beyin oyununa geldi. Yava\u015f \u00f6nce adayl\u0131k teklifini kabul etti, sonra vazge\u00e7ti&#8221; ifadelerini kulland\u0131.<\/p>\n","protected":false},"author":1,"featured_media":103456,"comment_status":"closed","ping_status":"open","sticky":false,"template":"","format":"standard","meta":{"footnotes":""},"categories":[28],"tags":[1048,5092,2631,900,3483],"class_list":["post-103455","post","type-post","status-publish","format-standard","has-post-thumbnail","hentry","category-politika","tag-aksener","tag-mansur","tag-meral","tag-ozcan","tag-yavas"],"_links":{"self":[{"href":"https:\/\/haberulus.net\/index.php?rest_route=\/wp\/v2\/posts\/103455","targetHints":{"allow":["GET"]}}],"collection":[{"href":"https:\/\/haberulus.net\/index.php?rest_route=\/wp\/v2\/posts"}],"about":[{"href":"https:\/\/haberulus.net\/index.php?rest_route=\/wp\/v2\/types\/post"}],"author":[{"embeddable":true,"href":"https:\/\/haberulus.net\/index.php?rest_route=\/wp\/v2\/users\/1"}],"replies":[{"embeddable":true,"href":"https:\/\/haberulus.net\/index.php?rest_route=%2Fwp%2Fv2%2Fcomments&post=103455"}],"version-history":[{"count":1,"href":"https:\/\/haberulus.net\/index.php?rest_route=\/wp\/v2\/posts\/103455\/revisions"}],"predecessor-version":[{"id":103457,"href":"https:\/\/haberulus.net\/index.php?rest_route=\/wp\/v2\/posts\/103455\/revisions\/103457"}],"wp:featuredmedia":[{"embeddable":true,"href":"https:\/\/haberulus.net\/index.php?rest_route=\/wp\/v2\/media\/103456"}],"wp:attachment":[{"href":"https:\/\/haberulus.net\/index.php?rest_route=%2Fwp%2Fv2%2Fmedia&parent=103455"}],"wp:term":[{"taxonomy":"category","embeddable":true,"href":"https:\/\/haberulus.net\/index.php?rest_route=%2Fwp%2Fv2%2Fcategories&post=103455"},{"taxonomy":"post_tag","embeddable":true,"href":"https:\/\/haberulus.net\/index.php?rest_route=%2Fwp%2Fv2%2Ftags&post=103455"}],"curies":[{"name":"wp","href":"https:\/\/api.w.org\/{rel}","templated":true}]}}