{"id":103605,"date":"2023-06-23T07:35:20","date_gmt":"2023-06-23T07:35:20","guid":{"rendered":"https:\/\/haberulus.net\/?p=103605"},"modified":"2023-06-23T07:35:20","modified_gmt":"2023-06-23T07:35:20","slug":"tuik-ekonomiye-guven-haziranda-azaldi","status":"publish","type":"post","link":"https:\/\/haberulus.net\/?p=103605","title":{"rendered":"T\u00dc\u0130K: Ekonomiye g\u00fcven haziranda azald\u0131"},"content":{"rendered":"<p>T\u00fcrkiye \u0130statistik Kurumu (T\u00dc\u0130K) haziran ay\u0131 ekonomik g\u00fcven endeksi verilerini a\u00e7\u0131klad\u0131.<\/p>\n<p>T\u00fcketici ve \u00fcreticilerin genel ekonomik duruma ili\u015fkin de\u011ferlendirme, beklenti ve e\u011filimlerini \u00f6zetleyen bir bile\u015fik endeks olan ekonomik g\u00fcven endeksi may\u0131s ay\u0131nda 103,7 iken, haziran ay\u0131nda y\u00fczde 2,5 oran\u0131nda azalarak 101,1 de\u011ferini ald\u0131.<\/p>\n<p>Bir \u00f6nceki aya g\u00f6re haziran ay\u0131nda t\u00fcketici g\u00fcven endeksi y\u00fczde 6,5 oran\u0131nda azalarak 85,1 de\u011ferini, reel kesim (imalat sanayi) g\u00fcven endeksi y\u00fczde\u00a0 0,6 oran\u0131nda artarak 105,7 de\u011ferini, hizmet sekt\u00f6r\u00fc g\u00fcven endeksi y\u00fczde\u00a0 0,6 oran\u0131nda artarak 118,1 de\u011ferini, perakende ticaret sekt\u00f6r\u00fc g\u00fcven endeksi y\u00fczde\u00a0 0,9 oran\u0131nda artarak 117,7 de\u011ferini, in\u015faat sekt\u00f6r\u00fc g\u00fcven endeksi y\u00fczde 3,5 oran\u0131nda azalarak 88,9 de\u011ferini ald\u0131.<\/p>\n<div><img decoding=\"async\" src=\"https:\/\/i01.sozcucdn.com\/wp-content\/uploads\/2023\/06\/23\/ekonomik-guven-660x338.jpeg\" alt=\"\" title=\"\"><\/p>\n<p>Kaynak: T\u00dc\u0130K<\/p>\n<\/div>\n","protected":false},"excerpt":{"rendered":"<p>T\u00dc\u0130K verilerine g\u00f6re, ekonomik g\u00fcven endeksi haziran ay\u0131nda y\u00fczde 2,5 oran\u0131nda azalarak 101,1 de\u011ferini ald\u0131.<\/p>\n","protected":false},"author":1,"featured_media":103606,"comment_status":"closed","ping_status":"open","sticky":false,"template":"","format":"standard","meta":{"footnotes":""},"categories":[25],"tags":[4095,3279],"class_list":["post-103605","post","type-post","status-publish","format-standard","has-post-thumbnail","hentry","category-ekonomi","tag-degerini","tag-oraninda"],"_links":{"self":[{"href":"https:\/\/haberulus.net\/index.php?rest_route=\/wp\/v2\/posts\/103605","targetHints":{"allow":["GET"]}}],"collection":[{"href":"https:\/\/haberulus.net\/index.php?rest_route=\/wp\/v2\/posts"}],"about":[{"href":"https:\/\/haberulus.net\/index.php?rest_route=\/wp\/v2\/types\/post"}],"author":[{"embeddable":true,"href":"https:\/\/haberulus.net\/index.php?rest_route=\/wp\/v2\/users\/1"}],"replies":[{"embeddable":true,"href":"https:\/\/haberulus.net\/index.php?rest_route=%2Fwp%2Fv2%2Fcomments&post=103605"}],"version-history":[{"count":1,"href":"https:\/\/haberulus.net\/index.php?rest_route=\/wp\/v2\/posts\/103605\/revisions"}],"predecessor-version":[{"id":103607,"href":"https:\/\/haberulus.net\/index.php?rest_route=\/wp\/v2\/posts\/103605\/revisions\/103607"}],"wp:featuredmedia":[{"embeddable":true,"href":"https:\/\/haberulus.net\/index.php?rest_route=\/wp\/v2\/media\/103606"}],"wp:attachment":[{"href":"https:\/\/haberulus.net\/index.php?rest_route=%2Fwp%2Fv2%2Fmedia&parent=103605"}],"wp:term":[{"taxonomy":"category","embeddable":true,"href":"https:\/\/haberulus.net\/index.php?rest_route=%2Fwp%2Fv2%2Fcategories&post=103605"},{"taxonomy":"post_tag","embeddable":true,"href":"https:\/\/haberulus.net\/index.php?rest_route=%2Fwp%2Fv2%2Ftags&post=103605"}],"curies":[{"name":"wp","href":"https:\/\/api.w.org\/{rel}","templated":true}]}}