{"id":103665,"date":"2023-06-23T09:21:02","date_gmt":"2023-06-23T09:21:02","guid":{"rendered":"https:\/\/haberulus.net\/?p=103665"},"modified":"2023-06-23T09:21:02","modified_gmt":"2023-06-23T09:21:02","slug":"iyi-partiden-bolu-belediye-baskani-tanju-ozcana-yanit","status":"publish","type":"post","link":"https:\/\/haberulus.net\/?p=103665","title":{"rendered":"\u0130Y\u0130 Parti\u2019den Bolu Belediye Ba\u015fkan\u0131 Tanju \u00d6zcan\u2019a yan\u0131t"},"content":{"rendered":"<p>CHP\u2019den kesin ihra\u00e7 talebiyle disipline sevk edilen Bolu Belediye Ba\u015fkan\u0131 Tanju \u00d6zcan, kat\u0131ld\u0131\u011f\u0131 bir TV program\u0131nda \u0130Y\u0130 Parti Genel Ba\u015fkan\u0131 Meral Ak\u015fener\u2019in 6\u2019l\u0131 Masa\u2019y\u0131 terk etti\u011fi s\u00fcrece ili\u015fkin iddialarda bulundu.<\/p>\n<p>Tanju \u00d6zcan, \u015fu ifadeleri kulland\u0131: \u201cMeral Ak\u015fener\u2019in 3 Mart\u2019ta yedi\u011fi bir siyasi kaz\u0131k var. Mansur Yava\u015f\u2019\u0131n oyununa geldi. Meral han\u0131m gibi tecr\u00fcbeli bir siyaset\u00e7i, birileriyle g\u00f6r\u00fc\u015fmeden \u00e7\u0131kar m\u0131\u2026 Yava\u015f \u00f6nce adayl\u0131k teklifini kabul etti. Ak\u015fener de \u00e7\u0131kt\u0131 \u201cMasadan kalk\u0131yorum, kendim y\u00fcr\u00fcyece\u011fim\u201d dedi, olay\u0131n \u00f6z\u00fc bu. Sonra en ge\u00e7 saatte \u201cYan\u0131nday\u0131z\u201d tweet\u2019ini att\u0131.<\/p>\n<p><strong>\u201cTAMAMEN YALANDIR\u201d<\/strong><\/p>\n<p>\u00d6zcan\u2019\u0131n iddialar\u0131na \u0130Y\u0130 Parti S\u00f6zc\u00fcs\u00fc ve Genel Ba\u015fkan Ba\u015fdan\u0131\u015fman K\u00fcr\u015fad Zorlu, Twitter hesab\u0131ndan yan\u0131t verdi:<\/p>\n<p>\u2013 D\u00fcn kamuoyuna yans\u0131d\u0131\u011f\u0131 \u00fczere Bolu Belediye Ba\u015fkan\u0131 Sn.Tanju \u00d6zcan kat\u0131ld\u0131\u011f\u0131 bir TV yay\u0131n\u0131nda Genel Ba\u015fkan\u0131m\u0131z Say\u0131n Meral Ak\u015fener ve Ankara B\u00fcy\u00fck\u015fehir Belediye Ba\u015fkan\u0131 Say\u0131n Mansur Yava\u015f&#8217;a y\u00f6nelik ger\u00e7ek d\u0131\u015f\u0131 iddia ve a\u00e7\u0131klamalarda bulunmu\u015ftur.<\/p>\n<p>\u2013 Say\u0131n \u00d6zcan&#8217;\u0131n burada tekrarlamaya l\u00fczum g\u00f6rmedi\u011fimiz s\u00f6z konusu iddialar\u0131 tamamen yaland\u0131r.<\/p>\n<p><strong>TAM B\u0130R \u015eEFFAFLIK \u0130\u00c7ERS\u0130NDE ORTAYA KONDU<\/strong><\/p>\n<p>\u2013 \u00d6nemle vurgulamak isteriz ki, Cumhurba\u015fkan\u0131 adayl\u0131\u011f\u0131 konusunda en ba\u015f\u0131ndan bu yana Genel Ba\u015fkan\u0131m\u0131z say\u0131n Meral Ak\u015fener&#8217;in tutum ve de\u011ferlendirmeleri milletinin sesi olabilmek ad\u0131na ve yine milletimizin huzurunda tam bir \u015feffafl\u0131k i\u00e7erisinde ortaya konulmu\u015ftur.<\/p>\n<p>\u2013 Bu ama\u00e7la say\u0131n Genel Ba\u015fkan\u0131m\u0131z taraf\u0131ndan gerek Ankara B\u00fcy\u00fck\u015fehir Belediye Ba\u015fkan\u0131 Say\u0131n Mansur Yava\u015f&#8217;a gerekse \u0130stanbul B\u00fcy\u00fck\u015fehir Belediye Ba\u015fkan\u0131 Say\u0131n Ekrem \u0130mamo\u011flu&#8217;na 3 Mart 2023&#8217;te yapt\u0131\u011f\u0131 Cumhurba\u015fkan\u0131 adayl\u0131\u011f\u0131 y\u00f6n\u00fcndeki tarihi \u00e7a\u011fr\u0131s\u0131 ve sonras\u0131nda 6 Mart 2023&#8217;te etkili\/yetkili Cumhurba\u015fkan\u0131 Yard\u0131mc\u0131s\u0131 olmalar\u0131 y\u00f6n\u00fcndeki teklifleri d\u0131\u015f\u0131nda ileri s\u00fcr\u00fclen t\u00fcm iddialar as\u0131ls\u0131zd\u0131r.<\/p>\n","protected":false},"excerpt":{"rendered":"<p>\u0130Y\u0130 Parti S\u00f6zc\u00fcs\u00fc ve Genel Ba\u015fkan Ba\u015fdan\u0131\u015fman K\u00fcr\u015fad Zorlu, Bolu Belediye Ba\u015fkan\u0131 Tanju \u00d6zcan&#8217;\u0131n Meral Ak\u015fener ve Mansur Yava\u015f hakk\u0131ndaki iddialar\u0131na yan\u0131t verdi.<\/p>\n","protected":false},"author":1,"featured_media":103666,"comment_status":"closed","ping_status":"open","sticky":false,"template":"","format":"standard","meta":{"footnotes":""},"categories":[26],"tags":[1048,3039,123,2631,900],"class_list":["post-103665","post","type-post","status-publish","format-standard","has-post-thumbnail","hentry","category-gundem","tag-aksener","tag-genel-baskan","tag-iddia","tag-meral","tag-ozcan"],"_links":{"self":[{"href":"https:\/\/haberulus.net\/index.php?rest_route=\/wp\/v2\/posts\/103665","targetHints":{"allow":["GET"]}}],"collection":[{"href":"https:\/\/haberulus.net\/index.php?rest_route=\/wp\/v2\/posts"}],"about":[{"href":"https:\/\/haberulus.net\/index.php?rest_route=\/wp\/v2\/types\/post"}],"author":[{"embeddable":true,"href":"https:\/\/haberulus.net\/index.php?rest_route=\/wp\/v2\/users\/1"}],"replies":[{"embeddable":true,"href":"https:\/\/haberulus.net\/index.php?rest_route=%2Fwp%2Fv2%2Fcomments&post=103665"}],"version-history":[{"count":1,"href":"https:\/\/haberulus.net\/index.php?rest_route=\/wp\/v2\/posts\/103665\/revisions"}],"predecessor-version":[{"id":103667,"href":"https:\/\/haberulus.net\/index.php?rest_route=\/wp\/v2\/posts\/103665\/revisions\/103667"}],"wp:featuredmedia":[{"embeddable":true,"href":"https:\/\/haberulus.net\/index.php?rest_route=\/wp\/v2\/media\/103666"}],"wp:attachment":[{"href":"https:\/\/haberulus.net\/index.php?rest_route=%2Fwp%2Fv2%2Fmedia&parent=103665"}],"wp:term":[{"taxonomy":"category","embeddable":true,"href":"https:\/\/haberulus.net\/index.php?rest_route=%2Fwp%2Fv2%2Fcategories&post=103665"},{"taxonomy":"post_tag","embeddable":true,"href":"https:\/\/haberulus.net\/index.php?rest_route=%2Fwp%2Fv2%2Ftags&post=103665"}],"curies":[{"name":"wp","href":"https:\/\/api.w.org\/{rel}","templated":true}]}}