{"id":103690,"date":"2023-06-23T09:35:07","date_gmt":"2023-06-23T09:35:07","guid":{"rendered":"https:\/\/haberulus.net\/?p=103690"},"modified":"2023-06-23T09:35:07","modified_gmt":"2023-06-23T09:35:07","slug":"efes-antik-kentindeki-festival-uyuyan-guzel-balesiyle-basliyor","status":"publish","type":"post","link":"https:\/\/haberulus.net\/?p=103690","title":{"rendered":"Efes Antik Kenti\u2019ndeki festival \u2018Uyuyan G\u00fczel\u2019 balesiyle ba\u015fl\u0131yor"},"content":{"rendered":"<p>Eserin rejisi ve d\u00fczenlemesini yapan \u0130stanbul Devlet Opera ve Balesi (\u0130DOB) M\u00fcd\u00fcr\u00fc Ay\u015fem Sunal Sava\u015fkurt, klasik bale repertuvar\u0131n\u0131n en zor ve en akademik eseri olan \u2018Uyuyan G\u00fczel\u2019 balesini festivalin a\u00e7\u0131l\u0131\u015f\u0131 i\u00e7in haz\u0131rlad\u0131klar\u0131n\u0131 belirtti.<\/p>\n<p>Bornova Necdet Ayd\u0131n Salonu\u2019nda provalar\u0131n devam etti\u011fini vurgulayan Sava\u015fkurt, \u201cOcak ay\u0131nda ba\u015flad\u0131\u011f\u0131m\u0131z \u00e7al\u0131\u015fmalara deprem dolay\u0131s\u0131yla ara verdik. Bir ayd\u0131r pr\u00f6miyer i\u00e7in \u00e7al\u0131\u015f\u0131yoruz. \u0130lk defa \u0130zmir\u2019de bir eser sahneye koyuyorum. Festivalin a\u00e7\u0131l\u0131\u015f\u0131n\u0131 yapmak benim i\u00e7in \u00e7ok \u00f6nemli\u201d dedi.<\/p>\n<p>Festivale ev sahipli\u011fi yapan \u0130zmir Devlet Opera ve Balesi M\u00fcd\u00fcr\u00fc Ayd\u0131n U\u015ftuk da eserlerin, Efes Antik Kenti\u2019ndeki B\u00fcy\u00fck Tiyatro\u2019da sahnelenece\u011fini s\u00f6yledi.<\/p>\n<p><strong>\u201c7 TEMMUZ\u2019DA BA\u015eLIYORUZ\u201d<\/strong><\/p>\n<p>Be\u015f eserin sahnelenece\u011fi festivalde bu sene iki pr\u00f6miyerin olaca\u011f\u0131n\u0131 aktaran U\u015ftuk, \u201cFestivale 7 Temmuz\u2019da \u2018Uyuyan G\u00fczel\u2019 pr\u00f6miyeri ile ba\u015fl\u0131yoruz. Daha sonra Samsun Devlet Opera ve Balesi taraf\u0131ndan haz\u0131rlanan \u2018Carmen\u2019 balesi ile sanatseverlerin kar\u015f\u0131s\u0131nda olaca\u011f\u0131z. Festival kapsam\u0131nda \u0130ZDOB, Alman Besteci Carl Orff\u2019un \u2018Carmina Burana\u2019 eserini, Mersin Devlet Opera ve Balesi de \u2018Damdaki Kemanc\u0131\u2019 m\u00fczikalini sahneleyecek. Festivalimiz 21 Temmuz\u2019da Donizetti\u2019nin \u2018Lucia di Lammermoor\u2019 operas\u0131 pr\u00f6miyeri ile sona erecek\u201d ifadelerini kulland\u0131..<\/p>\n<p>\u0130zmir Devlet Opera ve Balesi dans\u00e7\u0131lar\u0131ndan Burcu Olguner ve \u00c7a\u011f\u0131n Hazar \u00d6zide\u015f ise \u00e7ok zorlu bir s\u00fcre\u00e7 ge\u00e7irdiklerini belirterek, ge\u00e7en y\u0131l 5 bin ki\u015fi \u00f6n\u00fcnde dans ettiklerini, bu y\u0131l ise B\u00fcy\u00fck Tiyatro atmosferinde bu say\u0131y\u0131 artt\u0131racaklar\u0131na inand\u0131klar\u0131n\u0131 kaydetti. (AA)<\/p>\n","protected":false},"excerpt":{"rendered":"<p>K\u00fclt\u00fcr ve Turizm Bakanl\u0131\u011f\u0131 taraf\u0131ndan d\u00fczenlenen 6. Uluslararas\u0131 Efes Opera ve Bale Festivali, \u00fcnl\u00fc Rus besteci \u00c7aykovski&#8217;nin &#8216;Uyuyan G\u00fczel&#8217; balesinin pr\u00f6miyeri ile ba\u015flayacak.<\/p>\n","protected":false},"author":1,"featured_media":103691,"comment_status":"closed","ping_status":"open","sticky":false,"template":"","format":"standard","meta":{"footnotes":""},"categories":[27],"tags":[7438,118,231],"class_list":["post-103690","post","type-post","status-publish","format-standard","has-post-thumbnail","hentry","category-kultur-sanat","tag-devlet-opera-ve-balesi","tag-eser","tag-festival"],"_links":{"self":[{"href":"https:\/\/haberulus.net\/index.php?rest_route=\/wp\/v2\/posts\/103690","targetHints":{"allow":["GET"]}}],"collection":[{"href":"https:\/\/haberulus.net\/index.php?rest_route=\/wp\/v2\/posts"}],"about":[{"href":"https:\/\/haberulus.net\/index.php?rest_route=\/wp\/v2\/types\/post"}],"author":[{"embeddable":true,"href":"https:\/\/haberulus.net\/index.php?rest_route=\/wp\/v2\/users\/1"}],"replies":[{"embeddable":true,"href":"https:\/\/haberulus.net\/index.php?rest_route=%2Fwp%2Fv2%2Fcomments&post=103690"}],"version-history":[{"count":1,"href":"https:\/\/haberulus.net\/index.php?rest_route=\/wp\/v2\/posts\/103690\/revisions"}],"predecessor-version":[{"id":103692,"href":"https:\/\/haberulus.net\/index.php?rest_route=\/wp\/v2\/posts\/103690\/revisions\/103692"}],"wp:featuredmedia":[{"embeddable":true,"href":"https:\/\/haberulus.net\/index.php?rest_route=\/wp\/v2\/media\/103691"}],"wp:attachment":[{"href":"https:\/\/haberulus.net\/index.php?rest_route=%2Fwp%2Fv2%2Fmedia&parent=103690"}],"wp:term":[{"taxonomy":"category","embeddable":true,"href":"https:\/\/haberulus.net\/index.php?rest_route=%2Fwp%2Fv2%2Fcategories&post=103690"},{"taxonomy":"post_tag","embeddable":true,"href":"https:\/\/haberulus.net\/index.php?rest_route=%2Fwp%2Fv2%2Ftags&post=103690"}],"curies":[{"name":"wp","href":"https:\/\/api.w.org\/{rel}","templated":true}]}}