{"id":103978,"date":"2023-06-23T18:05:03","date_gmt":"2023-06-23T18:05:03","guid":{"rendered":"https:\/\/haberulus.net\/?p=103978"},"modified":"2023-06-23T18:05:03","modified_gmt":"2023-06-23T18:05:03","slug":"turkiye-bankalar-birligi-mb-baskani-parasal-sikilastirma-surecine-baslanildigini-belirtti","status":"publish","type":"post","link":"https:\/\/haberulus.net\/?p=103978","title":{"rendered":"T\u00fcrkiye Bankalar Birli\u011fi: MB Ba\u015fkan\u0131 parasal s\u0131k\u0131la\u015ft\u0131rma s\u00fcrecine ba\u015flan\u0131ld\u0131\u011f\u0131n\u0131 belirtti"},"content":{"rendered":"<p>T\u00fcrkiye Bankalar Birli\u011fi (TBB), T\u00fcrkiye Cumhuriyet Merkez Bankas\u0131 (TCMB) Ba\u015fkan\u0131 Hafize Gaye Erkan&#8217;\u0131n TBB Y\u00f6netim Kurulu ile yapm\u0131\u015f oldu\u011fu toplant\u0131ya ili\u015fkin a\u00e7\u0131klamalarda bulundu. TBB\u2019nin a\u00e7\u0131klamas\u0131nda \u015fu ifadelere yer verildi:<\/p>\n<p>* \u201cT\u00fcrkiye Cumhuriyet Merkez Bankas\u0131 Ba\u015fkan\u0131 Dr. Hafize Gaye Erkan T\u00fcrkiye Bankalar Birli\u011fi Y\u00f6netim Kurulu ile bir araya gelmi\u015ftir. Toplant\u0131da, d\u00fcnyada ve \u00fclkemizdeki ekonomik geli\u015fmeler ile bankac\u0131l\u0131k sekt\u00f6r\u00fcndeki son durum ve gelece\u011fe ili\u015fkin beklentiler g\u00f6r\u00fc\u015f\u00fclm\u00fc\u015ft\u00fcr. Y\u00f6netim Kurulu taraf\u0131ndan bankac\u0131l\u0131k sekt\u00f6r\u00fcn\u00fcn g\u00fcndemindeki konular hakk\u0131nda g\u00f6r\u00fc\u015f ve \u00f6neriler Say\u0131n Ba\u015fkan\u0131m\u0131za sunulmu\u015ftur.<\/p>\n<p>* T\u00fcrkiye Bankalar Birli\u011fi Y\u00f6netim Kurulu Ba\u015fkan\u0131 Alpaslan \u00c7akar, toplant\u0131n\u0131n yap\u0131c\u0131 ve \u00e7ok yararl\u0131 ge\u00e7ti\u011fini belirtmi\u015ftir. Say\u0131n \u00c7akar, bankac\u0131l\u0131k sekt\u00f6r\u00fcn\u00fcn diren\u00e7li ve sa\u011fl\u0131kl\u0131 bir yap\u0131da oldu\u011funu, payda\u015flar\u0131na g\u00fcven verdi\u011fini, uluslararas\u0131 y\u00fcksek standartlarda hizmet g\u00f6rd\u00fc\u011f\u00fcn\u00fc, ekonomi politikalar\u0131n\u0131n ilgili t\u00fcm kesimlere do\u011fru \u015fekilde aktar\u0131lmas\u0131nda \u00f6nemli bir g\u00f6rev \u00fcstlendi\u011fini belirtmi\u015ftir.<\/p>\n<p><strong>\u201cPARASAL SIKILA\u015eTIRMA S\u00dcREC\u0130NE BA\u015eLANILDI\u201d<\/strong><\/p>\n<p>* D\u00fc\u015f\u00fck enflasyonun sa\u011flad\u0131\u011f\u0131 \u00f6ng\u00f6r\u00fclebilir faaliyet ortam\u0131n\u0131n ve uluslararas\u0131 kabul g\u00f6rm\u00fc\u015f d\u00fczenlemelerin bankac\u0131l\u0131k sekt\u00f6r\u00fcn\u00fcn TL cinsinden b\u00fcy\u00fcmesinde ve g\u00fc\u00e7lenmesinde \u00f6nemli bir rol oynad\u0131\u011f\u0131n\u0131 belirten Ba\u015fkan \u00c7akar, bu sayede b\u00fcy\u00fcmenin s\u00fcrd\u00fcr\u00fclmesi i\u00e7in elzem olan; istihdam sa\u011flayan ve cari i\u015flemler a\u00e7\u0131\u011f\u0131n\u0131 azaltan nitelikli yat\u0131r\u0131mlar\u0131n, katma de\u011feri y\u00fcksek olan \u00fcretimin, d\u00fcnya piyasalar\u0131nda rekabet\u00e7i ihracat\u0131n finansman\u0131na dolay\u0131s\u0131yla insan\u0131m\u0131z\u0131n refah\u0131n\u0131n artmas\u0131na daha fazla katk\u0131 vermeye devam edeceklerini vurgulam\u0131\u015ft\u0131r.<\/p>\n<p>* TCMB Ba\u015fkan\u0131 Say\u0131n Erkan, dezenflasyonun en k\u0131sa s\u00fcrede tesisi i\u00e7in parasal s\u0131k\u0131la\u015ft\u0131rma s\u00fcrecine ba\u015flan\u0131ld\u0131\u011f\u0131n\u0131 belirterek, enflasyon g\u00f6r\u00fcn\u00fcm\u00fcnde belirgin iyile\u015fme sa\u011flanana kadar t\u00fcm ekonomik akt\u00f6rlerin \u00fczerine d\u00fc\u015fen g\u00f6revleri yerine getirme konusunda kararl\u0131 bir duru\u015f sergileyeceklerinden emin oldu\u011funu ifade etmi\u015ftir.<\/p>\n<p><strong>\u201cSADELE\u015eT\u0130RME S\u00dcREC\u0130 KADEMEL\u0130 OLARAK GER\u00c7EKLE\u015eT\u0130R\u0130LECEK\u201d<\/strong><\/p>\n<p>* Say\u0131n Erkan, bankac\u0131l\u0131k sekt\u00f6r\u00fcn\u00fcn sa\u011flam bilan\u00e7o yap\u0131s\u0131n\u0131n \u00fclkemizde s\u00fcrd\u00fcr\u00fclebilir ekonomik b\u00fcy\u00fcmenin devam\u0131, istihdam\u0131n y\u00fckseltilmesi ve cari dengede kal\u0131c\u0131 iyile\u015fmeyi h\u0131zland\u0131racak stratejik yat\u0131r\u0131mlar\u0131n desteklenmesine katk\u0131 sa\u011flayacak d\u00fczeyde oldu\u011funa dikkat \u00e7ekmi\u015ftir.<\/p>\n<p>* Erkan, \u2018Makroihtiyati \u00e7er\u00e7evenin sadele\u015ftirilmesine ili\u015fkin olarak T\u00fcrkiye Bankalar Birli\u011fi&#8217;nin g\u00f6r\u00fc\u015f ve \u00f6nerilerini ald\u0131k. Sadele\u015ftirme s\u00fcreci etki analizleri yap\u0131larak kademeli olarak ger\u00e7ekle\u015ftirilecektir\u2019 \u015feklinde konu\u015ftu.<\/p>\n<p>* Say\u0131n Ba\u015fkan, ekonomide \u00f6ng\u00f6r\u00fclebilirli\u011fi artt\u0131rd\u0131\u011f\u0131m\u0131z \u00f6l\u00e7\u00fcde giri\u015fimcilerimizin do\u011fru kararlar alarak \u00e7ok daha verimli faaliyetler yapaca\u011f\u0131na inand\u0131klar\u0131n\u0131 ve sekt\u00f6r ile yak\u0131n bir i\u015fbirli\u011fi i\u00e7inde \u00e7al\u0131\u015fmaya devam edeceklerini s\u00f6yledi.\u201d<\/p>\n","protected":false},"excerpt":{"rendered":"<p>T\u00fcrkiye Bankalar Birli\u011fi&#8217;nden (TBB), Merkez Bankas\u0131 Ba\u015fkan\u0131 Hafize Gaye Erkan\u2019\u0131n birli\u011fe ziyaretine ili\u015fkin yap\u0131lan a\u00e7\u0131klamada &#8220;TCMB Ba\u015fkan\u0131 Say\u0131n Erkan, dezenflasyonun en k\u0131sa s\u00fcrede tesisi i\u00e7in parasal s\u0131k\u0131la\u015ft\u0131rma s\u00fcrecine ba\u015flan\u0131ld\u0131\u011f\u0131n\u0131 belirterek, enflasyon g\u00f6r\u00fcn\u00fcm\u00fcnde belirgin iyile\u015fme sa\u011flanana kadar t\u00fcm ekonomik akt\u00f6rlerin \u00fczerine d\u00fc\u015fen g\u00f6revleri yerine getirme konusunda kararl\u0131 bir duru\u015f sergileyeceklerinden emin oldu\u011funu ifade etmi\u015ftir&#8221; denildi.<\/p>\n","protected":false},"author":1,"featured_media":103979,"comment_status":"closed","ping_status":"open","sticky":false,"template":"","format":"standard","meta":{"footnotes":""},"categories":[25],"tags":[5369,516,4765,1837,15],"class_list":["post-103978","post","type-post","status-publish","format-standard","has-post-thumbnail","hentry","category-ekonomi","tag-bankacilik","tag-ekonomi","tag-erkan","tag-sektor","tag-turkiye"],"_links":{"self":[{"href":"https:\/\/haberulus.net\/index.php?rest_route=\/wp\/v2\/posts\/103978","targetHints":{"allow":["GET"]}}],"collection":[{"href":"https:\/\/haberulus.net\/index.php?rest_route=\/wp\/v2\/posts"}],"about":[{"href":"https:\/\/haberulus.net\/index.php?rest_route=\/wp\/v2\/types\/post"}],"author":[{"embeddable":true,"href":"https:\/\/haberulus.net\/index.php?rest_route=\/wp\/v2\/users\/1"}],"replies":[{"embeddable":true,"href":"https:\/\/haberulus.net\/index.php?rest_route=%2Fwp%2Fv2%2Fcomments&post=103978"}],"version-history":[{"count":1,"href":"https:\/\/haberulus.net\/index.php?rest_route=\/wp\/v2\/posts\/103978\/revisions"}],"predecessor-version":[{"id":103980,"href":"https:\/\/haberulus.net\/index.php?rest_route=\/wp\/v2\/posts\/103978\/revisions\/103980"}],"wp:featuredmedia":[{"embeddable":true,"href":"https:\/\/haberulus.net\/index.php?rest_route=\/wp\/v2\/media\/103979"}],"wp:attachment":[{"href":"https:\/\/haberulus.net\/index.php?rest_route=%2Fwp%2Fv2%2Fmedia&parent=103978"}],"wp:term":[{"taxonomy":"category","embeddable":true,"href":"https:\/\/haberulus.net\/index.php?rest_route=%2Fwp%2Fv2%2Fcategories&post=103978"},{"taxonomy":"post_tag","embeddable":true,"href":"https:\/\/haberulus.net\/index.php?rest_route=%2Fwp%2Fv2%2Ftags&post=103978"}],"curies":[{"name":"wp","href":"https:\/\/api.w.org\/{rel}","templated":true}]}}