{"id":103993,"date":"2023-06-23T18:35:18","date_gmt":"2023-06-23T18:35:18","guid":{"rendered":"https:\/\/haberulus.net\/?p=103993"},"modified":"2023-06-23T18:35:18","modified_gmt":"2023-06-23T18:35:18","slug":"sesini-bakan-olduktan-sonra-duydugumuz-hakan-fidan-bu-kez-ingilizcesi-ile-gundemde","status":"publish","type":"post","link":"https:\/\/haberulus.net\/?p=103993","title":{"rendered":"Sesini bakan olduktan sonra duydu\u011fumuz Hakan Fidan bu kez \u0130ngilizcesi ile g\u00fcndemde!"},"content":{"rendered":"<p>D\u0131\u015fi\u015fleri Bakan\u0131 Hakan Fidan, Ukrayna \u0130yile\u015ftirme Konferans\u0131&#8217;na kat\u0131lmak \u00fczere gitti\u011fi \u0130ngiltere&#8217;de mevkida\u015f\u0131 Blinken ile y\u00fcz y\u00fcze g\u00f6r\u00fc\u015fm\u00fc\u015ft\u00fc. Milyonlarca ki\u015finin devir teslim t\u00f6reninde sesini ilk kez duydu\u011fu Bakan Fidan&#8217;\u0131n \u0130ngiliz mevkida\u015f\u0131 ile g\u00f6r\u00fc\u015fmesinde \u0130ngilizceyi ak\u0131c\u0131 ve seri konu\u015fmas\u0131 sosyal medyada g\u00fcndem oldu. O anlar\u0131n yer ald\u0131\u011f\u0131 g\u00f6r\u00fcnt\u00fcler en \u00e7ok izlenen videolar aras\u0131na girdi. <\/p>\n","protected":false},"excerpt":{"rendered":"<p>Ge\u00e7ti\u011fimiz g\u00fcnlerde Cumhurba\u015fkan\u0131 Erdo\u011fan taraf\u0131ndan a\u00e7\u0131klanan yeni kabinede D\u0131\u015fi\u015fleri Bakanl\u0131\u011f\u0131 g\u00f6revine getirilen Hakan Fidan, bilinmeyenleriyle g\u00fcndem olmaya devam ediyor. Bakan olduktan sonra sesini ilk kez duydu\u011fumuz Fidan, bu kez ak\u0131c\u0131 \u0130ngilizcesi ile ad\u0131ndan s\u00f6z ettirdi.<\/p>\n","protected":false},"author":1,"featured_media":103994,"comment_status":"closed","ping_status":"open","sticky":false,"template":"","format":"standard","meta":{"footnotes":""},"categories":[28],"tags":[],"class_list":["post-103993","post","type-post","status-publish","format-standard","has-post-thumbnail","hentry","category-politika"],"_links":{"self":[{"href":"https:\/\/haberulus.net\/index.php?rest_route=\/wp\/v2\/posts\/103993","targetHints":{"allow":["GET"]}}],"collection":[{"href":"https:\/\/haberulus.net\/index.php?rest_route=\/wp\/v2\/posts"}],"about":[{"href":"https:\/\/haberulus.net\/index.php?rest_route=\/wp\/v2\/types\/post"}],"author":[{"embeddable":true,"href":"https:\/\/haberulus.net\/index.php?rest_route=\/wp\/v2\/users\/1"}],"replies":[{"embeddable":true,"href":"https:\/\/haberulus.net\/index.php?rest_route=%2Fwp%2Fv2%2Fcomments&post=103993"}],"version-history":[{"count":1,"href":"https:\/\/haberulus.net\/index.php?rest_route=\/wp\/v2\/posts\/103993\/revisions"}],"predecessor-version":[{"id":103995,"href":"https:\/\/haberulus.net\/index.php?rest_route=\/wp\/v2\/posts\/103993\/revisions\/103995"}],"wp:featuredmedia":[{"embeddable":true,"href":"https:\/\/haberulus.net\/index.php?rest_route=\/wp\/v2\/media\/103994"}],"wp:attachment":[{"href":"https:\/\/haberulus.net\/index.php?rest_route=%2Fwp%2Fv2%2Fmedia&parent=103993"}],"wp:term":[{"taxonomy":"category","embeddable":true,"href":"https:\/\/haberulus.net\/index.php?rest_route=%2Fwp%2Fv2%2Fcategories&post=103993"},{"taxonomy":"post_tag","embeddable":true,"href":"https:\/\/haberulus.net\/index.php?rest_route=%2Fwp%2Fv2%2Ftags&post=103993"}],"curies":[{"name":"wp","href":"https:\/\/api.w.org\/{rel}","templated":true}]}}