{"id":103996,"date":"2023-06-23T18:35:19","date_gmt":"2023-06-23T18:35:19","guid":{"rendered":"https:\/\/haberulus.net\/?p=103996"},"modified":"2023-06-23T18:35:19","modified_gmt":"2023-06-23T18:35:19","slug":"adanada-bosanma-asamasindaki-esini-tabancayla-agir-yaralayan-koca-intihar-etti","status":"publish","type":"post","link":"https:\/\/haberulus.net\/?p=103996","title":{"rendered":"Adana\u2019da bo\u015fanma a\u015famas\u0131ndaki e\u015fini tabancayla a\u011f\u0131r yaralayan koca, intihar etti"},"content":{"rendered":"<p>Adana merkez Seyhan il\u00e7esi Fevzipa\u015fa Mahallesi\u2019nde saat 18.30 s\u0131ralar\u0131nda silah sesleri duyuldu. Erhan Arslan, iddiaya g\u00f6re, bo\u015fanma a\u015famas\u0131nda oldu\u011fu e\u015fi Nuriye Arslan\u2019\u0131n kald\u0131\u011f\u0131 evin \u00f6n\u00fcne geldi.<\/p>\n<p>Evin \u00f6n\u00fcnde konu\u015fan ikili aras\u0131nda tart\u0131\u015fma \u00e7\u0131kt\u0131. Belindeki tabancay\u0131 \u00e7\u0131karan Erhan Arslan, e\u015fini ba\u015f\u0131ndan vurdu. Daha sonra kendi ba\u015f\u0131na dayad\u0131\u011f\u0131 ayn\u0131 silah\u0131 ate\u015fledi. \u00c7evredekilerin ihbar\u0131 \u00fczerine olay yerine sa\u011fl\u0131k ve polis ekipleri sevk edildi.<\/p>\n<p>Olay yerine gelen sa\u011fl\u0131k ekiplerince yap\u0131lan kontrolde\u00a0Erhan Arslan\u2019\u0131n ya\u015fam\u0131n\u0131 yitirdi\u011fi belirlendi. Durumu a\u011f\u0131r olan\u00a0Nuriye Arslan ise olay yerindeki ilk m\u00fcdahalesinin ard\u0131ndan Adana \u015eehir Hastanesi\u2019ne kald\u0131r\u0131ld\u0131.<\/p>\n<p>Erhan Arslan\u2019\u0131n cans\u0131z bedeni, polis ve\u00a0savc\u0131n\u0131n olay yerinde yapt\u0131\u011f\u0131 incelemenin ard\u0131ndan otopsi i\u00e7in Adana Adli T\u0131p Kurumu\u2019nun morguna kald\u0131r\u0131ld\u0131. Nuriye Arslan\u2019\u0131n ameliyata al\u0131nd\u0131\u011f\u0131, hayati tehlikesinin devam etti\u011fi \u00f6\u011frenildi.\u00a0Olayla ilgili ba\u015flat\u0131lan soru\u015fturma s\u00fcrd\u00fcr\u00fcl\u00fcyor.\u00a0(DHA)<\/p>\n","protected":false},"excerpt":{"rendered":"<p>Adana&#8217;da, bo\u015fanma a\u015famas\u0131ndaki e\u015fi Nuriye Arslan&#8217;\u0131 (30) sokak ortas\u0131nda tabancayla ba\u015f\u0131ndan vurarak a\u011f\u0131r yaralayan Erhan Arslan (25), ba\u015f\u0131na dayad\u0131\u011f\u0131 silah\u0131 ate\u015fleyerek intihar etti.<\/p>\n","protected":false},"author":1,"featured_media":103997,"comment_status":"closed","ping_status":"open","sticky":false,"template":"","format":"standard","meta":{"footnotes":""},"categories":[26],"tags":[1671,105],"class_list":["post-103996","post","type-post","status-publish","format-standard","has-post-thumbnail","hentry","category-gundem","tag-arslan","tag-olay"],"_links":{"self":[{"href":"https:\/\/haberulus.net\/index.php?rest_route=\/wp\/v2\/posts\/103996","targetHints":{"allow":["GET"]}}],"collection":[{"href":"https:\/\/haberulus.net\/index.php?rest_route=\/wp\/v2\/posts"}],"about":[{"href":"https:\/\/haberulus.net\/index.php?rest_route=\/wp\/v2\/types\/post"}],"author":[{"embeddable":true,"href":"https:\/\/haberulus.net\/index.php?rest_route=\/wp\/v2\/users\/1"}],"replies":[{"embeddable":true,"href":"https:\/\/haberulus.net\/index.php?rest_route=%2Fwp%2Fv2%2Fcomments&post=103996"}],"version-history":[{"count":1,"href":"https:\/\/haberulus.net\/index.php?rest_route=\/wp\/v2\/posts\/103996\/revisions"}],"predecessor-version":[{"id":103998,"href":"https:\/\/haberulus.net\/index.php?rest_route=\/wp\/v2\/posts\/103996\/revisions\/103998"}],"wp:featuredmedia":[{"embeddable":true,"href":"https:\/\/haberulus.net\/index.php?rest_route=\/wp\/v2\/media\/103997"}],"wp:attachment":[{"href":"https:\/\/haberulus.net\/index.php?rest_route=%2Fwp%2Fv2%2Fmedia&parent=103996"}],"wp:term":[{"taxonomy":"category","embeddable":true,"href":"https:\/\/haberulus.net\/index.php?rest_route=%2Fwp%2Fv2%2Fcategories&post=103996"},{"taxonomy":"post_tag","embeddable":true,"href":"https:\/\/haberulus.net\/index.php?rest_route=%2Fwp%2Fv2%2Ftags&post=103996"}],"curies":[{"name":"wp","href":"https:\/\/api.w.org\/{rel}","templated":true}]}}