{"id":104011,"date":"2023-06-23T19:49:03","date_gmt":"2023-06-23T19:49:03","guid":{"rendered":"https:\/\/haberulus.net\/?p=104011"},"modified":"2023-06-23T19:49:03","modified_gmt":"2023-06-23T19:49:03","slug":"ak-partinin-istanbul-adayi-kim-olacak-kulislerde-konusulan-isim-sayisi-3e-dustu","status":"publish","type":"post","link":"https:\/\/haberulus.net\/?p=104011","title":{"rendered":"AK Parti&#8217;nin \u0130stanbul aday\u0131 kim olacak? Kulislerde konu\u015fulan isim say\u0131s\u0131 3&#8217;e d\u00fc\u015ft\u00fc"},"content":{"rendered":"<p>14 May\u0131s&#8217;ta yap\u0131lan se\u00e7imlerin ard\u0131ndan g\u00f6z\u00fcn\u00fc 2024 yerel se\u00e7imlerine \u00e7eviren AK Parti&#8217;de herkes \u0130stanbul B\u00fcy\u00fck\u015fehir Belediye Ba\u015fkanl\u0131\u011f\u0131 i\u00e7in kimin aday g\u00f6sterilece\u011fini merak ediyor. Daha \u00f6nce adayl\u0131k i\u00e7in kulislerde 4 isim \u00f6n plana \u00e7\u0131karken  <strong>S\u00fcleyman Soylu<\/strong>&#8216;nun isminin Ankara i\u00e7in g\u00fcndeme gelmesiyle aday olarak konu\u015fulan isim say\u0131s\u0131 32e d\u00fc\u015ft\u00fc. <\/p>\n<p><b>&#8220;FETRET DEVR\u0130&#8217;NDEN \u00c7IKARTACA\u011eIZ&#8221; DEM\u0130\u015eT\u0130 <\/b><\/p>\n<p>Cumhurba\u015fkan\u0131 Erdo\u011fan her f\u0131rsatta &#8220;A\u015fk\u0131m, sevdam&#8221; olarak nitelendirdi\u011fi \u0130stanbul&#8217;a ayr\u0131 bir \u00f6nem veriyor. Ge\u00e7ti\u011fimiz g\u00fcnlerde kat\u0131ld\u0131\u011f\u0131 bir a\u00e7\u0131l\u0131\u015fta te\u015fkilata 2024 yerel se\u00e7imlerinde \u0130stanbul&#8217;un CHP&#8217;den mutlaka geri al\u0131nmas\u0131 talimat\u0131n\u0131 veren Erdo\u011fan, &#8220;\u0130stanbul&#8217;un birka\u00e7 senedir yerel hizmetler noktas\u0131nda tekrar bir Fetret Devri&#8217;ne girdi\u011fine \u00fcz\u00fclerek \u015fahit oluyoruz. \u00d6n\u00fcm\u00fczdeki 9 ay s\u00fcresince hep birlikte \u00e7al\u0131\u015farak in\u015fallah \u0130stanbul&#8217;u i\u00e7inde s\u00fcr\u00fcklendi\u011fi bu Fetret Devri&#8217;nden hep beraber \u00e7\u0131kartaca\u011f\u0131z&#8221; ifadelerini kullanm\u0131\u015ft\u0131. <\/p>\n<p><b>\u0130SM\u0130 GE\u00c7EN ADAY SAYISI 3&#8217;E D\u00dc\u015eT\u00dc <\/b><\/p>\n<p>Hal b\u00f6yleyken \u0130stanbul i\u00e7in kimin aday g\u00f6sterilece\u011fi de ayr\u0131 bir \u00f6nem ta\u015f\u0131yor. Daha \u00f6nce kulislerde Murat Kurum, Tevfik G\u00f6ksu, S\u00fcleyman Soylu ve \u015eadi Yaz\u0131c\u0131 isimleri \u00f6n plana \u00e7\u0131km\u0131\u015ft\u0131. Ancak Soylu&#8217;nun isminin son d\u00f6nemlerde Ankara i\u00e7in dillendirilmeye ba\u015flamas\u0131ndan sonra \u0130stanbul i\u00e7in konu\u015fulan aday say\u0131s\u0131 da 3&#8217;e d\u00fc\u015ft\u00fc. <\/p>\n<p><b>TEVF\u0130K G\u00d6KSU RENK VERM\u0130\u015eT\u0130 <\/b><\/p>\n<p>\u0130BB AK Parti Grup Ba\u015fkanvekili ve Esenler Belediye Ba\u015fkan\u0131 Tevfik G\u00f6ksu&#8217;nun &#8220;AK Parti y\u00f6neticilerine \u0130BB i\u00e7in adayl\u0131k istedi\u011fini iletti\u011fi&#8221; ileri s\u00fcr\u00fcld\u00fc. Ancak \u00f6zellikle \u0130BB meclisindeki muhalefet tarz\u0131yla ad\u0131ndan s\u00f6z ettiren G\u00f6ksu&#8217;nun \u00f6zellikle se\u00e7menin belli bir kesiminde antipati uyand\u0131rd\u0131\u011f\u0131n\u0131 savunanlar\u0131n da oldu\u011fu gelen bilgiler aras\u0131nda&#8230; G\u00f6ksu&#8217;nun adayl\u0131\u011f\u0131na kar\u015f\u0131 \u00e7\u0131kan bu kesimin \u00f6zellikle gen\u00e7lerle ileti\u015fimi daha kuvvetli olacak bir ismin aday g\u00f6sterilmesini istedikleri konu\u015fuluyor.<\/p>\n<p><b>&#8220;SE\u00c7MEN\u0130N BEKLENT\u0130LER\u0130 TEK TEK SORULACAK&#8221;<\/b><\/p>\n<p>\u00d6te yandan b\u00fcy\u00fck\u015fehirler i\u00e7in partililerini harekete ge\u00e7iren Cumhurba\u015fkan\u0131 Erdo\u011fan, &#8220;Herkes b\u00fcy\u00fck\u015fehirler i\u00e7in \u00e7al\u0131\u015facak. Muhalif se\u00e7menlerin de kap\u0131s\u0131 \u00e7al\u0131nacak, se\u00e7menin beklentileri tek tek sorulacak. Yerel se\u00e7imlerde kimse i\u015fi \u015fansa b\u0131rakmayacak&#8221; talimat\u0131 verdi.<\/p>\n","protected":false},"excerpt":{"rendered":"<p>2024 y\u0131l\u0131nda yap\u0131lacak yerel se\u00e7imler i\u00e7in geri say\u0131m devam ederken AK Parti&#8217;nin \u0130stanbul B\u00fcy\u00fck\u015fehir Belediye Ba\u015fkanl\u0131\u011f\u0131 i\u00e7in kimi aday g\u00f6sterece\u011fi herkes taraf\u0131ndan merak ediliyor. Daha \u00f6nce kulislerde Murat Kurum, Tevfik G\u00f6ksu, S\u00fcleyman Soylu ve \u015eadi Yaz\u0131c\u0131 isimleri \u00f6n plana \u00e7\u0131km\u0131\u015ft\u0131. Ancak Soylu&#8217;nun ad\u0131n\u0131n son d\u00f6nemlerde Ankara i\u00e7in dillendirilmesinden sonra AK Parti&#8217;de \u0130BB adayl\u0131\u011f\u0131 i\u00e7in vitrinde 3 isim kald\u0131.<\/p>\n","protected":false},"author":1,"featured_media":104012,"comment_status":"closed","ping_status":"open","sticky":false,"template":"","format":"standard","meta":{"footnotes":""},"categories":[28],"tags":[271,1516,96,586],"class_list":["post-104011","post","type-post","status-publish","format-standard","has-post-thumbnail","hentry","category-politika","tag-aday","tag-goksu","tag-istanbul","tag-tek"],"_links":{"self":[{"href":"https:\/\/haberulus.net\/index.php?rest_route=\/wp\/v2\/posts\/104011","targetHints":{"allow":["GET"]}}],"collection":[{"href":"https:\/\/haberulus.net\/index.php?rest_route=\/wp\/v2\/posts"}],"about":[{"href":"https:\/\/haberulus.net\/index.php?rest_route=\/wp\/v2\/types\/post"}],"author":[{"embeddable":true,"href":"https:\/\/haberulus.net\/index.php?rest_route=\/wp\/v2\/users\/1"}],"replies":[{"embeddable":true,"href":"https:\/\/haberulus.net\/index.php?rest_route=%2Fwp%2Fv2%2Fcomments&post=104011"}],"version-history":[{"count":1,"href":"https:\/\/haberulus.net\/index.php?rest_route=\/wp\/v2\/posts\/104011\/revisions"}],"predecessor-version":[{"id":104013,"href":"https:\/\/haberulus.net\/index.php?rest_route=\/wp\/v2\/posts\/104011\/revisions\/104013"}],"wp:featuredmedia":[{"embeddable":true,"href":"https:\/\/haberulus.net\/index.php?rest_route=\/wp\/v2\/media\/104012"}],"wp:attachment":[{"href":"https:\/\/haberulus.net\/index.php?rest_route=%2Fwp%2Fv2%2Fmedia&parent=104011"}],"wp:term":[{"taxonomy":"category","embeddable":true,"href":"https:\/\/haberulus.net\/index.php?rest_route=%2Fwp%2Fv2%2Fcategories&post=104011"},{"taxonomy":"post_tag","embeddable":true,"href":"https:\/\/haberulus.net\/index.php?rest_route=%2Fwp%2Fv2%2Ftags&post=104011"}],"curies":[{"name":"wp","href":"https:\/\/api.w.org\/{rel}","templated":true}]}}