{"id":104014,"date":"2023-06-23T19:49:04","date_gmt":"2023-06-23T19:49:04","guid":{"rendered":"https:\/\/haberulus.net\/?p=104014"},"modified":"2023-06-23T19:49:04","modified_gmt":"2023-06-23T19:49:04","slug":"mansur-yavas-aksenere-kazik-atti-demisti-iyi-partiden-tanju-ozcanin-bomba-iddiasina-yalanlama","status":"publish","type":"post","link":"https:\/\/haberulus.net\/?p=104014","title":{"rendered":"&#8220;Mansur Yava\u015f, Ak\u015fener&#8217;e kaz\u0131k att\u0131&#8221; demi\u015fti! \u0130Y\u0130 Parti&#8217;den Tanju \u00d6zcan&#8217;\u0131n bomba iddias\u0131na yalanlama"},"content":{"rendered":"<p>CHP&#8217;den kesin ihra\u00e7 istemiyle disipline sevk edilen Bolu Belediye Ba\u015fkan\u0131  <strong>Tanju \u00d6zcan<\/strong>, d\u00fcn kat\u0131ld\u0131\u011f\u0131 canl\u0131 yay\u0131nda \u0130Y\u0130 lideri  <strong>Meral Ak\u015fener<\/strong>&#8216;in  <strong>se\u00e7im<\/strong> \u00f6ncesi 6&#8217;l\u0131 Masa&#8217;dan kalk\u0131p tekrar oturmas\u0131yla ilgili \u00e7ok konu\u015fulacak bir iddia ortaya atm\u0131\u015ft\u0131. \u00d6zcan, &#8220;Meral han\u0131m\u0131n orada yedi\u011fi siyasi bir kaz\u0131k var. Ben biliyorum bunu. Meral han\u0131m Mansur beyin oyununa geldi. Yava\u015f \u00f6nce adayl\u0131k teklifini kabul etti, sonra vazge\u00e7ti&#8221; ifadelerini kulland\u0131. Konu hakk\u0131nda sosyal medyadan bir a\u00e7\u0131klama yapan \u0130Y\u0130 Parti S\u00f6zc\u00fcs\u00fc K\u00fcr\u015fad Zorlu, \u00d6zcan&#8217;\u0131n iddias\u0131n\u0131 yalanlad\u0131. <\/p>\n<p><strong>\u00d6zcan konu hakk\u0131nda \u015funlar\u0131 s\u00f6yledi: <\/strong> <\/p>\n<p>&#8220;D\u00fcn kamuoyuna yans\u0131d\u0131\u011f\u0131 \u00fczere Bolu Belediye Ba\u015fkan\u0131 Say\u0131n Tanju \u00d6zcan kat\u0131ld\u0131\u011f\u0131 bir TV yay\u0131n\u0131nda Genel Ba\u015fkan\u0131m\u0131z Say\u0131n Meral Ak\u015fener ve Ankara B\u00fcy\u00fck\u015fehir Belediye Ba\u015fkan\u0131 Say\u0131n Mansur Yava\u015f&#8217;a y\u00f6nelik ger\u00e7ek d\u0131\u015f\u0131 iddia ve a\u00e7\u0131klamalarda bulunmu\u015ftur. Say\u0131n \u00d6zcan&#8217;\u0131n burada tekrarlamaya l\u00fczum g\u00f6rmedi\u011fimiz s\u00f6z konusu iddialar\u0131 tamamen yaland\u0131r.<\/p>\n<p><b>&#8220;ADAYLIK \u00c7A\u011eRISI VE YARDIMCILIK TEKL\u0130F\u0130 DI\u015eINDAK\u0130 T\u00dcM \u0130DD\u0130ALAR ASILSIZ&#8221;<\/b><\/p>\n<p>\u00d6nemle vurgulamak isteriz ki, Cumhurba\u015fkan\u0131 adayl\u0131\u011f\u0131 konusunda en ba\u015f\u0131ndan bu yana Genel Ba\u015fkan\u0131m\u0131z say\u0131n Meral Ak\u015fener&#8217;in tutum ve de\u011ferlendirmeleri milletinin sesi olabilmek ad\u0131na ve yine milletimizin huzurunda tam bir \u015feffafl\u0131k i\u00e7erisinde ortaya konulmu\u015ftur.<\/p>\n<p>Bu ama\u00e7la say\u0131n Genel Ba\u015fkan\u0131m\u0131z taraf\u0131ndan gerek Ankara B\u00fcy\u00fck\u015fehir Belediye Ba\u015fkan\u0131 say\u0131n Mansur Yava\u015f&#8217;a gerekse \u0130stanbul B\u00fcy\u00fck\u015fehir Belediye Ba\u015fkan\u0131 Say\u0131n Ekrem \u0130mamo\u011flu&#8217;na 3 Mart 2023&#8217;te yapt\u0131\u011f\u0131 Cumhurba\u015fkan\u0131 adayl\u0131\u011f\u0131 y\u00f6n\u00fcndeki tarihi \u00e7a\u011fr\u0131s\u0131 ve sonras\u0131nda 6 Mart 2023&#8217;te etkili\/yetkili Cumhurba\u015fkan\u0131 Yard\u0131mc\u0131s\u0131 olmalar\u0131 y\u00f6n\u00fcndeki teklifleri d\u0131\u015f\u0131nda ileri s\u00fcr\u00fclen t\u00fcm iddialar as\u0131ls\u0131zd\u0131r. Aziz milletimize sayg\u0131lar\u0131m\u0131zla!&#8221; <\/p>\n<p><img decoding=\"async\" src=\"https:\/\/i.hbrcdn.com\/haber\/2023\/06\/23\/mansur-yavas-aksener-e-kazik-atti-demisti-iyi-16061067_4952_m.jpg\" alt=\"\" title=\"\"><\/p>\n<p><b>TANJU \u00d6ZCAN NE DEM\u0130\u015eT\u0130?<\/b><\/p>\n<p>Bolu Belediye Ba\u015fkan\u0131 Tanju \u00d6zcan, d\u00fcn ak\u015fam kat\u0131ld\u0131\u011f\u0131 Tv100 canl\u0131 yay\u0131nda &#8220;Meral han\u0131m\u0131n orada yedi\u011fi siyasi bir kaz\u0131k var. Ben biliyorum bunu. Meral han\u0131m Mansur beyin oyununa geldi. Meral han\u0131m gibi tecr\u00fcbeli bir siyaset\u00e7i sizce birileriyle g\u00f6r\u00fc\u015fmeden kalkar m\u0131 masadan? Mansur Yava\u015f, \u00f6nce adayl\u0131k teklifini kabul etti. Meral Ak\u015fener de \u00e7\u0131kt\u0131 &#8216;Masadan kalk\u0131yorum kendim y\u00fcr\u00fcyece\u011fim&#8217; dedi. Olay\u0131n \u00f6z\u00fc bu. Sonra en ge\u00e7 saatte yan\u0131nday\u0131z tweetini atan say\u0131n Mansur Yava\u015ft\u0131. Ben hayat\u0131m boyunca do\u011frular\u0131 konu\u015ftu\u011fum i\u00e7in k\u0131sa vadede ba\u015f\u0131m derde giriyor, uzun vadede kazan\u0131yorum&#8221; demi\u015fti. <\/p>\n","protected":false},"excerpt":{"rendered":"<p>Bolu Belediye Ba\u015fkan\u0131 Tanju \u00d6zcan&#8217;\u0131n d\u00fcn ak\u015fam kat\u0131ld\u0131\u011f\u0131 canl\u0131 yay\u0131nda Meral Ak\u015fener&#8217;in se\u00e7im \u00f6ncesi 6&#8217;l\u0131 Masa&#8217;dan kalkmas\u0131yla ilgili ortaya att\u0131\u011f\u0131 iddiaya yan\u0131t geldi. \u0130Y\u0130 Parti S\u00f6zc\u00fcs\u00fc K\u00fcr\u015fad Zorlu, \u00d6zcan&#8217;\u0131n &#8220;Meral han\u0131m\u0131n orada yedi\u011fi siyasi bir kaz\u0131k var. Meral han\u0131m Mansur beyin oyununa geldi. Yava\u015f \u00f6nce adayl\u0131k teklifini kabul etti, sonra vazge\u00e7ti&#8221; s\u00f6zlerini yalanlayarak b\u00f6yle bir teklif olmad\u0131\u011f\u0131n\u0131 s\u00f6yledi.<\/p>\n","protected":false},"author":1,"featured_media":104015,"comment_status":"closed","ping_status":"open","sticky":false,"template":"","format":"standard","meta":{"footnotes":""},"categories":[28],"tags":[2537,123,5092,900,3483],"class_list":["post-104014","post","type-post","status-publish","format-standard","has-post-thumbnail","hentry","category-politika","tag-belediye-baskani","tag-iddia","tag-mansur","tag-ozcan","tag-yavas"],"_links":{"self":[{"href":"https:\/\/haberulus.net\/index.php?rest_route=\/wp\/v2\/posts\/104014","targetHints":{"allow":["GET"]}}],"collection":[{"href":"https:\/\/haberulus.net\/index.php?rest_route=\/wp\/v2\/posts"}],"about":[{"href":"https:\/\/haberulus.net\/index.php?rest_route=\/wp\/v2\/types\/post"}],"author":[{"embeddable":true,"href":"https:\/\/haberulus.net\/index.php?rest_route=\/wp\/v2\/users\/1"}],"replies":[{"embeddable":true,"href":"https:\/\/haberulus.net\/index.php?rest_route=%2Fwp%2Fv2%2Fcomments&post=104014"}],"version-history":[{"count":1,"href":"https:\/\/haberulus.net\/index.php?rest_route=\/wp\/v2\/posts\/104014\/revisions"}],"predecessor-version":[{"id":104016,"href":"https:\/\/haberulus.net\/index.php?rest_route=\/wp\/v2\/posts\/104014\/revisions\/104016"}],"wp:featuredmedia":[{"embeddable":true,"href":"https:\/\/haberulus.net\/index.php?rest_route=\/wp\/v2\/media\/104015"}],"wp:attachment":[{"href":"https:\/\/haberulus.net\/index.php?rest_route=%2Fwp%2Fv2%2Fmedia&parent=104014"}],"wp:term":[{"taxonomy":"category","embeddable":true,"href":"https:\/\/haberulus.net\/index.php?rest_route=%2Fwp%2Fv2%2Fcategories&post=104014"},{"taxonomy":"post_tag","embeddable":true,"href":"https:\/\/haberulus.net\/index.php?rest_route=%2Fwp%2Fv2%2Ftags&post=104014"}],"curies":[{"name":"wp","href":"https:\/\/api.w.org\/{rel}","templated":true}]}}