{"id":104020,"date":"2023-06-23T20:19:27","date_gmt":"2023-06-23T20:19:27","guid":{"rendered":"https:\/\/haberulus.net\/?p=104020"},"modified":"2023-06-23T20:19:27","modified_gmt":"2023-06-23T20:19:27","slug":"imamoglundan-siyasetten-yilip-keske-bu-islere-girmeseydim-diyor-musunuz-sorusuna-yanit-yilmadim-yildirdim","status":"publish","type":"post","link":"https:\/\/haberulus.net\/?p=104020","title":{"rendered":"\u0130mamo\u011flu&#8217;ndan &#8220;Siyasetten y\u0131l\u0131p ke\u015fke bu i\u015flere girmeseydim diyor musunuz?&#8221; sorusuna yan\u0131t: Y\u0131lmad\u0131m, y\u0131ld\u0131rd\u0131m"},"content":{"rendered":"<p>28 May\u0131s&#8217;ta ger\u00e7ekle\u015ftirilen 2. tur se\u00e7imlerinden ma\u011flubiyetle ayr\u0131lan CHP lideri Kemal K\u0131l\u0131\u00e7daro\u011flu&#8217;nun koltu\u011fu sallant\u0131da. Parti i\u00e7inden baz\u0131 isimler K\u0131l\u0131\u00e7daro\u011flu&#8217;nu istifaya \u00e7a\u011f\u0131r\u0131rken, genel ba\u015fkanl\u0131k i\u00e7in ad\u0131 ge\u00e7en isimlerin ba\u015f\u0131nda \u0130BB Ba\u015fkan\u0131 Erkem \u0130mamo\u011flu geliyor. S\u0131k s\u0131k de\u011fi\u015fim mesaj\u0131 veren \u0130mamo\u011flu&#8217;nun kat\u0131ld\u0131\u011f\u0131 yay\u0131nda kendisine y\u00f6neltilen &#8220;Siyasete girdi\u011finize pi\u015fman m\u0131s\u0131n\u0131z?&#8221; sorusuna verdi\u011fini yan\u0131t K\u0131l\u0131\u00e7daro\u011flu&#8217;na g\u00f6nderme olarak yorumland\u0131.<\/p>\n<p><b>&#8220;YILMADIM, GENELL\u0130KLE YILDIRDIM&#8221; <\/b><\/p>\n<p>Programda \u0130mamo\u011flu&#8217;na &#8220;Siyasetten y\u0131l\u0131p ke\u015fke hi\u00e7 bu i\u015flere hi\u00e7 girmeseydim dedi\u011finiz bir an oldu mu?&#8221; diye soruldu. \u0130mamo\u011flu bu soruya &#8220;Y\u0131lmad\u0131m. Genellikle y\u0131ld\u0131rd\u0131m&#8221; diyerek yan\u0131t verdi. <\/p>\n<p><b>KILI\u00c7DARO\u011eLU&#8217;NA G\u00d6NDERME OLARAK YORUMLANDI<\/b><\/p>\n<p>CHP&#8217;de genel ba\u015fkanl\u0131k tart\u0131\u015fmalar\u0131 ya\u015fan\u0131rken \u0130mamo\u011flu&#8217;nun \u00e7\u0131k\u0131\u015f\u0131 dikkat \u00e7ekti. \u0130BB Ba\u015fkan\u0131 \u0130mamo\u011flu&#8217;nun bu s\u00f6zleri, t\u00fcm \u00e7a\u011fr\u0131lara ra\u011fmen koltu\u011fu b\u0131rakmayan K\u0131l\u0131\u00e7daro\u011flu&#8217;na g\u00f6nderme olarak yorumland\u0131. <\/p>\n<p><b>PROGRAMDA RENKL\u0130 ANLAR<\/b><\/p>\n<p>\u00d6te yandan programda renkli anlar da ya\u015fand\u0131. Kendisine sorulan &#8220;Beyonce mi Rihanna m\u0131?&#8221; sorusunu yan\u0131tland\u0131ramayan \u0130mamo\u011flu, E\u015fi Dilek \u0130mamo\u011flu&#8217;na d\u00f6nerek, &#8220;Dilek sence hangisi?&#8221; diye sordu. Dilek \u0130mamo\u011flu&#8217;nun da cevap vermemesi \u00fczerine Ekrem \u0130mamo\u011flu, &#8220;Eyvah tribi yedik&#8221; diye espri yap\u0131nca salon kahkahalara bo\u011fuldu.<\/p>\n","protected":false},"excerpt":{"rendered":"<p>Se\u00e7imin ard\u0131ndan s\u0131k s\u0131k &#8220;De\u011fi\u015fim&#8221; \u00e7a\u011fr\u0131s\u0131 yaparak K\u0131l\u0131\u00e7daro\u011flu&#8217;nu istifaya \u00e7a\u011f\u0131ran \u0130BB Ba\u015fkan\u0131 Ekrem \u0130mamo\u011flu, kat\u0131ld\u0131\u011f\u0131 programda &#8220;Siyasetten y\u0131l\u0131p ke\u015fke hi\u00e7 bu i\u015flere girmeseydim dedi\u011finiz bir an oldu mu?&#8221; sorusuna yan\u0131t verdi. &#8220;Y\u0131lmad\u0131m. Genellikle y\u0131ld\u0131rd\u0131m&#8221; diyen \u0130mamo\u011flu&#8217;nun bu s\u00f6zleri K\u0131l\u0131\u00e7daro\u011flu&#8217;na g\u00f6nderme olarak yorumland\u0131.<\/p>\n","protected":false},"author":1,"featured_media":104021,"comment_status":"closed","ping_status":"open","sticky":false,"template":"","format":"standard","meta":{"footnotes":""},"categories":[28],"tags":[97],"class_list":["post-104020","post","type-post","status-publish","format-standard","has-post-thumbnail","hentry","category-politika","tag-imamoglu"],"_links":{"self":[{"href":"https:\/\/haberulus.net\/index.php?rest_route=\/wp\/v2\/posts\/104020","targetHints":{"allow":["GET"]}}],"collection":[{"href":"https:\/\/haberulus.net\/index.php?rest_route=\/wp\/v2\/posts"}],"about":[{"href":"https:\/\/haberulus.net\/index.php?rest_route=\/wp\/v2\/types\/post"}],"author":[{"embeddable":true,"href":"https:\/\/haberulus.net\/index.php?rest_route=\/wp\/v2\/users\/1"}],"replies":[{"embeddable":true,"href":"https:\/\/haberulus.net\/index.php?rest_route=%2Fwp%2Fv2%2Fcomments&post=104020"}],"version-history":[{"count":1,"href":"https:\/\/haberulus.net\/index.php?rest_route=\/wp\/v2\/posts\/104020\/revisions"}],"predecessor-version":[{"id":104022,"href":"https:\/\/haberulus.net\/index.php?rest_route=\/wp\/v2\/posts\/104020\/revisions\/104022"}],"wp:featuredmedia":[{"embeddable":true,"href":"https:\/\/haberulus.net\/index.php?rest_route=\/wp\/v2\/media\/104021"}],"wp:attachment":[{"href":"https:\/\/haberulus.net\/index.php?rest_route=%2Fwp%2Fv2%2Fmedia&parent=104020"}],"wp:term":[{"taxonomy":"category","embeddable":true,"href":"https:\/\/haberulus.net\/index.php?rest_route=%2Fwp%2Fv2%2Fcategories&post=104020"},{"taxonomy":"post_tag","embeddable":true,"href":"https:\/\/haberulus.net\/index.php?rest_route=%2Fwp%2Fv2%2Ftags&post=104020"}],"curies":[{"name":"wp","href":"https:\/\/api.w.org\/{rel}","templated":true}]}}