{"id":104035,"date":"2023-06-23T21:05:23","date_gmt":"2023-06-23T21:05:23","guid":{"rendered":"https:\/\/haberulus.net\/?p=104035"},"modified":"2023-06-23T21:05:23","modified_gmt":"2023-06-23T21:05:23","slug":"hakan-fidan-ve-ibrahim-kalin-birlikte-bogaz-turuna-cikti","status":"publish","type":"post","link":"https:\/\/haberulus.net\/?p=104035","title":{"rendered":"Hakan Fidan ve \u0130brahim Kal\u0131n birlikte Bo\u011faz turuna \u00e7\u0131kt\u0131"},"content":{"rendered":"<p>D\u0131\u015fi\u015fleri Bakan\u0131 Hakan Fidan ve Milli \u0130stihbarat Te\u015fkilat\u0131 Ba\u015fkan\u0131 \u0130brahim Kal\u0131n, yo\u011fun siyasi \u00e7al\u0131\u015fmalar\u0131na k\u0131sa bir ara vererek \u0130stanbul&#8217;da bir y\u00fcr\u00fcy\u00fc\u015f yapt\u0131.<\/p>\n<p><b>G\u00d6RENLER B\u00dcY\u00dcK \u015eA\u015eKINLIK YA\u015eADI <\/b><\/p>\n<p>Fidan ve Kal\u0131n, Galataport sahil band\u0131nda kalabal\u0131k bir heyetle birlikte y\u00fcr\u00fcrlerken g\u00f6r\u00fcnt\u00fclendi. Yabanc\u0131 misafirlerin bulundu\u011fu bir heyetinde e\u015flik etti\u011fi ikiliyi Bo\u011faz turunda g\u00f6renler b\u00fcy\u00fck \u015fa\u015fk\u0131nl\u0131k ya\u015fad\u0131. <\/p>\n<p><b>FOTO\u011eRAF \u00c7EK\u0130LMEK \u0130STEYENLER\u0130 GER\u0130 \u00c7EV\u0130RD\u0130LER<\/b><\/p>\n<p>\u00dcst d\u00fczey g\u00fcvenlik \u00f6nlemlerinin al\u0131nd\u0131\u011f\u0131 y\u00fcr\u00fcy\u00fc\u015f esnas\u0131nda ikili foto\u011fraf \u00e7ekilmek isteyenleri kibarca geri \u00e7evirdi. <\/p>\n","protected":false},"excerpt":{"rendered":"<p>Yo\u011fun g\u00fcndemlerine k\u0131sa bir mola veren D\u0131\u015fi\u015fleri Bakan\u0131 Hakan Fidan ve M\u0130T Ba\u015fkan\u0131 \u0130brahim Kal\u0131n, Bo\u011faz&#8217;da y\u00fcr\u00fcy\u00fc\u015f yaparken g\u00f6r\u00fcnt\u00fclendi. \u0130kiliyi y\u00fcr\u00fcy\u00fc\u015f yaparken g\u00f6ren vatanda\u015flar \u015fa\u015fk\u0131nl\u0131klar\u0131n\u0131 gizleyemedi.<\/p>\n","protected":false},"author":1,"featured_media":104036,"comment_status":"closed","ping_status":"open","sticky":false,"template":"","format":"standard","meta":{"footnotes":""},"categories":[28],"tags":[],"class_list":["post-104035","post","type-post","status-publish","format-standard","has-post-thumbnail","hentry","category-politika"],"_links":{"self":[{"href":"https:\/\/haberulus.net\/index.php?rest_route=\/wp\/v2\/posts\/104035","targetHints":{"allow":["GET"]}}],"collection":[{"href":"https:\/\/haberulus.net\/index.php?rest_route=\/wp\/v2\/posts"}],"about":[{"href":"https:\/\/haberulus.net\/index.php?rest_route=\/wp\/v2\/types\/post"}],"author":[{"embeddable":true,"href":"https:\/\/haberulus.net\/index.php?rest_route=\/wp\/v2\/users\/1"}],"replies":[{"embeddable":true,"href":"https:\/\/haberulus.net\/index.php?rest_route=%2Fwp%2Fv2%2Fcomments&post=104035"}],"version-history":[{"count":1,"href":"https:\/\/haberulus.net\/index.php?rest_route=\/wp\/v2\/posts\/104035\/revisions"}],"predecessor-version":[{"id":104037,"href":"https:\/\/haberulus.net\/index.php?rest_route=\/wp\/v2\/posts\/104035\/revisions\/104037"}],"wp:featuredmedia":[{"embeddable":true,"href":"https:\/\/haberulus.net\/index.php?rest_route=\/wp\/v2\/media\/104036"}],"wp:attachment":[{"href":"https:\/\/haberulus.net\/index.php?rest_route=%2Fwp%2Fv2%2Fmedia&parent=104035"}],"wp:term":[{"taxonomy":"category","embeddable":true,"href":"https:\/\/haberulus.net\/index.php?rest_route=%2Fwp%2Fv2%2Fcategories&post=104035"},{"taxonomy":"post_tag","embeddable":true,"href":"https:\/\/haberulus.net\/index.php?rest_route=%2Fwp%2Fv2%2Ftags&post=104035"}],"curies":[{"name":"wp","href":"https:\/\/api.w.org\/{rel}","templated":true}]}}