{"id":104041,"date":"2023-06-23T22:05:03","date_gmt":"2023-06-23T22:05:03","guid":{"rendered":"https:\/\/haberulus.net\/?p=104041"},"modified":"2023-06-23T22:05:03","modified_gmt":"2023-06-23T22:05:03","slug":"imamoglu-yilmadim-yildirdim","status":"publish","type":"post","link":"https:\/\/haberulus.net\/?p=104041","title":{"rendered":"\u0130mamo\u011flu: Y\u0131lmad\u0131m, y\u0131ld\u0131rd\u0131m"},"content":{"rendered":"<p>\u0130ptal edilen \u0130stanbul se\u00e7imlerinin tekrarland\u0131\u011f\u0131 23 Haziran 2019&#8217;un 4\u2019\u00fcnc\u00fc y\u0131l\u0131nda \u0130BB Ba\u015fkan\u0131 Ekrem \u0130mamo\u011flu&#8217;nun kat\u0131l\u0131m\u0131yla Harbiye Cemil Topuzlu A\u00e7\u0131khava Tiyatrosu&#8217;nda \u201923 Haziran Demokrasi \u015eenli\u011fi\u2019 d\u00fczenlendi. \u015e\u00f6lene CHP Grup Ba\u015fkan\u0131 \u00d6zg\u00fcr \u00d6zel, CHP Grup Ba\u015fkanvekilleri G\u00f6khan G\u00fcnayd\u0131n ve Ali Mahir Ba\u015far\u0131r, eski SHP Genel Ba\u015fkan\u0131 Murat Karayal\u00e7\u0131n, K\u0131rklareli Belediye Ba\u015fkan\u0131 Mehmet Siyam Kesimo\u011flu, CHP \u0130stanbul \u0130l Ba\u015fkan\u0131 Canan Kaftanc\u0131o\u011flu, CHP milletvekilleri ve il\u00e7e belediye ba\u015fkanlar\u0131, eski \u0130BB Ba\u015fkan\u0131 Nurettin S\u00f6zen ve \u0130mamo\u011flu&#8217;nun e\u015fi Dilek \u0130mamo\u011flu da kat\u0131ld\u0131. \u015e\u00f6lende \u0130BB Ba\u015fkan\u0131 \u0130mamo\u011flu, oyuncu \u0130brahim Selim&#8217;in sorular\u0131n\u0131 yan\u0131tlad\u0131. \u0130mamo\u011flu, \u00e7ocukluk ve gen\u00e7lik y\u0131llar\u0131n\u0131, g\u00fcnl\u00fck ya\u015faman\u0131 anlatt\u0131\u011f\u0131 etkinlikte baz\u0131 sorulara da dikkat \u00e7eken yan\u0131tlar verdi.<\/p>\n<p><strong>\u201cYILMADIM, YILDIRDIM\u201d<\/strong><\/p>\n<p>\u201cSiyasetten y\u0131l\u0131p ke\u015fke hi\u00e7 bu i\u015flere girmeseydim dedi\u011finiz bir an oldu mu?\u201d sorusuna \u0130mamo\u011flu \u201cY\u0131lmad\u0131m, genellikle y\u0131ld\u0131rd\u0131m. Allah izin ederse de millet lehine y\u0131ld\u0131rmaya devam edece\u011fim\u201d \u015feklinde yan\u0131t verdi.<\/p>\n<p>\u201c\u0130stanbul\u2019da \u015fu projeyi veya hizmeti yapamad\u0131m. Ke\u015fke yapabilseydim dedi\u011finiz bir \u015fey var m\u0131?\u201d sorusu \u00fczerine de \u0130mamo\u011flu \u201cBiraz y\u00fcz\u00fc hizmete d\u00f6n\u00fck h\u00fck\u00fcmetle \u00e7al\u0131\u015f\u0131yor olsayd\u0131k 2.5 y\u0131l \u00f6nce Beylikd\u00fcz\u00fc metrosunun temelini atabilirdik. Avc\u0131lar, Esenyurt, B\u00fcy\u00fck\u00e7ekmece hatt\u0131n\u0131 ilgilendiren 2,5 milyona yak\u0131n insana gidecek olan yat\u0131r\u0131m i\u00e7in bir imzay\u0131 esirgiyorlar. Ama a\u015faca\u011f\u0131z in\u015fallah, y\u0131ld\u0131rmak i\u00e7in u\u011fra\u015f\u0131yoruz\u201d dedi.<\/p>\n<p><strong>\u201cHUKUKLA HESAP SORMAK \u0130\u00c7\u0130N L\u0130STE TUTUYORUM\u201d<\/strong><\/p>\n<p>\u0130mamo\u011flu \u201cG\u00fcn\u00fcn birinde intikam almay\u0131 d\u00fc\u015f\u00fcnd\u00fc\u011f\u00fcn\u00fcz ki\u015filerden olu\u015fan bir kara listeniz var m\u0131?\u201d sorusu \u00fczerine de \u201cAllah\u2019a \u015f\u00fck\u00fcr kindar de\u011filim. \u00c7\u00fcnk\u00fc biriyle e\u011fer bir hesab\u0131m varsa onun y\u00fcz\u00fcne s\u00f6ylemekten hi\u00e7 \u00e7ekinmedim. Zaten \u00a0kin duymak, intikam almak k\u00f6t\u00fc bir duygu. \u00d6yle bir ki\u015fisel hakk\u0131m oldu\u011funu da d\u00fc\u015f\u00fcnm\u00fcyorum. Bunun ba\u015fka yollar\u0131 var. Hukuka ba\u015fvurursunuz vesaire\u2026 Ama tabii hukukun ve adaletin ger\u00e7ek anlamda tesis edildi\u011fi g\u00fcne kadar hukukla hesap sormak i\u00e7in liste tutuyorum\u201d dedi.<\/p>\n<p><strong>\u201cSE\u00c7K\u0130NLER KUL\u00dcB\u00dc DE\u011e\u0130L HAK ETT\u0130LER\u201d<\/strong><\/p>\n<p>\u0130mamo\u011flu \u0130BB&#8217;nin a\u00e7t\u0131\u011f\u0131 yurtlarla ilgi soru \u00fczerine de bu y\u0131l \u00f6\u011frenci kapasitesinin 5 bine ula\u015faca\u011f\u0131n\u0131 belirterek \u201c\u0130BB ge\u00e7mi\u015f d\u00f6nem se\u00e7ilmi\u015f bir \u00f6\u011frenciye yurt d\u0131\u015f\u0131na gitsin diye 100 bin dolar verdi. Biz 75 bin \u00f6\u011frenciye burs vermeyi, 5 bin gencimize yurt imkan\u0131 sa\u011flamay\u0131 ve bin 500 k\u0131z \u00f6\u011frenciye burs imkan\u0131 sa\u011flamay\u0131 tercih ediyor. Onlar bir \u00f6\u011frencinin pe\u015finden ko\u015fturup onu \u00a0yurt d\u0131\u015f\u0131na yollam\u0131\u015f, sonra onu milletvekili yapm\u0131\u015f ya da dan\u0131\u015fman yapm\u0131\u015f olabilirler. Ama biz buradaki y\u00fcz binlerce gencimizin aras\u0131ndan, Se\u00e7kinler Kul\u00fcb\u00fc de\u011fil ger\u00e7ekten hak ettikleri i\u00e7in elde ettikleri burslarla \u00fclkeyi de hak etti\u011fimiz \u015fekilde y\u00f6neteceklerine y\u00fcrekten inan\u0131yorum\u201d diye konu\u015ftu.<\/p>\n<p><strong>\u201cDE\u011e\u0130\u015e\u0130M ZAMANI\u201d<\/strong><\/p>\n<p>\u201cSiyaset neden profesyonel bir meslek olarak g\u00f6r\u00fcl\u00fcyor, koltu\u011fa oturan kalkm\u0131yor?\u201d sorusu \u00fczerine de \u0130mamo\u011flu \u015funlar\u0131 s\u00f6yledi:<\/p>\n<p>* \u201cSiyaset ba\u015fka bir mecraya oturmak zorunda.. Ben bir iddiayla siyasete dahil oldum. Ya\u015fad\u0131\u011f\u0131m beldedeki ya\u015fam\u0131 de\u011fi\u015ftirmek, insanlara yap\u0131lan bir k\u0131s\u0131m siyasi yetkileri \u00fczerinden zul\u00fcmlere son vermek gibi kendince ideallerim vard\u0131. \u00a0Ben siyaseti yar\u0131n b\u0131rakacakm\u0131\u015f gibi yap\u0131yorum. \u00c7\u00fcnk\u00fc siyasette yar\u0131n b\u0131rakacakm\u0131\u015f gibi yapt\u0131\u011f\u0131n\u0131z takdirde, sizin asl\u0131nda yetkinizin insanlarda oldu\u011funu, vatanda\u015fta oldu\u011funu, oy verirse devam\u0131 oy vermezse tamam bu kadar basit. Hele hele yeni neslin buna tahamm\u00fcl\u00fc yok.Onlar\u0131n zihinlerini, onlar\u0131n bak\u0131\u015f a\u00e7\u0131lar\u0131n\u0131 analiz etmeden gelece\u011fe bakamay\u0131z. Bu bak\u0131mdan bu hala bu devam ediyor ve can\u0131m\u0131z\u0131 s\u0131k\u0131yorsa art\u0131k bunun sona erme vakti gelmi\u015ftir diye d\u00fc\u015f\u00fcn\u00fcyorum. Mutlaka de\u011fi\u015fim zaman\u0131.\u201d<\/p>\n<p><strong>\u201c\u00dcLKEDE S\u0130YASET YAPACAK \u0130NSAN KALMAZ\u201d<\/strong><\/p>\n<p>\u2018Ahmak davas\u0131\u2019 ile ilgili soru \u00fczerine de \u0130mamo\u011flu \u201cSiyasetin yarg\u0131ya m\u00fcdahalesinin bu kadar somut bir \u00f6rne\u011fini bulamazs\u0131n\u0131z. Olmaz bu kadar diyece\u011finiz bir durum. \u00dclkede siyaset yapacak insan kalmaz. Ki bana s\u00f6yleneni iade ediyoruz yani. \u00a0Ve buradan ceza veriyorsunuz. Ben de diyorum ki; varsa mertli\u011finiz karde\u015fim, yarg\u0131ya m\u00fcdahale etmemin mert\u00e7e yar\u0131\u015fal\u0131m. \u00a0Meydan burada bekliyoruz\u201d dedi.<\/p>\n<p>\u0130mamo\u011flu, \u201cOlumsuz bir sonu\u00e7la kar\u015f\u0131la\u015f\u0131rsan\u0131z yolunuzu de\u011fi\u015ftirir misiniz\u201d sorusuna da \u201cSonuna kadar m\u00fccadele edece\u011fiz\u201d yan\u0131t\u0131n\u0131 verdi. \u015eenlik Zeynep Bast\u0131k konseri ile sona erdi.<\/p>\n","protected":false},"excerpt":{"rendered":"<p>\u0130BB Ba\u015fkan\u0131 Ekrem \u0130mamo\u011flu, Harbiye A\u00e7\u0131khava Tiyatrosu\u2019nda Demokrasi \u015eenli\u011fi\u2019nde oyuncu \u0130brahim Selim\u2019in sorular\u0131n\u0131 yan\u0131tlad\u0131. \u201cSiyasetten y\u0131l\u0131p ke\u015fke hi\u00e7 bu i\u015flere girmeseydim dedi\u011finiz bir an oldu mu?\u201d sorusuna \u0130mamo\u011flu \u201cY\u0131lmad\u0131m, genellikle y\u0131ld\u0131rd\u0131m. Allah izin ederse de millet lehine y\u0131ld\u0131rmaya devam edece\u011fim\u201d yan\u0131t\u0131n\u0131 verdi.<\/p>\n","protected":false},"author":1,"featured_media":104042,"comment_status":"closed","ping_status":"open","sticky":false,"template":"","format":"standard","meta":{"footnotes":""},"categories":[26],"tags":[40,97,500,4069,12796],"class_list":["post-104041","post","type-post","status-publish","format-standard","has-post-thumbnail","hentry","category-gundem","tag-baskani","tag-imamoglu","tag-insan","tag-siyaset","tag-sorusu"],"_links":{"self":[{"href":"https:\/\/haberulus.net\/index.php?rest_route=\/wp\/v2\/posts\/104041","targetHints":{"allow":["GET"]}}],"collection":[{"href":"https:\/\/haberulus.net\/index.php?rest_route=\/wp\/v2\/posts"}],"about":[{"href":"https:\/\/haberulus.net\/index.php?rest_route=\/wp\/v2\/types\/post"}],"author":[{"embeddable":true,"href":"https:\/\/haberulus.net\/index.php?rest_route=\/wp\/v2\/users\/1"}],"replies":[{"embeddable":true,"href":"https:\/\/haberulus.net\/index.php?rest_route=%2Fwp%2Fv2%2Fcomments&post=104041"}],"version-history":[{"count":1,"href":"https:\/\/haberulus.net\/index.php?rest_route=\/wp\/v2\/posts\/104041\/revisions"}],"predecessor-version":[{"id":104043,"href":"https:\/\/haberulus.net\/index.php?rest_route=\/wp\/v2\/posts\/104041\/revisions\/104043"}],"wp:featuredmedia":[{"embeddable":true,"href":"https:\/\/haberulus.net\/index.php?rest_route=\/wp\/v2\/media\/104042"}],"wp:attachment":[{"href":"https:\/\/haberulus.net\/index.php?rest_route=%2Fwp%2Fv2%2Fmedia&parent=104041"}],"wp:term":[{"taxonomy":"category","embeddable":true,"href":"https:\/\/haberulus.net\/index.php?rest_route=%2Fwp%2Fv2%2Fcategories&post=104041"},{"taxonomy":"post_tag","embeddable":true,"href":"https:\/\/haberulus.net\/index.php?rest_route=%2Fwp%2Fv2%2Ftags&post=104041"}],"curies":[{"name":"wp","href":"https:\/\/api.w.org\/{rel}","templated":true}]}}